{"id":10179,"date":"2020-07-16T01:12:49","date_gmt":"2020-07-16T00:12:49","guid":{"rendered":"https:\/\/citrothello.net\/blog\/?p=10179"},"modified":"2020-07-16T20:30:34","modified_gmt":"2020-07-16T19:30:34","slug":"mes-autos-avril-2020","status":"publish","type":"post","link":"https:\/\/citrothello.net\/blog\/mes-autos-avril-2020\/","title":{"rendered":"MA COLLECTION DE VOITURES EN JUILLET 2020."},"content":{"rendered":"<p align=\"justify\">MA COLLECTION DE VOITURES EN JUILLET 2020.<\/p>\n<p align=\"justify\">La derni\u00e8re fois que j&rsquo;avais r\u00e9unis mes autos, c&rsquo;\u00e9tait en 2019, un an auparavant. La collection n&rsquo;a pas \u00e9volu\u00e9e au niveau du nombre de voitures. Les petits changements concernent ma r\u00e9plique DS 19 cabriolet qui \u00e0 chang\u00e9e de couleur. Initialement en Bleue Royal, j&rsquo;ai opt\u00e9 pour le Blanc Carrare que j&rsquo;aime beaucoup. Puisqu&rsquo;en 2018, j&rsquo;ai fait repeindre ma DS 19 de 1967 de cette m\u00eame couleur. J&rsquo;avais h\u00e2te de mettre c\u00f4te \u00e0 c\u00f4te mes deux DS blanc Carrare.<\/p>\n<p align=\"justify\">Il y a aussi ma DS 23 IE Vert Argent\u00e9 que j&rsquo;essaie de munir de toutes les options possibles. Climatisation, chauffage arri\u00e8re \u00e9taient d\u00e9j\u00e0 pos\u00e9s. Mais j&rsquo;y ai rajout\u00e9 un tr\u00e8s rare toit ouvrant d&rsquo;\u00e9poque WEBASTO \u00e9lectrique. L&rsquo;occasion donc de les r\u00e9unir une nouvelle fois, avec en plus ma mini-moto Honda DAX de 1972.<\/p>\n<p align=\"justify\">A pr\u00e9sent, je trouve que j&rsquo;ai un peu trop de voitures, moi qui ai pour principe qu&rsquo;une auto doit rouler, j&rsquo;essaie de faire 3000 kilom\u00e8tres par auto et par an entre avril et octobre. Seule ma DSM faite pour l&rsquo;hivers roule plus, elle a d\u00e9j\u00e0 12000 kilom\u00e8tres en moins de 2 ans. J&rsquo;ai pris la d\u00e9cision pas facile, de me s\u00e9parer d&rsquo;une auto.. En ayant une auto de moins, j&rsquo;arriverai mieux \u00e0 les g\u00e9rer, car il faut les entretenir toutes. Et surtout, ayant toujours des autos que je restaurent, je manque de place. Une en moins me permettrai de conserver toutes mes autos \u00e0 l&rsquo;abris chez moi.<\/p>\n<p align=\"justify\">Mon choix vraiment pas facile s&rsquo;est port\u00e9 sur ma DS 21 Prestige de 1968 (<a href=\"https:\/\/citrothello.net\/blog\/ds-21-prestige-1968-2017-2018-2\/\" target=\"_blank\" rel=\"noopener\">cliquez ici<\/a>)&#8230;&#8230;je ne suis pas oblig\u00e9 de m&rsquo;en s\u00e9parer, mais j&rsquo;aimerai \u00eatre un peu raisonnable. 7 autos (en plus\u00a0 ma C4 et Jumpy en plus), \u00e7a fait beaucoup. Je ne suis pas press\u00e9, et je verrai bien si ce genre de DS int\u00e9ressent des gens, n&rsquo;h\u00e9sitez pas \u00e0 me contacter.<\/p>\n<p align=\"justify\">Longue vie \u00e0 nos passions, que vos r\u00eaves se r\u00e9alisent.<\/p>\n<p align=\"justify\"><div class=\"flagallery photobox_skin\" id=\"FlaGallery_sc1_1288\" ><div class=\"flagPhotoBox_Container\"> <script type=\"text\/javascript\"> jQuery(function(){ var data = {\"thumbwidth\":\"120\",\"thumbheight\":\"68\",\"thumbsvpad\":\"18\",\"thumbshpad\":\"20\",\"history\":\"1\",\"time\":\"2000\",\"autoplay\":\"0\",\"loop\":\"0\",\"thumbs\":\"1\",\"title\":\"1\",\"counter\":\"1\",\"caption\":\"1\",\"zoomable\":\"1\",\"hideFlash\":\"1\",\"key\":\"8dd813621127091cf627a18ae62f6997\",\"name\":\"GRANDPackPlus\",\"ID\":\"sc1_1288\"}; data.content = [{\"id\":\"163133\",\"image\":\"https:\\\/\\\/citrothello.net\\\/blog\\\/images\\\/MES_VOITURES\\\/MES AUTOS\\\/MES AUTOS 2020 JUILLET ALL\\\/webview\\\/MES AUTOS JUILLET 2020 0001.jpg\",\"thumb\":\"https:\\\/\\\/citrothello.net\\\/blog\\\/images\\\/MES_VOITURES\\\/MES AUTOS\\\/MES AUTOS 2020 JUILLET ALL\\\/thumbs\\\/thumbs_MES AUTOS JUILLET 2020 0001.jpg\",\"title\":\"\",\"alt\":\"\",\"text\":\"\",\"media\":\"\",\"link\":null,\"linkTarget\":\"_self\"},{\"id\":\"163134\",\"image\":\"https:\\\/\\\/citrothello.net\\\/blog\\\/images\\\/MES_VOITURES\\\/MES AUTOS\\\/MES AUTOS 2020 JUILLET ALL\\\/webview\\\/MES AUTOS JUILLET 2020 0002.jpg\",\"thumb\":\"https:\\\/\\\/citrothello.net\\\/blog\\\/images\\\/MES_VOITURES\\\/MES AUTOS\\\/MES AUTOS 2020 JUILLET ALL\\\/thumbs\\\/thumbs_MES AUTOS JUILLET 2020 0002.jpg\",\"title\":\"\",\"alt\":\"\",\"text\":\"\",\"media\":\"\",\"link\":null,\"linkTarget\":\"_self\"},{\"id\":\"163135\",\"image\":\"https:\\\/\\\/citrothello.net\\\/blog\\\/images\\\/MES_VOITURES\\\/MES AUTOS\\\/MES AUTOS 2020 JUILLET ALL\\\/webview\\\/MES AUTOS JUILLET 2020 0003.jpg\",\"thumb\":\"https:\\\/\\\/citrothello.net\\\/blog\\\/images\\\/MES_VOITURES\\\/MES AUTOS\\\/MES AUTOS 2020 JUILLET ALL\\\/thumbs\\\/thumbs_MES AUTOS JUILLET 2020 0003.jpg\",\"title\":\"\",\"alt\":\"\",\"text\":\"\",\"media\":\"\",\"link\":null,\"linkTarget\":\"_self\"},{\"id\":\"163136\",\"image\":\"https:\\\/\\\/citrothello.net\\\/blog\\\/images\\\/MES_VOITURES\\\/MES AUTOS\\\/MES AUTOS 2020 JUILLET ALL\\\/webview\\\/MES AUTOS JUILLET 2020 0004.jpg\",\"thumb\":\"https:\\\/\\\/citrothello.net\\\/blog\\\/images\\\/MES_VOITURES\\\/MES AUTOS\\\/MES AUTOS 2020 JUILLET ALL\\\/thumbs\\\/thumbs_MES AUTOS JUILLET 2020 0004.jpg\",\"title\":\"\",\"alt\":\"\",\"text\":\"\",\"media\":\"\",\"link\":null,\"linkTarget\":\"_self\"},{\"id\":\"163137\",\"image\":\"https:\\\/\\\/citrothello.net\\\/blog\\\/images\\\/MES_VOITURES\\\/MES AUTOS\\\/MES AUTOS 2020 JUILLET ALL\\\/webview\\\/MES AUTOS JUILLET 2020 0005.jpg\",\"thumb\":\"https:\\\/\\\/citrothello.net\\\/blog\\\/images\\\/MES_VOITURES\\\/MES AUTOS\\\/MES AUTOS 2020 JUILLET ALL\\\/thumbs\\\/thumbs_MES AUTOS JUILLET 2020 0005.jpg\",\"title\":\"\",\"alt\":\"\",\"text\":\"\",\"media\":\"\",\"link\":null,\"linkTarget\":\"_self\"},{\"id\":\"163138\",\"image\":\"https:\\\/\\\/citrothello.net\\\/blog\\\/images\\\/MES_VOITURES\\\/MES AUTOS\\\/MES AUTOS 2020 JUILLET ALL\\\/webview\\\/MES AUTOS JUILLET 2020 0006.jpg\",\"thumb\":\"https:\\\/\\\/citrothello.net\\\/blog\\\/images\\\/MES_VOITURES\\\/MES AUTOS\\\/MES AUTOS 2020 JUILLET ALL\\\/thumbs\\\/thumbs_MES AUTOS JUILLET 2020 0006.jpg\",\"title\":\"\",\"alt\":\"\",\"text\":\"\",\"media\":\"\",\"link\":null,\"linkTarget\":\"_self\"},{\"id\":\"163139\",\"image\":\"https:\\\/\\\/citrothello.net\\\/blog\\\/images\\\/MES_VOITURES\\\/MES AUTOS\\\/MES AUTOS 2020 JUILLET ALL\\\/webview\\\/MES AUTOS JUILLET 2020 0007.jpg\",\"thumb\":\"https:\\\/\\\/citrothello.net\\\/blog\\\/images\\\/MES_VOITURES\\\/MES AUTOS\\\/MES AUTOS 2020 JUILLET ALL\\\/thumbs\\\/thumbs_MES AUTOS JUILLET 2020 0007.jpg\",\"title\":\"\",\"alt\":\"\",\"text\":\"\",\"media\":\"\",\"link\":null,\"linkTarget\":\"_self\"},{\"id\":\"163140\",\"image\":\"https:\\\/\\\/citrothello.net\\\/blog\\\/images\\\/MES_VOITURES\\\/MES AUTOS\\\/MES AUTOS 2020 JUILLET ALL\\\/webview\\\/MES AUTOS JUILLET 2020 0008.jpg\",\"thumb\":\"https:\\\/\\\/citrothello.net\\\/blog\\\/images\\\/MES_VOITURES\\\/MES AUTOS\\\/MES AUTOS 2020 JUILLET ALL\\\/thumbs\\\/thumbs_MES AUTOS JUILLET 2020 0008.jpg\",\"title\":\"\",\"alt\":\"\",\"text\":\"\",\"media\":\"\",\"link\":null,\"linkTarget\":\"_self\"},{\"id\":\"163141\",\"image\":\"https:\\\/\\\/citrothello.net\\\/blog\\\/images\\\/MES_VOITURES\\\/MES AUTOS\\\/MES AUTOS 2020 JUILLET ALL\\\/webview\\\/MES AUTOS JUILLET 2020 0009.jpg\",\"thumb\":\"https:\\\/\\\/citrothello.net\\\/blog\\\/images\\\/MES_VOITURES\\\/MES AUTOS\\\/MES AUTOS 2020 JUILLET ALL\\\/thumbs\\\/thumbs_MES AUTOS JUILLET 2020 0009.jpg\",\"title\":\"\",\"alt\":\"\",\"text\":\"\",\"media\":\"\",\"link\":null,\"linkTarget\":\"_self\"},{\"id\":\"163142\",\"image\":\"https:\\\/\\\/citrothello.net\\\/blog\\\/images\\\/MES_VOITURES\\\/MES AUTOS\\\/MES AUTOS 2020 JUILLET ALL\\\/webview\\\/MES AUTOS JUILLET 2020 0010.jpg\",\"thumb\":\"https:\\\/\\\/citrothello.net\\\/blog\\\/images\\\/MES_VOITURES\\\/MES AUTOS\\\/MES AUTOS 2020 JUILLET ALL\\\/thumbs\\\/thumbs_MES AUTOS JUILLET 2020 0010.jpg\",\"title\":\"\",\"alt\":\"\",\"text\":\"\",\"media\":\"\",\"link\":null,\"linkTarget\":\"_self\"},{\"id\":\"163143\",\"image\":\"https:\\\/\\\/citrothello.net\\\/blog\\\/images\\\/MES_VOITURES\\\/MES AUTOS\\\/MES AUTOS 2020 JUILLET ALL\\\/webview\\\/MES AUTOS JUILLET 2020 0011.jpg\",\"thumb\":\"https:\\\/\\\/citrothello.net\\\/blog\\\/images\\\/MES_VOITURES\\\/MES AUTOS\\\/MES AUTOS 2020 JUILLET ALL\\\/thumbs\\\/thumbs_MES AUTOS JUILLET 2020 0011.jpg\",\"title\":\"\",\"alt\":\"\",\"text\":\"\",\"media\":\"\",\"link\":null,\"linkTarget\":\"_self\"},{\"id\":\"163144\",\"image\":\"https:\\\/\\\/citrothello.net\\\/blog\\\/images\\\/MES_VOITURES\\\/MES AUTOS\\\/MES AUTOS 2020 JUILLET ALL\\\/webview\\\/MES AUTOS JUILLET 2020 0012.jpg\",\"thumb\":\"https:\\\/\\\/citrothello.net\\\/blog\\\/images\\\/MES_VOITURES\\\/MES AUTOS\\\/MES AUTOS 2020 JUILLET ALL\\\/thumbs\\\/thumbs_MES AUTOS JUILLET 2020 0012.jpg\",\"title\":\"\",\"alt\":\"\",\"text\":\"\",\"media\":\"\",\"link\":null,\"linkTarget\":\"_self\"},{\"id\":\"163145\",\"image\":\"https:\\\/\\\/citrothello.net\\\/blog\\\/images\\\/MES_VOITURES\\\/MES AUTOS\\\/MES AUTOS 2020 JUILLET ALL\\\/webview\\\/MES AUTOS JUILLET 2020 0013.jpg\",\"thumb\":\"https:\\\/\\\/citrothello.net\\\/blog\\\/images\\\/MES_VOITURES\\\/MES AUTOS\\\/MES AUTOS 2020 JUILLET ALL\\\/thumbs\\\/thumbs_MES AUTOS JUILLET 2020 0013.jpg\",\"title\":\"\",\"alt\":\"\",\"text\":\"\",\"media\":\"\",\"link\":null,\"linkTarget\":\"_self\"},{\"id\":\"163146\",\"image\":\"https:\\\/\\\/citrothello.net\\\/blog\\\/images\\\/MES_VOITURES\\\/MES AUTOS\\\/MES AUTOS 2020 JUILLET ALL\\\/webview\\\/MES AUTOS JUILLET 2020 0014.jpg\",\"thumb\":\"https:\\\/\\\/citrothello.net\\\/blog\\\/images\\\/MES_VOITURES\\\/MES AUTOS\\\/MES AUTOS 2020 JUILLET ALL\\\/thumbs\\\/thumbs_MES AUTOS JUILLET 2020 0014.jpg\",\"title\":\"\",\"alt\":\"\",\"text\":\"\",\"media\":\"\",\"link\":null,\"linkTarget\":\"_self\"},{\"id\":\"163147\",\"image\":\"https:\\\/\\\/citrothello.net\\\/blog\\\/images\\\/MES_VOITURES\\\/MES AUTOS\\\/MES AUTOS 2020 JUILLET ALL\\\/webview\\\/MES AUTOS JUILLET 2020 0015.jpg\",\"thumb\":\"https:\\\/\\\/citrothello.net\\\/blog\\\/images\\\/MES_VOITURES\\\/MES AUTOS\\\/MES AUTOS 2020 JUILLET ALL\\\/thumbs\\\/thumbs_MES AUTOS JUILLET 2020 0015.jpg\",\"title\":\"\",\"alt\":\"\",\"text\":\"\",\"media\":\"\",\"link\":null,\"linkTarget\":\"_self\"},{\"id\":\"163148\",\"image\":\"https:\\\/\\\/citrothello.net\\\/blog\\\/images\\\/MES_VOITURES\\\/MES AUTOS\\\/MES AUTOS 2020 JUILLET ALL\\\/webview\\\/MES AUTOS JUILLET 2020 0016.jpg\",\"thumb\":\"https:\\\/\\\/citrothello.net\\\/blog\\\/images\\\/MES_VOITURES\\\/MES AUTOS\\\/MES AUTOS 2020 JUILLET ALL\\\/thumbs\\\/thumbs_MES AUTOS JUILLET 2020 0016.jpg\",\"title\":\"\",\"alt\":\"\",\"text\":\"\",\"media\":\"\",\"link\":null,\"linkTarget\":\"_self\"},{\"id\":\"163149\",\"image\":\"https:\\\/\\\/citrothello.net\\\/blog\\\/images\\\/MES_VOITURES\\\/MES AUTOS\\\/MES AUTOS 2020 JUILLET ALL\\\/webview\\\/MES AUTOS JUILLET 2020 0017.jpg\",\"thumb\":\"https:\\\/\\\/citrothello.net\\\/blog\\\/images\\\/MES_VOITURES\\\/MES AUTOS\\\/MES AUTOS 2020 JUILLET ALL\\\/thumbs\\\/thumbs_MES AUTOS JUILLET 2020 0017.jpg\",\"title\":\"\",\"alt\":\"\",\"text\":\"\",\"media\":\"\",\"link\":null,\"linkTarget\":\"_self\"},{\"id\":\"163150\",\"image\":\"https:\\\/\\\/citrothello.net\\\/blog\\\/images\\\/MES_VOITURES\\\/MES AUTOS\\\/MES AUTOS 2020 JUILLET ALL\\\/webview\\\/MES AUTOS JUILLET 2020 0018.jpg\",\"thumb\":\"https:\\\/\\\/citrothello.net\\\/blog\\\/images\\\/MES_VOITURES\\\/MES AUTOS\\\/MES AUTOS 2020 JUILLET ALL\\\/thumbs\\\/thumbs_MES AUTOS JUILLET 2020 0018.jpg\",\"title\":\"\",\"alt\":\"\",\"text\":\"\",\"media\":\"\",\"link\":null,\"linkTarget\":\"_self\"},{\"id\":\"163151\",\"image\":\"https:\\\/\\\/citrothello.net\\\/blog\\\/images\\\/MES_VOITURES\\\/MES AUTOS\\\/MES AUTOS 2020 JUILLET ALL\\\/webview\\\/MES AUTOS JUILLET 2020 0019.jpg\",\"thumb\":\"https:\\\/\\\/citrothello.net\\\/blog\\\/images\\\/MES_VOITURES\\\/MES AUTOS\\\/MES AUTOS 2020 JUILLET ALL\\\/thumbs\\\/thumbs_MES AUTOS JUILLET 2020 0019.jpg\",\"title\":\"\",\"alt\":\"\",\"text\":\"\",\"media\":\"\",\"link\":null,\"linkTarget\":\"_self\"},{\"id\":\"163152\",\"image\":\"https:\\\/\\\/citrothello.net\\\/blog\\\/images\\\/MES_VOITURES\\\/MES AUTOS\\\/MES AUTOS 2020 JUILLET ALL\\\/webview\\\/MES AUTOS JUILLET 2020 0020.jpg\",\"thumb\":\"https:\\\/\\\/citrothello.net\\\/blog\\\/images\\\/MES_VOITURES\\\/MES AUTOS\\\/MES AUTOS 2020 JUILLET ALL\\\/thumbs\\\/thumbs_MES AUTOS JUILLET 2020 0020.jpg\",\"title\":\"\",\"alt\":\"\",\"text\":\"\",\"media\":\"\",\"link\":null,\"linkTarget\":\"_self\"},{\"id\":\"163153\",\"image\":\"https:\\\/\\\/citrothello.net\\\/blog\\\/images\\\/MES_VOITURES\\\/MES AUTOS\\\/MES AUTOS 2020 JUILLET ALL\\\/webview\\\/MES AUTOS JUILLET 2020 0021.jpg\",\"thumb\":\"https:\\\/\\\/citrothello.net\\\/blog\\\/images\\\/MES_VOITURES\\\/MES AUTOS\\\/MES AUTOS 2020 JUILLET ALL\\\/thumbs\\\/thumbs_MES AUTOS JUILLET 2020 0021.jpg\",\"title\":\"\",\"alt\":\"\",\"text\":\"\",\"media\":\"\",\"link\":null,\"linkTarget\":\"_self\"},{\"id\":\"163154\",\"image\":\"https:\\\/\\\/citrothello.net\\\/blog\\\/images\\\/MES_VOITURES\\\/MES AUTOS\\\/MES AUTOS 2020 JUILLET ALL\\\/webview\\\/MES AUTOS JUILLET 2020 0022.jpg\",\"thumb\":\"https:\\\/\\\/citrothello.net\\\/blog\\\/images\\\/MES_VOITURES\\\/MES AUTOS\\\/MES AUTOS 2020 JUILLET ALL\\\/thumbs\\\/thumbs_MES AUTOS JUILLET 2020 0022.jpg\",\"title\":\"\",\"alt\":\"\",\"text\":\"\",\"media\":\"\",\"link\":null,\"linkTarget\":\"_self\"},{\"id\":\"163155\",\"image\":\"https:\\\/\\\/citrothello.net\\\/blog\\\/images\\\/MES_VOITURES\\\/MES AUTOS\\\/MES AUTOS 2020 JUILLET ALL\\\/webview\\\/MES AUTOS JUILLET 2020 0023.jpg\",\"thumb\":\"https:\\\/\\\/citrothello.net\\\/blog\\\/images\\\/MES_VOITURES\\\/MES AUTOS\\\/MES AUTOS 2020 JUILLET ALL\\\/thumbs\\\/thumbs_MES AUTOS JUILLET 2020 0023.jpg\",\"title\":\"\",\"alt\":\"\",\"text\":\"\",\"media\":\"\",\"link\":null,\"linkTarget\":\"_self\"},{\"id\":\"163156\",\"image\":\"https:\\\/\\\/citrothello.net\\\/blog\\\/images\\\/MES_VOITURES\\\/MES AUTOS\\\/MES AUTOS 2020 JUILLET ALL\\\/webview\\\/MES AUTOS JUILLET 2020 0024.jpg\",\"thumb\":\"https:\\\/\\\/citrothello.net\\\/blog\\\/images\\\/MES_VOITURES\\\/MES AUTOS\\\/MES AUTOS 2020 JUILLET ALL\\\/thumbs\\\/thumbs_MES AUTOS JUILLET 2020 0024.jpg\",\"title\":\"\",\"alt\":\"\",\"text\":\"\",\"media\":\"\",\"link\":null,\"linkTarget\":\"_self\"},{\"id\":\"163157\",\"image\":\"https:\\\/\\\/citrothello.net\\\/blog\\\/images\\\/MES_VOITURES\\\/MES AUTOS\\\/MES AUTOS 2020 JUILLET ALL\\\/webview\\\/MES AUTOS JUILLET 2020 0025.jpg\",\"thumb\":\"https:\\\/\\\/citrothello.net\\\/blog\\\/images\\\/MES_VOITURES\\\/MES AUTOS\\\/MES AUTOS 2020 JUILLET ALL\\\/thumbs\\\/thumbs_MES AUTOS JUILLET 2020 0025.jpg\",\"title\":\"\",\"alt\":\"\",\"text\":\"\",\"media\":\"\",\"link\":null,\"linkTarget\":\"_self\"},{\"id\":\"163158\",\"image\":\"https:\\\/\\\/citrothello.net\\\/blog\\\/images\\\/MES_VOITURES\\\/MES AUTOS\\\/MES AUTOS 2020 JUILLET ALL\\\/webview\\\/MES AUTOS JUILLET 2020 0026.jpg\",\"thumb\":\"https:\\\/\\\/citrothello.net\\\/blog\\\/images\\\/MES_VOITURES\\\/MES AUTOS\\\/MES AUTOS 2020 JUILLET ALL\\\/thumbs\\\/thumbs_MES AUTOS JUILLET 2020 0026.jpg\",\"title\":\"\",\"alt\":\"\",\"text\":\"\",\"media\":\"\",\"link\":null,\"linkTarget\":\"_self\"},{\"id\":\"163159\",\"image\":\"https:\\\/\\\/citrothello.net\\\/blog\\\/images\\\/MES_VOITURES\\\/MES AUTOS\\\/MES AUTOS 2020 JUILLET ALL\\\/webview\\\/MES AUTOS JUILLET 2020 0027.jpg\",\"thumb\":\"https:\\\/\\\/citrothello.net\\\/blog\\\/images\\\/MES_VOITURES\\\/MES AUTOS\\\/MES AUTOS 2020 JUILLET ALL\\\/thumbs\\\/thumbs_MES AUTOS JUILLET 2020 0027.jpg\",\"title\":\"\",\"alt\":\"\",\"text\":\"\",\"media\":\"\",\"link\":null,\"linkTarget\":\"_self\"},{\"id\":\"163160\",\"image\":\"https:\\\/\\\/citrothello.net\\\/blog\\\/images\\\/MES_VOITURES\\\/MES AUTOS\\\/MES AUTOS 2020 JUILLET ALL\\\/webview\\\/MES AUTOS JUILLET 2020 0028.jpg\",\"thumb\":\"https:\\\/\\\/citrothello.net\\\/blog\\\/images\\\/MES_VOITURES\\\/MES AUTOS\\\/MES AUTOS 2020 JUILLET ALL\\\/thumbs\\\/thumbs_MES AUTOS JUILLET 2020 0028.jpg\",\"title\":\"\",\"alt\":\"\",\"text\":\"\",\"media\":\"\",\"link\":null,\"linkTarget\":\"_self\"},{\"id\":\"163161\",\"image\":\"https:\\\/\\\/citrothello.net\\\/blog\\\/images\\\/MES_VOITURES\\\/MES AUTOS\\\/MES AUTOS 2020 JUILLET ALL\\\/webview\\\/MES AUTOS JUILLET 2020 0029.jpg\",\"thumb\":\"https:\\\/\\\/citrothello.net\\\/blog\\\/images\\\/MES_VOITURES\\\/MES AUTOS\\\/MES AUTOS 2020 JUILLET ALL\\\/thumbs\\\/thumbs_MES AUTOS JUILLET 2020 0029.jpg\",\"title\":\"\",\"alt\":\"\",\"text\":\"\",\"media\":\"\",\"link\":null,\"linkTarget\":\"_self\"},{\"id\":\"163162\",\"image\":\"https:\\\/\\\/citrothello.net\\\/blog\\\/images\\\/MES_VOITURES\\\/MES AUTOS\\\/MES AUTOS 2020 JUILLET ALL\\\/webview\\\/MES AUTOS JUILLET 2020 0030.jpg\",\"thumb\":\"https:\\\/\\\/citrothello.net\\\/blog\\\/images\\\/MES_VOITURES\\\/MES AUTOS\\\/MES AUTOS 2020 JUILLET ALL\\\/thumbs\\\/thumbs_MES AUTOS JUILLET 2020 0030.jpg\",\"title\":\"\",\"alt\":\"\",\"text\":\"\",\"media\":\"\",\"link\":null,\"linkTarget\":\"_self\"},{\"id\":\"163163\",\"image\":\"https:\\\/\\\/citrothello.net\\\/blog\\\/images\\\/MES_VOITURES\\\/MES AUTOS\\\/MES AUTOS 2020 JUILLET ALL\\\/webview\\\/MES AUTOS JUILLET 2020 0031.jpg\",\"thumb\":\"https:\\\/\\\/citrothello.net\\\/blog\\\/images\\\/MES_VOITURES\\\/MES AUTOS\\\/MES AUTOS 2020 JUILLET ALL\\\/thumbs\\\/thumbs_MES AUTOS JUILLET 2020 0031.jpg\",\"title\":\"\",\"alt\":\"\",\"text\":\"\",\"media\":\"\",\"link\":null,\"linkTarget\":\"_self\"},{\"id\":\"163164\",\"image\":\"https:\\\/\\\/citrothello.net\\\/blog\\\/images\\\/MES_VOITURES\\\/MES AUTOS\\\/MES AUTOS 2020 JUILLET ALL\\\/webview\\\/MES AUTOS JUILLET 2020 0032.jpg\",\"thumb\":\"https:\\\/\\\/citrothello.net\\\/blog\\\/images\\\/MES_VOITURES\\\/MES AUTOS\\\/MES AUTOS 2020 JUILLET ALL\\\/thumbs\\\/thumbs_MES AUTOS JUILLET 2020 0032.jpg\",\"title\":\"\",\"alt\":\"\",\"text\":\"\",\"media\":\"\",\"link\":null,\"linkTarget\":\"_self\"},{\"id\":\"163165\",\"image\":\"https:\\\/\\\/citrothello.net\\\/blog\\\/images\\\/MES_VOITURES\\\/MES AUTOS\\\/MES AUTOS 2020 JUILLET ALL\\\/webview\\\/MES AUTOS JUILLET 2020 0033.jpg\",\"thumb\":\"https:\\\/\\\/citrothello.net\\\/blog\\\/images\\\/MES_VOITURES\\\/MES AUTOS\\\/MES AUTOS 2020 JUILLET ALL\\\/thumbs\\\/thumbs_MES AUTOS JUILLET 2020 0033.jpg\",\"title\":\"\",\"alt\":\"\",\"text\":\"\",\"media\":\"\",\"link\":null,\"linkTarget\":\"_self\"},{\"id\":\"163166\",\"image\":\"https:\\\/\\\/citrothello.net\\\/blog\\\/images\\\/MES_VOITURES\\\/MES AUTOS\\\/MES AUTOS 2020 JUILLET ALL\\\/webview\\\/MES AUTOS JUILLET 2020 0034.jpg\",\"thumb\":\"https:\\\/\\\/citrothello.net\\\/blog\\\/images\\\/MES_VOITURES\\\/MES AUTOS\\\/MES AUTOS 2020 JUILLET ALL\\\/thumbs\\\/thumbs_MES AUTOS JUILLET 2020 0034.jpg\",\"title\":\"\",\"alt\":\"\",\"text\":\"\",\"media\":\"\",\"link\":null,\"linkTarget\":\"_self\"},{\"id\":\"163167\",\"image\":\"https:\\\/\\\/citrothello.net\\\/blog\\\/images\\\/MES_VOITURES\\\/MES AUTOS\\\/MES AUTOS 2020 JUILLET ALL\\\/webview\\\/MES AUTOS JUILLET 2020 0035.jpg\",\"thumb\":\"https:\\\/\\\/citrothello.net\\\/blog\\\/images\\\/MES_VOITURES\\\/MES AUTOS\\\/MES AUTOS 2020 JUILLET ALL\\\/thumbs\\\/thumbs_MES AUTOS JUILLET 2020 0035.jpg\",\"title\":\"\",\"alt\":\"\",\"text\":\"\",\"media\":\"\",\"link\":null,\"linkTarget\":\"_self\"},{\"id\":\"163168\",\"image\":\"https:\\\/\\\/citrothello.net\\\/blog\\\/images\\\/MES_VOITURES\\\/MES AUTOS\\\/MES AUTOS 2020 JUILLET ALL\\\/webview\\\/MES AUTOS JUILLET 2020 0036.jpg\",\"thumb\":\"https:\\\/\\\/citrothello.net\\\/blog\\\/images\\\/MES_VOITURES\\\/MES AUTOS\\\/MES AUTOS 2020 JUILLET ALL\\\/thumbs\\\/thumbs_MES AUTOS JUILLET 2020 0036.jpg\",\"title\":\"\",\"alt\":\"\",\"text\":\"\",\"media\":\"\",\"link\":null,\"linkTarget\":\"_self\"},{\"id\":\"163169\",\"image\":\"https:\\\/\\\/citrothello.net\\\/blog\\\/images\\\/MES_VOITURES\\\/MES AUTOS\\\/MES AUTOS 2020 JUILLET ALL\\\/webview\\\/MES AUTOS JUILLET 2020 0037.jpg\",\"thumb\":\"https:\\\/\\\/citrothello.net\\\/blog\\\/images\\\/MES_VOITURES\\\/MES AUTOS\\\/MES AUTOS 2020 JUILLET ALL\\\/thumbs\\\/thumbs_MES AUTOS JUILLET 2020 0037.jpg\",\"title\":\"\",\"alt\":\"\",\"text\":\"\",\"media\":\"\",\"link\":null,\"linkTarget\":\"_self\"},{\"id\":\"163170\",\"image\":\"https:\\\/\\\/citrothello.net\\\/blog\\\/images\\\/MES_VOITURES\\\/MES AUTOS\\\/MES AUTOS 2020 JUILLET ALL\\\/webview\\\/MES AUTOS JUILLET 2020 0038.jpg\",\"thumb\":\"https:\\\/\\\/citrothello.net\\\/blog\\\/images\\\/MES_VOITURES\\\/MES AUTOS\\\/MES AUTOS 2020 JUILLET ALL\\\/thumbs\\\/thumbs_MES AUTOS JUILLET 2020 0038.jpg\",\"title\":\"\",\"alt\":\"\",\"text\":\"\",\"media\":\"\",\"link\":null,\"linkTarget\":\"_self\"},{\"id\":\"163171\",\"image\":\"https:\\\/\\\/citrothello.net\\\/blog\\\/images\\\/MES_VOITURES\\\/MES AUTOS\\\/MES AUTOS 2020 JUILLET ALL\\\/webview\\\/MES AUTOS JUILLET 2020 0039.jpg\",\"thumb\":\"https:\\\/\\\/citrothello.net\\\/blog\\\/images\\\/MES_VOITURES\\\/MES AUTOS\\\/MES AUTOS 2020 JUILLET ALL\\\/thumbs\\\/thumbs_MES AUTOS JUILLET 2020 0039.jpg\",\"title\":\"\",\"alt\":\"\",\"text\":\"\",\"media\":\"\",\"link\":null,\"linkTarget\":\"_self\"},{\"id\":\"163172\",\"image\":\"https:\\\/\\\/citrothello.net\\\/blog\\\/images\\\/MES_VOITURES\\\/MES AUTOS\\\/MES AUTOS 2020 JUILLET ALL\\\/webview\\\/MES AUTOS JUILLET 2020 0040.jpg\",\"thumb\":\"https:\\\/\\\/citrothello.net\\\/blog\\\/images\\\/MES_VOITURES\\\/MES AUTOS\\\/MES AUTOS 2020 JUILLET ALL\\\/thumbs\\\/thumbs_MES AUTOS JUILLET 2020 0040.jpg\",\"title\":\"\",\"alt\":\"\",\"text\":\"\",\"media\":\"\",\"link\":null,\"linkTarget\":\"_self\"},{\"id\":\"163173\",\"image\":\"https:\\\/\\\/citrothello.net\\\/blog\\\/images\\\/MES_VOITURES\\\/MES AUTOS\\\/MES AUTOS 2020 JUILLET ALL\\\/webview\\\/MES AUTOS JUILLET 2020 0041.jpg\",\"thumb\":\"https:\\\/\\\/citrothello.net\\\/blog\\\/images\\\/MES_VOITURES\\\/MES AUTOS\\\/MES AUTOS 2020 JUILLET ALL\\\/thumbs\\\/thumbs_MES AUTOS JUILLET 2020 0041.jpg\",\"title\":\"\",\"alt\":\"\",\"text\":\"\",\"media\":\"\",\"link\":null,\"linkTarget\":\"_self\"},{\"id\":\"163174\",\"image\":\"https:\\\/\\\/citrothello.net\\\/blog\\\/images\\\/MES_VOITURES\\\/MES AUTOS\\\/MES AUTOS 2020 JUILLET ALL\\\/webview\\\/MES AUTOS JUILLET 2020 0042.jpg\",\"thumb\":\"https:\\\/\\\/citrothello.net\\\/blog\\\/images\\\/MES_VOITURES\\\/MES AUTOS\\\/MES AUTOS 2020 JUILLET ALL\\\/thumbs\\\/thumbs_MES AUTOS JUILLET 2020 0042.jpg\",\"title\":\"\",\"alt\":\"\",\"text\":\"\",\"media\":\"\",\"link\":null,\"linkTarget\":\"_self\"},{\"id\":\"163175\",\"image\":\"https:\\\/\\\/citrothello.net\\\/blog\\\/images\\\/MES_VOITURES\\\/MES AUTOS\\\/MES AUTOS 2020 JUILLET ALL\\\/webview\\\/MES AUTOS JUILLET 2020 0043.jpg\",\"thumb\":\"https:\\\/\\\/citrothello.net\\\/blog\\\/images\\\/MES_VOITURES\\\/MES AUTOS\\\/MES AUTOS 2020 JUILLET ALL\\\/thumbs\\\/thumbs_MES AUTOS JUILLET 2020 0043.jpg\",\"title\":\"\",\"alt\":\"\",\"text\":\"\",\"media\":\"\",\"link\":null,\"linkTarget\":\"_self\"},{\"id\":\"163176\",\"image\":\"https:\\\/\\\/citrothello.net\\\/blog\\\/images\\\/MES_VOITURES\\\/MES AUTOS\\\/MES AUTOS 2020 JUILLET ALL\\\/webview\\\/MES AUTOS JUILLET 2020 0044.jpg\",\"thumb\":\"https:\\\/\\\/citrothello.net\\\/blog\\\/images\\\/MES_VOITURES\\\/MES AUTOS\\\/MES AUTOS 2020 JUILLET ALL\\\/thumbs\\\/thumbs_MES AUTOS JUILLET 2020 0044.jpg\",\"title\":\"\",\"alt\":\"\",\"text\":\"\",\"media\":\"\",\"link\":null,\"linkTarget\":\"_self\"},{\"id\":\"163177\",\"image\":\"https:\\\/\\\/citrothello.net\\\/blog\\\/images\\\/MES_VOITURES\\\/MES AUTOS\\\/MES AUTOS 2020 JUILLET ALL\\\/webview\\\/MES AUTOS JUILLET 2020 0045.jpg\",\"thumb\":\"https:\\\/\\\/citrothello.net\\\/blog\\\/images\\\/MES_VOITURES\\\/MES AUTOS\\\/MES AUTOS 2020 JUILLET ALL\\\/thumbs\\\/thumbs_MES AUTOS JUILLET 2020 0045.jpg\",\"title\":\"\",\"alt\":\"\",\"text\":\"\",\"media\":\"\",\"link\":null,\"linkTarget\":\"_self\"},{\"id\":\"163178\",\"image\":\"https:\\\/\\\/citrothello.net\\\/blog\\\/images\\\/MES_VOITURES\\\/MES AUTOS\\\/MES AUTOS 2020 JUILLET ALL\\\/webview\\\/MES AUTOS JUILLET 2020 0046.jpg\",\"thumb\":\"https:\\\/\\\/citrothello.net\\\/blog\\\/images\\\/MES_VOITURES\\\/MES AUTOS\\\/MES AUTOS 2020 JUILLET ALL\\\/thumbs\\\/thumbs_MES AUTOS JUILLET 2020 0046.jpg\",\"title\":\"\",\"alt\":\"\",\"text\":\"\",\"media\":\"\",\"link\":null,\"linkTarget\":\"_self\"},{\"id\":\"163179\",\"image\":\"https:\\\/\\\/citrothello.net\\\/blog\\\/images\\\/MES_VOITURES\\\/MES AUTOS\\\/MES AUTOS 2020 JUILLET ALL\\\/webview\\\/MES AUTOS JUILLET 2020 0047.jpg\",\"thumb\":\"https:\\\/\\\/citrothello.net\\\/blog\\\/images\\\/MES_VOITURES\\\/MES AUTOS\\\/MES AUTOS 2020 JUILLET ALL\\\/thumbs\\\/thumbs_MES AUTOS JUILLET 2020 0047.jpg\",\"title\":\"\",\"alt\":\"\",\"text\":\"\",\"media\":\"\",\"link\":null,\"linkTarget\":\"_self\"},{\"id\":\"163180\",\"image\":\"https:\\\/\\\/citrothello.net\\\/blog\\\/images\\\/MES_VOITURES\\\/MES AUTOS\\\/MES AUTOS 2020 JUILLET ALL\\\/webview\\\/MES AUTOS JUILLET 2020 0048.jpg\",\"thumb\":\"https:\\\/\\\/citrothello.net\\\/blog\\\/images\\\/MES_VOITURES\\\/MES AUTOS\\\/MES AUTOS 2020 JUILLET ALL\\\/thumbs\\\/thumbs_MES AUTOS JUILLET 2020 0048.jpg\",\"title\":\"\",\"alt\":\"\",\"text\":\"\",\"media\":\"\",\"link\":null,\"linkTarget\":\"_self\"},{\"id\":\"163181\",\"image\":\"https:\\\/\\\/citrothello.net\\\/blog\\\/images\\\/MES_VOITURES\\\/MES AUTOS\\\/MES AUTOS 2020 JUILLET ALL\\\/webview\\\/MES AUTOS JUILLET 2020 0049.jpg\",\"thumb\":\"https:\\\/\\\/citrothello.net\\\/blog\\\/images\\\/MES_VOITURES\\\/MES AUTOS\\\/MES AUTOS 2020 JUILLET ALL\\\/thumbs\\\/thumbs_MES AUTOS JUILLET 2020 0049.jpg\",\"title\":\"\",\"alt\":\"\",\"text\":\"\",\"media\":\"\",\"link\":null,\"linkTarget\":\"_self\"},{\"id\":\"163182\",\"image\":\"https:\\\/\\\/citrothello.net\\\/blog\\\/images\\\/MES_VOITURES\\\/MES AUTOS\\\/MES AUTOS 2020 JUILLET ALL\\\/webview\\\/MES AUTOS JUILLET 2020 0050.jpg\",\"thumb\":\"https:\\\/\\\/citrothello.net\\\/blog\\\/images\\\/MES_VOITURES\\\/MES AUTOS\\\/MES AUTOS 2020 JUILLET ALL\\\/thumbs\\\/thumbs_MES AUTOS JUILLET 2020 0050.jpg\",\"title\":\"\",\"alt\":\"\",\"text\":\"\",\"media\":\"\",\"link\":null,\"linkTarget\":\"_self\"},{\"id\":\"163183\",\"image\":\"https:\\\/\\\/citrothello.net\\\/blog\\\/images\\\/MES_VOITURES\\\/MES AUTOS\\\/MES AUTOS 2020 JUILLET ALL\\\/webview\\\/MES AUTOS JUILLET 2020 0051.jpg\",\"thumb\":\"https:\\\/\\\/citrothello.net\\\/blog\\\/images\\\/MES_VOITURES\\\/MES AUTOS\\\/MES AUTOS 2020 JUILLET ALL\\\/thumbs\\\/thumbs_MES AUTOS JUILLET 2020 0051.jpg\",\"title\":\"\",\"alt\":\"\",\"text\":\"\",\"media\":\"\",\"link\":null,\"linkTarget\":\"_self\"},{\"id\":\"163184\",\"image\":\"https:\\\/\\\/citrothello.net\\\/blog\\\/images\\\/MES_VOITURES\\\/MES AUTOS\\\/MES AUTOS 2020 JUILLET ALL\\\/webview\\\/MES AUTOS JUILLET 2020 0052.jpg\",\"thumb\":\"https:\\\/\\\/citrothello.net\\\/blog\\\/images\\\/MES_VOITURES\\\/MES AUTOS\\\/MES AUTOS 2020 JUILLET ALL\\\/thumbs\\\/thumbs_MES AUTOS JUILLET 2020 0052.jpg\",\"title\":\"\",\"alt\":\"\",\"text\":\"\",\"media\":\"\",\"link\":null,\"linkTarget\":\"_self\"},{\"id\":\"163185\",\"image\":\"https:\\\/\\\/citrothello.net\\\/blog\\\/images\\\/MES_VOITURES\\\/MES AUTOS\\\/MES AUTOS 2020 JUILLET ALL\\\/webview\\\/MES AUTOS JUILLET 2020 0053.jpg\",\"thumb\":\"https:\\\/\\\/citrothello.net\\\/blog\\\/images\\\/MES_VOITURES\\\/MES AUTOS\\\/MES AUTOS 2020 JUILLET ALL\\\/thumbs\\\/thumbs_MES AUTOS JUILLET 2020 0053.jpg\",\"title\":\"\",\"alt\":\"\",\"text\":\"\",\"media\":\"\",\"link\":null,\"linkTarget\":\"_self\"},{\"id\":\"163186\",\"image\":\"https:\\\/\\\/citrothello.net\\\/blog\\\/images\\\/MES_VOITURES\\\/MES AUTOS\\\/MES AUTOS 2020 JUILLET ALL\\\/webview\\\/MES AUTOS JUILLET 2020 0054.jpg\",\"thumb\":\"https:\\\/\\\/citrothello.net\\\/blog\\\/images\\\/MES_VOITURES\\\/MES AUTOS\\\/MES AUTOS 2020 JUILLET ALL\\\/thumbs\\\/thumbs_MES AUTOS JUILLET 2020 0054.jpg\",\"title\":\"\",\"alt\":\"\",\"text\":\"\",\"media\":\"\",\"link\":null,\"linkTarget\":\"_self\"},{\"id\":\"163187\",\"image\":\"https:\\\/\\\/citrothello.net\\\/blog\\\/images\\\/MES_VOITURES\\\/MES AUTOS\\\/MES AUTOS 2020 JUILLET ALL\\\/webview\\\/MES AUTOS JUILLET 2020 0055.jpg\",\"thumb\":\"https:\\\/\\\/citrothello.net\\\/blog\\\/images\\\/MES_VOITURES\\\/MES AUTOS\\\/MES AUTOS 2020 JUILLET ALL\\\/thumbs\\\/thumbs_MES AUTOS JUILLET 2020 0055.jpg\",\"title\":\"\",\"alt\":\"\",\"text\":\"\",\"media\":\"\",\"link\":null,\"linkTarget\":\"_self\"},{\"id\":\"163188\",\"image\":\"https:\\\/\\\/citrothello.net\\\/blog\\\/images\\\/MES_VOITURES\\\/MES AUTOS\\\/MES AUTOS 2020 JUILLET ALL\\\/webview\\\/MES AUTOS JUILLET 2020 0056.jpg\",\"thumb\":\"https:\\\/\\\/citrothello.net\\\/blog\\\/images\\\/MES_VOITURES\\\/MES AUTOS\\\/MES AUTOS 2020 JUILLET ALL\\\/thumbs\\\/thumbs_MES AUTOS JUILLET 2020 0056.jpg\",\"title\":\"\",\"alt\":\"\",\"text\":\"\",\"media\":\"\",\"link\":null,\"linkTarget\":\"_self\"},{\"id\":\"163189\",\"image\":\"https:\\\/\\\/citrothello.net\\\/blog\\\/images\\\/MES_VOITURES\\\/MES AUTOS\\\/MES AUTOS 2020 JUILLET ALL\\\/webview\\\/MES AUTOS JUILLET 2020 0057.jpg\",\"thumb\":\"https:\\\/\\\/citrothello.net\\\/blog\\\/images\\\/MES_VOITURES\\\/MES AUTOS\\\/MES AUTOS 2020 JUILLET ALL\\\/thumbs\\\/thumbs_MES AUTOS JUILLET 2020 0057.jpg\",\"title\":\"\",\"alt\":\"\",\"text\":\"\",\"media\":\"\",\"link\":null,\"linkTarget\":\"_self\"},{\"id\":\"163190\",\"image\":\"https:\\\/\\\/citrothello.net\\\/blog\\\/images\\\/MES_VOITURES\\\/MES AUTOS\\\/MES AUTOS 2020 JUILLET ALL\\\/webview\\\/MES AUTOS JUILLET 2020 0058.jpg\",\"thumb\":\"https:\\\/\\\/citrothello.net\\\/blog\\\/images\\\/MES_VOITURES\\\/MES AUTOS\\\/MES AUTOS 2020 JUILLET ALL\\\/thumbs\\\/thumbs_MES AUTOS JUILLET 2020 0058.jpg\",\"title\":\"\",\"alt\":\"\",\"text\":\"\",\"media\":\"\",\"link\":null,\"linkTarget\":\"_self\"},{\"id\":\"163191\",\"image\":\"https:\\\/\\\/citrothello.net\\\/blog\\\/images\\\/MES_VOITURES\\\/MES AUTOS\\\/MES AUTOS 2020 JUILLET ALL\\\/webview\\\/MES AUTOS JUILLET 2020 0059.jpg\",\"thumb\":\"https:\\\/\\\/citrothello.net\\\/blog\\\/images\\\/MES_VOITURES\\\/MES AUTOS\\\/MES AUTOS 2020 JUILLET ALL\\\/thumbs\\\/thumbs_MES AUTOS JUILLET 2020 0059.jpg\",\"title\":\"\",\"alt\":\"\",\"text\":\"\",\"media\":\"\",\"link\":null,\"linkTarget\":\"_self\"},{\"id\":\"163192\",\"image\":\"https:\\\/\\\/citrothello.net\\\/blog\\\/images\\\/MES_VOITURES\\\/MES AUTOS\\\/MES AUTOS 2020 JUILLET ALL\\\/webview\\\/MES AUTOS JUILLET 2020 0060.jpg\",\"thumb\":\"https:\\\/\\\/citrothello.net\\\/blog\\\/images\\\/MES_VOITURES\\\/MES AUTOS\\\/MES AUTOS 2020 JUILLET ALL\\\/thumbs\\\/thumbs_MES AUTOS JUILLET 2020 0060.jpg\",\"title\":\"\",\"alt\":\"\",\"text\":\"\",\"media\":\"\",\"link\":null,\"linkTarget\":\"_self\"},{\"id\":\"163193\",\"image\":\"https:\\\/\\\/citrothello.net\\\/blog\\\/images\\\/MES_VOITURES\\\/MES AUTOS\\\/MES AUTOS 2020 JUILLET ALL\\\/webview\\\/MES AUTOS JUILLET 2020 0061.jpg\",\"thumb\":\"https:\\\/\\\/citrothello.net\\\/blog\\\/images\\\/MES_VOITURES\\\/MES AUTOS\\\/MES AUTOS 2020 JUILLET ALL\\\/thumbs\\\/thumbs_MES AUTOS JUILLET 2020 0061.jpg\",\"title\":\"\",\"alt\":\"\",\"text\":\"\",\"media\":\"\",\"link\":null,\"linkTarget\":\"_self\"},{\"id\":\"163194\",\"image\":\"https:\\\/\\\/citrothello.net\\\/blog\\\/images\\\/MES_VOITURES\\\/MES AUTOS\\\/MES AUTOS 2020 JUILLET ALL\\\/webview\\\/MES AUTOS JUILLET 2020 0062.jpg\",\"thumb\":\"https:\\\/\\\/citrothello.net\\\/blog\\\/images\\\/MES_VOITURES\\\/MES AUTOS\\\/MES AUTOS 2020 JUILLET ALL\\\/thumbs\\\/thumbs_MES AUTOS JUILLET 2020 0062.jpg\",\"title\":\"\",\"alt\":\"\",\"text\":\"\",\"media\":\"\",\"link\":null,\"linkTarget\":\"_self\"},{\"id\":\"163195\",\"image\":\"https:\\\/\\\/citrothello.net\\\/blog\\\/images\\\/MES_VOITURES\\\/MES AUTOS\\\/MES AUTOS 2020 JUILLET ALL\\\/webview\\\/MES AUTOS JUILLET 2020 0063.jpg\",\"thumb\":\"https:\\\/\\\/citrothello.net\\\/blog\\\/images\\\/MES_VOITURES\\\/MES AUTOS\\\/MES AUTOS 2020 JUILLET ALL\\\/thumbs\\\/thumbs_MES AUTOS JUILLET 2020 0063.jpg\",\"title\":\"\",\"alt\":\"\",\"text\":\"\",\"media\":\"\",\"link\":null,\"linkTarget\":\"_self\"},{\"id\":\"163196\",\"image\":\"https:\\\/\\\/citrothello.net\\\/blog\\\/images\\\/MES_VOITURES\\\/MES AUTOS\\\/MES AUTOS 2020 JUILLET ALL\\\/webview\\\/MES AUTOS JUILLET 2020 0064.jpg\",\"thumb\":\"https:\\\/\\\/citrothello.net\\\/blog\\\/images\\\/MES_VOITURES\\\/MES AUTOS\\\/MES AUTOS 2020 JUILLET ALL\\\/thumbs\\\/thumbs_MES AUTOS JUILLET 2020 0064.jpg\",\"title\":\"\",\"alt\":\"\",\"text\":\"\",\"media\":\"\",\"link\":null,\"linkTarget\":\"_self\"},{\"id\":\"163197\",\"image\":\"https:\\\/\\\/citrothello.net\\\/blog\\\/images\\\/MES_VOITURES\\\/MES AUTOS\\\/MES AUTOS 2020 JUILLET ALL\\\/webview\\\/MES AUTOS JUILLET 2020 0065.jpg\",\"thumb\":\"https:\\\/\\\/citrothello.net\\\/blog\\\/images\\\/MES_VOITURES\\\/MES AUTOS\\\/MES AUTOS 2020 JUILLET ALL\\\/thumbs\\\/thumbs_MES AUTOS JUILLET 2020 0065.jpg\",\"title\":\"\",\"alt\":\"\",\"text\":\"\",\"media\":\"\",\"link\":null,\"linkTarget\":\"_self\"},{\"id\":\"163198\",\"image\":\"https:\\\/\\\/citrothello.net\\\/blog\\\/images\\\/MES_VOITURES\\\/MES AUTOS\\\/MES AUTOS 2020 JUILLET ALL\\\/webview\\\/MES AUTOS JUILLET 2020 0066.jpg\",\"thumb\":\"https:\\\/\\\/citrothello.net\\\/blog\\\/images\\\/MES_VOITURES\\\/MES AUTOS\\\/MES AUTOS 2020 JUILLET ALL\\\/thumbs\\\/thumbs_MES AUTOS JUILLET 2020 0066.jpg\",\"title\":\"\",\"alt\":\"\",\"text\":\"\",\"media\":\"\",\"link\":null,\"linkTarget\":\"_self\"},{\"id\":\"163199\",\"image\":\"https:\\\/\\\/citrothello.net\\\/blog\\\/images\\\/MES_VOITURES\\\/MES AUTOS\\\/MES AUTOS 2020 JUILLET ALL\\\/webview\\\/MES AUTOS JUILLET 2020 0067.jpg\",\"thumb\":\"https:\\\/\\\/citrothello.net\\\/blog\\\/images\\\/MES_VOITURES\\\/MES AUTOS\\\/MES AUTOS 2020 JUILLET ALL\\\/thumbs\\\/thumbs_MES AUTOS JUILLET 2020 0067.jpg\",\"title\":\"\",\"alt\":\"\",\"text\":\"\",\"media\":\"\",\"link\":null,\"linkTarget\":\"_self\"},{\"id\":\"163200\",\"image\":\"https:\\\/\\\/citrothello.net\\\/blog\\\/images\\\/MES_VOITURES\\\/MES AUTOS\\\/MES AUTOS 2020 JUILLET ALL\\\/webview\\\/MES AUTOS JUILLET 2020 0068.jpg\",\"thumb\":\"https:\\\/\\\/citrothello.net\\\/blog\\\/images\\\/MES_VOITURES\\\/MES AUTOS\\\/MES AUTOS 2020 JUILLET ALL\\\/thumbs\\\/thumbs_MES AUTOS JUILLET 2020 0068.jpg\",\"title\":\"\",\"alt\":\"\",\"text\":\"\",\"media\":\"\",\"link\":null,\"linkTarget\":\"_self\"},{\"id\":\"163201\",\"image\":\"https:\\\/\\\/citrothello.net\\\/blog\\\/images\\\/MES_VOITURES\\\/MES AUTOS\\\/MES AUTOS 2020 JUILLET ALL\\\/webview\\\/MES AUTOS JUILLET 2020 0069.jpg\",\"thumb\":\"https:\\\/\\\/citrothello.net\\\/blog\\\/images\\\/MES_VOITURES\\\/MES AUTOS\\\/MES AUTOS 2020 JUILLET ALL\\\/thumbs\\\/thumbs_MES AUTOS JUILLET 2020 0069.jpg\",\"title\":\"\",\"alt\":\"\",\"text\":\"\",\"media\":\"\",\"link\":null,\"linkTarget\":\"_self\"},{\"id\":\"163202\",\"image\":\"https:\\\/\\\/citrothello.net\\\/blog\\\/images\\\/MES_VOITURES\\\/MES AUTOS\\\/MES AUTOS 2020 JUILLET ALL\\\/webview\\\/MES AUTOS JUILLET 2020 0070.jpg\",\"thumb\":\"https:\\\/\\\/citrothello.net\\\/blog\\\/images\\\/MES_VOITURES\\\/MES AUTOS\\\/MES AUTOS 2020 JUILLET ALL\\\/thumbs\\\/thumbs_MES AUTOS JUILLET 2020 0070.jpg\",\"title\":\"\",\"alt\":\"\",\"text\":\"\",\"media\":\"\",\"link\":null,\"linkTarget\":\"_self\"},{\"id\":\"163203\",\"image\":\"https:\\\/\\\/citrothello.net\\\/blog\\\/images\\\/MES_VOITURES\\\/MES AUTOS\\\/MES AUTOS 2020 JUILLET ALL\\\/webview\\\/MES AUTOS JUILLET 2020 0071.jpg\",\"thumb\":\"https:\\\/\\\/citrothello.net\\\/blog\\\/images\\\/MES_VOITURES\\\/MES AUTOS\\\/MES AUTOS 2020 JUILLET ALL\\\/thumbs\\\/thumbs_MES AUTOS JUILLET 2020 0071.jpg\",\"title\":\"\",\"alt\":\"\",\"text\":\"\",\"media\":\"\",\"link\":null,\"linkTarget\":\"_self\"},{\"id\":\"163204\",\"image\":\"https:\\\/\\\/citrothello.net\\\/blog\\\/images\\\/MES_VOITURES\\\/MES AUTOS\\\/MES AUTOS 2020 JUILLET ALL\\\/webview\\\/MES AUTOS JUILLET 2020 0072.jpg\",\"thumb\":\"https:\\\/\\\/citrothello.net\\\/blog\\\/images\\\/MES_VOITURES\\\/MES AUTOS\\\/MES AUTOS 2020 JUILLET ALL\\\/thumbs\\\/thumbs_MES AUTOS JUILLET 2020 0072.jpg\",\"title\":\"\",\"alt\":\"\",\"text\":\"\",\"media\":\"\",\"link\":null,\"linkTarget\":\"_self\"},{\"id\":\"163205\",\"image\":\"https:\\\/\\\/citrothello.net\\\/blog\\\/images\\\/MES_VOITURES\\\/MES AUTOS\\\/MES AUTOS 2020 JUILLET ALL\\\/webview\\\/MES AUTOS JUILLET 2020 0073.jpg\",\"thumb\":\"https:\\\/\\\/citrothello.net\\\/blog\\\/images\\\/MES_VOITURES\\\/MES AUTOS\\\/MES AUTOS 2020 JUILLET ALL\\\/thumbs\\\/thumbs_MES AUTOS JUILLET 2020 0073.jpg\",\"title\":\"\",\"alt\":\"\",\"text\":\"\",\"media\":\"\",\"link\":null,\"linkTarget\":\"_self\"},{\"id\":\"163206\",\"image\":\"https:\\\/\\\/citrothello.net\\\/blog\\\/images\\\/MES_VOITURES\\\/MES AUTOS\\\/MES AUTOS 2020 JUILLET ALL\\\/webview\\\/MES AUTOS JUILLET 2020 0074.jpg\",\"thumb\":\"https:\\\/\\\/citrothello.net\\\/blog\\\/images\\\/MES_VOITURES\\\/MES AUTOS\\\/MES AUTOS 2020 JUILLET ALL\\\/thumbs\\\/thumbs_MES AUTOS JUILLET 2020 0074.jpg\",\"title\":\"\",\"alt\":\"\",\"text\":\"\",\"media\":\"\",\"link\":null,\"linkTarget\":\"_self\"},{\"id\":\"163207\",\"image\":\"https:\\\/\\\/citrothello.net\\\/blog\\\/images\\\/MES_VOITURES\\\/MES AUTOS\\\/MES AUTOS 2020 JUILLET ALL\\\/webview\\\/MES AUTOS JUILLET 2020 0075.jpg\",\"thumb\":\"https:\\\/\\\/citrothello.net\\\/blog\\\/images\\\/MES_VOITURES\\\/MES AUTOS\\\/MES AUTOS 2020 JUILLET ALL\\\/thumbs\\\/thumbs_MES AUTOS JUILLET 2020 0075.jpg\",\"title\":\"\",\"alt\":\"\",\"text\":\"\",\"media\":\"\",\"link\":null,\"linkTarget\":\"_self\"},{\"id\":\"163208\",\"image\":\"https:\\\/\\\/citrothello.net\\\/blog\\\/images\\\/MES_VOITURES\\\/MES AUTOS\\\/MES AUTOS 2020 JUILLET ALL\\\/webview\\\/MES AUTOS JUILLET 2020 0076.jpg\",\"thumb\":\"https:\\\/\\\/citrothello.net\\\/blog\\\/images\\\/MES_VOITURES\\\/MES AUTOS\\\/MES AUTOS 2020 JUILLET ALL\\\/thumbs\\\/thumbs_MES AUTOS JUILLET 2020 0076.jpg\",\"title\":\"\",\"alt\":\"\",\"text\":\"\",\"media\":\"\",\"link\":null,\"linkTarget\":\"_self\"},{\"id\":\"163209\",\"image\":\"https:\\\/\\\/citrothello.net\\\/blog\\\/images\\\/MES_VOITURES\\\/MES AUTOS\\\/MES AUTOS 2020 JUILLET ALL\\\/webview\\\/MES AUTOS JUILLET 2020 0077.jpg\",\"thumb\":\"https:\\\/\\\/citrothello.net\\\/blog\\\/images\\\/MES_VOITURES\\\/MES AUTOS\\\/MES AUTOS 2020 JUILLET ALL\\\/thumbs\\\/thumbs_MES AUTOS JUILLET 2020 0077.jpg\",\"title\":\"\",\"alt\":\"\",\"text\":\"\",\"media\":\"\",\"link\":null,\"linkTarget\":\"_self\"},{\"id\":\"163210\",\"image\":\"https:\\\/\\\/citrothello.net\\\/blog\\\/images\\\/MES_VOITURES\\\/MES AUTOS\\\/MES AUTOS 2020 JUILLET ALL\\\/webview\\\/MES AUTOS JUILLET 2020 0078.jpg\",\"thumb\":\"https:\\\/\\\/citrothello.net\\\/blog\\\/images\\\/MES_VOITURES\\\/MES AUTOS\\\/MES AUTOS 2020 JUILLET ALL\\\/thumbs\\\/thumbs_MES AUTOS JUILLET 2020 0078.jpg\",\"title\":\"\",\"alt\":\"\",\"text\":\"\",\"media\":\"\",\"link\":null,\"linkTarget\":\"_self\"},{\"id\":\"163211\",\"image\":\"https:\\\/\\\/citrothello.net\\\/blog\\\/images\\\/MES_VOITURES\\\/MES AUTOS\\\/MES AUTOS 2020 JUILLET ALL\\\/webview\\\/MES AUTOS JUILLET 2020 0079.jpg\",\"thumb\":\"https:\\\/\\\/citrothello.net\\\/blog\\\/images\\\/MES_VOITURES\\\/MES AUTOS\\\/MES AUTOS 2020 JUILLET ALL\\\/thumbs\\\/thumbs_MES AUTOS JUILLET 2020 0079.jpg\",\"title\":\"\",\"alt\":\"\",\"text\":\"\",\"media\":\"\",\"link\":null,\"linkTarget\":\"_self\"},{\"id\":\"163212\",\"image\":\"https:\\\/\\\/citrothello.net\\\/blog\\\/images\\\/MES_VOITURES\\\/MES AUTOS\\\/MES AUTOS 2020 JUILLET ALL\\\/webview\\\/MES AUTOS JUILLET 2020 0080.jpg\",\"thumb\":\"https:\\\/\\\/citrothello.net\\\/blog\\\/images\\\/MES_VOITURES\\\/MES AUTOS\\\/MES AUTOS 2020 JUILLET ALL\\\/thumbs\\\/thumbs_MES AUTOS JUILLET 2020 0080.jpg\",\"title\":\"\",\"alt\":\"\",\"text\":\"\",\"media\":\"\",\"link\":null,\"linkTarget\":\"_self\"},{\"id\":\"163213\",\"image\":\"https:\\\/\\\/citrothello.net\\\/blog\\\/images\\\/MES_VOITURES\\\/MES AUTOS\\\/MES AUTOS 2020 JUILLET ALL\\\/webview\\\/MES AUTOS JUILLET 2020 0081.jpg\",\"thumb\":\"https:\\\/\\\/citrothello.net\\\/blog\\\/images\\\/MES_VOITURES\\\/MES AUTOS\\\/MES AUTOS 2020 JUILLET ALL\\\/thumbs\\\/thumbs_MES AUTOS JUILLET 2020 0081.jpg\",\"title\":\"\",\"alt\":\"\",\"text\":\"\",\"media\":\"\",\"link\":null,\"linkTarget\":\"_self\"},{\"id\":\"163214\",\"image\":\"https:\\\/\\\/citrothello.net\\\/blog\\\/images\\\/MES_VOITURES\\\/MES AUTOS\\\/MES AUTOS 2020 JUILLET ALL\\\/webview\\\/MES AUTOS JUILLET 2020 0082.jpg\",\"thumb\":\"https:\\\/\\\/citrothello.net\\\/blog\\\/images\\\/MES_VOITURES\\\/MES AUTOS\\\/MES AUTOS 2020 JUILLET ALL\\\/thumbs\\\/thumbs_MES AUTOS JUILLET 2020 0082.jpg\",\"title\":\"\",\"alt\":\"\",\"text\":\"\",\"media\":\"\",\"link\":null,\"linkTarget\":\"_self\"},{\"id\":\"163215\",\"image\":\"https:\\\/\\\/citrothello.net\\\/blog\\\/images\\\/MES_VOITURES\\\/MES AUTOS\\\/MES AUTOS 2020 JUILLET ALL\\\/webview\\\/MES AUTOS JUILLET 2020 0083.jpg\",\"thumb\":\"https:\\\/\\\/citrothello.net\\\/blog\\\/images\\\/MES_VOITURES\\\/MES AUTOS\\\/MES AUTOS 2020 JUILLET ALL\\\/thumbs\\\/thumbs_MES AUTOS JUILLET 2020 0083.jpg\",\"title\":\"\",\"alt\":\"\",\"text\":\"\",\"media\":\"\",\"link\":null,\"linkTarget\":\"_self\"},{\"id\":\"163216\",\"image\":\"https:\\\/\\\/citrothello.net\\\/blog\\\/images\\\/MES_VOITURES\\\/MES AUTOS\\\/MES AUTOS 2020 JUILLET ALL\\\/webview\\\/MES AUTOS JUILLET 2020 0084.jpg\",\"thumb\":\"https:\\\/\\\/citrothello.net\\\/blog\\\/images\\\/MES_VOITURES\\\/MES AUTOS\\\/MES AUTOS 2020 JUILLET ALL\\\/thumbs\\\/thumbs_MES AUTOS JUILLET 2020 0084.jpg\",\"title\":\"\",\"alt\":\"\",\"text\":\"\",\"media\":\"\",\"link\":null,\"linkTarget\":\"_self\"},{\"id\":\"163217\",\"image\":\"https:\\\/\\\/citrothello.net\\\/blog\\\/images\\\/MES_VOITURES\\\/MES AUTOS\\\/MES AUTOS 2020 JUILLET ALL\\\/webview\\\/MES AUTOS JUILLET 2020 0085.jpg\",\"thumb\":\"https:\\\/\\\/citrothello.net\\\/blog\\\/images\\\/MES_VOITURES\\\/MES AUTOS\\\/MES AUTOS 2020 JUILLET ALL\\\/thumbs\\\/thumbs_MES AUTOS JUILLET 2020 0085.jpg\",\"title\":\"\",\"alt\":\"\",\"text\":\"\",\"media\":\"\",\"link\":null,\"linkTarget\":\"_self\"},{\"id\":\"163218\",\"image\":\"https:\\\/\\\/citrothello.net\\\/blog\\\/images\\\/MES_VOITURES\\\/MES AUTOS\\\/MES AUTOS 2020 JUILLET ALL\\\/webview\\\/MES AUTOS JUILLET 2020 0086.jpg\",\"thumb\":\"https:\\\/\\\/citrothello.net\\\/blog\\\/images\\\/MES_VOITURES\\\/MES AUTOS\\\/MES AUTOS 2020 JUILLET ALL\\\/thumbs\\\/thumbs_MES AUTOS JUILLET 2020 0086.jpg\",\"title\":\"\",\"alt\":\"\",\"text\":\"\",\"media\":\"\",\"link\":null,\"linkTarget\":\"_self\"},{\"id\":\"163219\",\"image\":\"https:\\\/\\\/citrothello.net\\\/blog\\\/images\\\/MES_VOITURES\\\/MES AUTOS\\\/MES AUTOS 2020 JUILLET ALL\\\/webview\\\/MES AUTOS JUILLET 2020 0087.jpg\",\"thumb\":\"https:\\\/\\\/citrothello.net\\\/blog\\\/images\\\/MES_VOITURES\\\/MES AUTOS\\\/MES AUTOS 2020 JUILLET ALL\\\/thumbs\\\/thumbs_MES AUTOS JUILLET 2020 0087.jpg\",\"title\":\"\",\"alt\":\"\",\"text\":\"\",\"media\":\"\",\"link\":null,\"linkTarget\":\"_self\"},{\"id\":\"163220\",\"image\":\"https:\\\/\\\/citrothello.net\\\/blog\\\/images\\\/MES_VOITURES\\\/MES AUTOS\\\/MES AUTOS 2020 JUILLET ALL\\\/webview\\\/MES AUTOS JUILLET 2020 0088.jpg\",\"thumb\":\"https:\\\/\\\/citrothello.net\\\/blog\\\/images\\\/MES_VOITURES\\\/MES AUTOS\\\/MES AUTOS 2020 JUILLET ALL\\\/thumbs\\\/thumbs_MES AUTOS JUILLET 2020 0088.jpg\",\"title\":\"\",\"alt\":\"\",\"text\":\"\",\"media\":\"\",\"link\":null,\"linkTarget\":\"_self\"},{\"id\":\"163221\",\"image\":\"https:\\\/\\\/citrothello.net\\\/blog\\\/images\\\/MES_VOITURES\\\/MES AUTOS\\\/MES AUTOS 2020 JUILLET ALL\\\/webview\\\/MES AUTOS JUILLET 2020 0089.jpg\",\"thumb\":\"https:\\\/\\\/citrothello.net\\\/blog\\\/images\\\/MES_VOITURES\\\/MES AUTOS\\\/MES AUTOS 2020 JUILLET ALL\\\/thumbs\\\/thumbs_MES AUTOS JUILLET 2020 0089.jpg\",\"title\":\"\",\"alt\":\"\",\"text\":\"\",\"media\":\"\",\"link\":null,\"linkTarget\":\"_self\"},{\"id\":\"163222\",\"image\":\"https:\\\/\\\/citrothello.net\\\/blog\\\/images\\\/MES_VOITURES\\\/MES AUTOS\\\/MES AUTOS 2020 JUILLET ALL\\\/webview\\\/MES AUTOS JUILLET 2020 0090.jpg\",\"thumb\":\"https:\\\/\\\/citrothello.net\\\/blog\\\/images\\\/MES_VOITURES\\\/MES AUTOS\\\/MES AUTOS 2020 JUILLET ALL\\\/thumbs\\\/thumbs_MES AUTOS JUILLET 2020 0090.jpg\",\"title\":\"\",\"alt\":\"\",\"text\":\"\",\"media\":\"\",\"link\":null,\"linkTarget\":\"_self\"},{\"id\":\"163223\",\"image\":\"https:\\\/\\\/citrothello.net\\\/blog\\\/images\\\/MES_VOITURES\\\/MES AUTOS\\\/MES AUTOS 2020 JUILLET ALL\\\/webview\\\/MES AUTOS JUILLET 2020 0091.jpg\",\"thumb\":\"https:\\\/\\\/citrothello.net\\\/blog\\\/images\\\/MES_VOITURES\\\/MES AUTOS\\\/MES AUTOS 2020 JUILLET ALL\\\/thumbs\\\/thumbs_MES AUTOS JUILLET 2020 0091.jpg\",\"title\":\"\",\"alt\":\"\",\"text\":\"\",\"media\":\"\",\"link\":null,\"linkTarget\":\"_self\"},{\"id\":\"163224\",\"image\":\"https:\\\/\\\/citrothello.net\\\/blog\\\/images\\\/MES_VOITURES\\\/MES AUTOS\\\/MES AUTOS 2020 JUILLET ALL\\\/webview\\\/MES AUTOS JUILLET 2020 0092.jpg\",\"thumb\":\"https:\\\/\\\/citrothello.net\\\/blog\\\/images\\\/MES_VOITURES\\\/MES AUTOS\\\/MES AUTOS 2020 JUILLET ALL\\\/thumbs\\\/thumbs_MES AUTOS JUILLET 2020 0092.jpg\",\"title\":\"\",\"alt\":\"\",\"text\":\"\",\"media\":\"\",\"link\":null,\"linkTarget\":\"_self\"},{\"id\":\"163225\",\"image\":\"https:\\\/\\\/citrothello.net\\\/blog\\\/images\\\/MES_VOITURES\\\/MES AUTOS\\\/MES AUTOS 2020 JUILLET ALL\\\/webview\\\/MES AUTOS JUILLET 2020 0093.jpg\",\"thumb\":\"https:\\\/\\\/citrothello.net\\\/blog\\\/images\\\/MES_VOITURES\\\/MES AUTOS\\\/MES AUTOS 2020 JUILLET ALL\\\/thumbs\\\/thumbs_MES AUTOS JUILLET 2020 0093.jpg\",\"title\":\"\",\"alt\":\"\",\"text\":\"\",\"media\":\"\",\"link\":null,\"linkTarget\":\"_self\"},{\"id\":\"163226\",\"image\":\"https:\\\/\\\/citrothello.net\\\/blog\\\/images\\\/MES_VOITURES\\\/MES AUTOS\\\/MES AUTOS 2020 JUILLET ALL\\\/webview\\\/MES AUTOS JUILLET 2020 0094.jpg\",\"thumb\":\"https:\\\/\\\/citrothello.net\\\/blog\\\/images\\\/MES_VOITURES\\\/MES AUTOS\\\/MES AUTOS 2020 JUILLET ALL\\\/thumbs\\\/thumbs_MES AUTOS JUILLET 2020 0094.jpg\",\"title\":\"\",\"alt\":\"\",\"text\":\"\",\"media\":\"\",\"link\":null,\"linkTarget\":\"_self\"},{\"id\":\"163227\",\"image\":\"https:\\\/\\\/citrothello.net\\\/blog\\\/images\\\/MES_VOITURES\\\/MES AUTOS\\\/MES AUTOS 2020 JUILLET ALL\\\/webview\\\/MES AUTOS JUILLET 2020 0095.jpg\",\"thumb\":\"https:\\\/\\\/citrothello.net\\\/blog\\\/images\\\/MES_VOITURES\\\/MES AUTOS\\\/MES AUTOS 2020 JUILLET ALL\\\/thumbs\\\/thumbs_MES AUTOS JUILLET 2020 0095.jpg\",\"title\":\"\",\"alt\":\"\",\"text\":\"\",\"media\":\"\",\"link\":null,\"linkTarget\":\"_self\"},{\"id\":\"163228\",\"image\":\"https:\\\/\\\/citrothello.net\\\/blog\\\/images\\\/MES_VOITURES\\\/MES AUTOS\\\/MES AUTOS 2020 JUILLET ALL\\\/webview\\\/MES AUTOS JUILLET 2020 0096.jpg\",\"thumb\":\"https:\\\/\\\/citrothello.net\\\/blog\\\/images\\\/MES_VOITURES\\\/MES AUTOS\\\/MES AUTOS 2020 JUILLET ALL\\\/thumbs\\\/thumbs_MES AUTOS JUILLET 2020 0096.jpg\",\"title\":\"\",\"alt\":\"\",\"text\":\"\",\"media\":\"\",\"link\":null,\"linkTarget\":\"_self\"},{\"id\":\"163229\",\"image\":\"https:\\\/\\\/citrothello.net\\\/blog\\\/images\\\/MES_VOITURES\\\/MES AUTOS\\\/MES AUTOS 2020 JUILLET ALL\\\/webview\\\/MES AUTOS JUILLET 2020 0097.jpg\",\"thumb\":\"https:\\\/\\\/citrothello.net\\\/blog\\\/images\\\/MES_VOITURES\\\/MES AUTOS\\\/MES AUTOS 2020 JUILLET ALL\\\/thumbs\\\/thumbs_MES AUTOS JUILLET 2020 0097.jpg\",\"title\":\"\",\"alt\":\"\",\"text\":\"\",\"media\":\"\",\"link\":null,\"linkTarget\":\"_self\"},{\"id\":\"163230\",\"image\":\"https:\\\/\\\/citrothello.net\\\/blog\\\/images\\\/MES_VOITURES\\\/MES AUTOS\\\/MES AUTOS 2020 JUILLET ALL\\\/webview\\\/MES AUTOS JUILLET 2020 0098.jpg\",\"thumb\":\"https:\\\/\\\/citrothello.net\\\/blog\\\/images\\\/MES_VOITURES\\\/MES AUTOS\\\/MES AUTOS 2020 JUILLET ALL\\\/thumbs\\\/thumbs_MES AUTOS JUILLET 2020 0098.jpg\",\"title\":\"\",\"alt\":\"\",\"text\":\"\",\"media\":\"\",\"link\":null,\"linkTarget\":\"_self\"},{\"id\":\"163231\",\"image\":\"https:\\\/\\\/citrothello.net\\\/blog\\\/images\\\/MES_VOITURES\\\/MES AUTOS\\\/MES AUTOS 2020 JUILLET ALL\\\/webview\\\/MES AUTOS JUILLET 2020 0099.jpg\",\"thumb\":\"https:\\\/\\\/citrothello.net\\\/blog\\\/images\\\/MES_VOITURES\\\/MES AUTOS\\\/MES AUTOS 2020 JUILLET ALL\\\/thumbs\\\/thumbs_MES AUTOS JUILLET 2020 0099.jpg\",\"title\":\"\",\"alt\":\"\",\"text\":\"\",\"media\":\"\",\"link\":null,\"linkTarget\":\"_self\"},{\"id\":\"163232\",\"image\":\"https:\\\/\\\/citrothello.net\\\/blog\\\/images\\\/MES_VOITURES\\\/MES AUTOS\\\/MES AUTOS 2020 JUILLET ALL\\\/webview\\\/MES AUTOS JUILLET 2020 0100.jpg\",\"thumb\":\"https:\\\/\\\/citrothello.net\\\/blog\\\/images\\\/MES_VOITURES\\\/MES AUTOS\\\/MES AUTOS 2020 JUILLET ALL\\\/thumbs\\\/thumbs_MES AUTOS JUILLET 2020 0100.jpg\",\"title\":\"\",\"alt\":\"\",\"text\":\"\",\"media\":\"\",\"link\":null,\"linkTarget\":\"_self\"},{\"id\":\"163233\",\"image\":\"https:\\\/\\\/citrothello.net\\\/blog\\\/images\\\/MES_VOITURES\\\/MES AUTOS\\\/MES AUTOS 2020 JUILLET ALL\\\/webview\\\/MES AUTOS JUILLET 2020 0101.jpg\",\"thumb\":\"https:\\\/\\\/citrothello.net\\\/blog\\\/images\\\/MES_VOITURES\\\/MES AUTOS\\\/MES AUTOS 2020 JUILLET ALL\\\/thumbs\\\/thumbs_MES AUTOS JUILLET 2020 0101.jpg\",\"title\":\"\",\"alt\":\"\",\"text\":\"\",\"media\":\"\",\"link\":null,\"linkTarget\":\"_self\"},{\"id\":\"163234\",\"image\":\"https:\\\/\\\/citrothello.net\\\/blog\\\/images\\\/MES_VOITURES\\\/MES AUTOS\\\/MES AUTOS 2020 JUILLET ALL\\\/webview\\\/MES AUTOS JUILLET 2020 0102.jpg\",\"thumb\":\"https:\\\/\\\/citrothello.net\\\/blog\\\/images\\\/MES_VOITURES\\\/MES AUTOS\\\/MES AUTOS 2020 JUILLET ALL\\\/thumbs\\\/thumbs_MES AUTOS JUILLET 2020 0102.jpg\",\"title\":\"\",\"alt\":\"\",\"text\":\"\",\"media\":\"\",\"link\":null,\"linkTarget\":\"_self\"},{\"id\":\"163235\",\"image\":\"https:\\\/\\\/citrothello.net\\\/blog\\\/images\\\/MES_VOITURES\\\/MES AUTOS\\\/MES AUTOS 2020 JUILLET ALL\\\/webview\\\/MES AUTOS JUILLET 2020 0103.jpg\",\"thumb\":\"https:\\\/\\\/citrothello.net\\\/blog\\\/images\\\/MES_VOITURES\\\/MES AUTOS\\\/MES AUTOS 2020 JUILLET ALL\\\/thumbs\\\/thumbs_MES AUTOS JUILLET 2020 0103.jpg\",\"title\":\"\",\"alt\":\"\",\"text\":\"\",\"media\":\"\",\"link\":null,\"linkTarget\":\"_self\"},{\"id\":\"163236\",\"image\":\"https:\\\/\\\/citrothello.net\\\/blog\\\/images\\\/MES_VOITURES\\\/MES AUTOS\\\/MES AUTOS 2020 JUILLET ALL\\\/webview\\\/MES AUTOS JUILLET 2020 0104.jpg\",\"thumb\":\"https:\\\/\\\/citrothello.net\\\/blog\\\/images\\\/MES_VOITURES\\\/MES AUTOS\\\/MES AUTOS 2020 JUILLET ALL\\\/thumbs\\\/thumbs_MES AUTOS JUILLET 2020 0104.jpg\",\"title\":\"\",\"alt\":\"\",\"text\":\"\",\"media\":\"\",\"link\":null,\"linkTarget\":\"_self\"},{\"id\":\"163237\",\"image\":\"https:\\\/\\\/citrothello.net\\\/blog\\\/images\\\/MES_VOITURES\\\/MES AUTOS\\\/MES AUTOS 2020 JUILLET ALL\\\/webview\\\/MES AUTOS JUILLET 2020 0105.jpg\",\"thumb\":\"https:\\\/\\\/citrothello.net\\\/blog\\\/images\\\/MES_VOITURES\\\/MES AUTOS\\\/MES AUTOS 2020 JUILLET ALL\\\/thumbs\\\/thumbs_MES AUTOS JUILLET 2020 0105.jpg\",\"title\":\"\",\"alt\":\"\",\"text\":\"\",\"media\":\"\",\"link\":null,\"linkTarget\":\"_self\"},{\"id\":\"163238\",\"image\":\"https:\\\/\\\/citrothello.net\\\/blog\\\/images\\\/MES_VOITURES\\\/MES AUTOS\\\/MES AUTOS 2020 JUILLET ALL\\\/webview\\\/MES AUTOS JUILLET 2020 0106.jpg\",\"thumb\":\"https:\\\/\\\/citrothello.net\\\/blog\\\/images\\\/MES_VOITURES\\\/MES AUTOS\\\/MES AUTOS 2020 JUILLET ALL\\\/thumbs\\\/thumbs_MES AUTOS JUILLET 2020 0106.jpg\",\"title\":\"\",\"alt\":\"\",\"text\":\"\",\"media\":\"\",\"link\":null,\"linkTarget\":\"_self\"},{\"id\":\"163239\",\"image\":\"https:\\\/\\\/citrothello.net\\\/blog\\\/images\\\/MES_VOITURES\\\/MES AUTOS\\\/MES AUTOS 2020 JUILLET ALL\\\/webview\\\/MES AUTOS JUILLET 2020 0107.jpg\",\"thumb\":\"https:\\\/\\\/citrothello.net\\\/blog\\\/images\\\/MES_VOITURES\\\/MES AUTOS\\\/MES AUTOS 2020 JUILLET ALL\\\/thumbs\\\/thumbs_MES AUTOS JUILLET 2020 0107.jpg\",\"title\":\"\",\"alt\":\"\",\"text\":\"\",\"media\":\"\",\"link\":null,\"linkTarget\":\"_self\"},{\"id\":\"163240\",\"image\":\"https:\\\/\\\/citrothello.net\\\/blog\\\/images\\\/MES_VOITURES\\\/MES AUTOS\\\/MES AUTOS 2020 JUILLET ALL\\\/webview\\\/MES AUTOS JUILLET 2020 0108.jpg\",\"thumb\":\"https:\\\/\\\/citrothello.net\\\/blog\\\/images\\\/MES_VOITURES\\\/MES AUTOS\\\/MES AUTOS 2020 JUILLET ALL\\\/thumbs\\\/thumbs_MES AUTOS JUILLET 2020 0108.jpg\",\"title\":\"\",\"alt\":\"\",\"text\":\"\",\"media\":\"\",\"link\":null,\"linkTarget\":\"_self\"},{\"id\":\"163241\",\"image\":\"https:\\\/\\\/citrothello.net\\\/blog\\\/images\\\/MES_VOITURES\\\/MES AUTOS\\\/MES AUTOS 2020 JUILLET ALL\\\/webview\\\/MES AUTOS JUILLET 2020 0109.jpg\",\"thumb\":\"https:\\\/\\\/citrothello.net\\\/blog\\\/images\\\/MES_VOITURES\\\/MES AUTOS\\\/MES AUTOS 2020 JUILLET ALL\\\/thumbs\\\/thumbs_MES AUTOS JUILLET 2020 0109.jpg\",\"title\":\"\",\"alt\":\"\",\"text\":\"\",\"media\":\"\",\"link\":null,\"linkTarget\":\"_self\"},{\"id\":\"163242\",\"image\":\"https:\\\/\\\/citrothello.net\\\/blog\\\/images\\\/MES_VOITURES\\\/MES AUTOS\\\/MES AUTOS 2020 JUILLET ALL\\\/webview\\\/MES AUTOS JUILLET 2020 0110.jpg\",\"thumb\":\"https:\\\/\\\/citrothello.net\\\/blog\\\/images\\\/MES_VOITURES\\\/MES AUTOS\\\/MES AUTOS 2020 JUILLET ALL\\\/thumbs\\\/thumbs_MES AUTOS JUILLET 2020 0110.jpg\",\"title\":\"\",\"alt\":\"\",\"text\":\"\",\"media\":\"\",\"link\":null,\"linkTarget\":\"_self\"},{\"id\":\"163243\",\"image\":\"https:\\\/\\\/citrothello.net\\\/blog\\\/images\\\/MES_VOITURES\\\/MES AUTOS\\\/MES AUTOS 2020 JUILLET ALL\\\/webview\\\/MES AUTOS JUILLET 2020 0111.jpg\",\"thumb\":\"https:\\\/\\\/citrothello.net\\\/blog\\\/images\\\/MES_VOITURES\\\/MES AUTOS\\\/MES AUTOS 2020 JUILLET ALL\\\/thumbs\\\/thumbs_MES AUTOS JUILLET 2020 0111.jpg\",\"title\":\"\",\"alt\":\"\",\"text\":\"\",\"media\":\"\",\"link\":null,\"linkTarget\":\"_self\"},{\"id\":\"163244\",\"image\":\"https:\\\/\\\/citrothello.net\\\/blog\\\/images\\\/MES_VOITURES\\\/MES AUTOS\\\/MES AUTOS 2020 JUILLET ALL\\\/webview\\\/MES AUTOS JUILLET 2020 0112.jpg\",\"thumb\":\"https:\\\/\\\/citrothello.net\\\/blog\\\/images\\\/MES_VOITURES\\\/MES AUTOS\\\/MES AUTOS 2020 JUILLET ALL\\\/thumbs\\\/thumbs_MES AUTOS JUILLET 2020 0112.jpg\",\"title\":\"\",\"alt\":\"\",\"text\":\"\",\"media\":\"\",\"link\":null,\"linkTarget\":\"_self\"},{\"id\":\"163245\",\"image\":\"https:\\\/\\\/citrothello.net\\\/blog\\\/images\\\/MES_VOITURES\\\/MES AUTOS\\\/MES AUTOS 2020 JUILLET ALL\\\/webview\\\/MES AUTOS JUILLET 2020 0113.jpg\",\"thumb\":\"https:\\\/\\\/citrothello.net\\\/blog\\\/images\\\/MES_VOITURES\\\/MES AUTOS\\\/MES AUTOS 2020 JUILLET ALL\\\/thumbs\\\/thumbs_MES AUTOS JUILLET 2020 0113.jpg\",\"title\":\"\",\"alt\":\"\",\"text\":\"\",\"media\":\"\",\"link\":null,\"linkTarget\":\"_self\"},{\"id\":\"163246\",\"image\":\"https:\\\/\\\/citrothello.net\\\/blog\\\/images\\\/MES_VOITURES\\\/MES AUTOS\\\/MES AUTOS 2020 JUILLET ALL\\\/webview\\\/MES AUTOS JUILLET 2020 0114.jpg\",\"thumb\":\"https:\\\/\\\/citrothello.net\\\/blog\\\/images\\\/MES_VOITURES\\\/MES AUTOS\\\/MES AUTOS 2020 JUILLET ALL\\\/thumbs\\\/thumbs_MES AUTOS JUILLET 2020 0114.jpg\",\"title\":\"\",\"alt\":\"\",\"text\":\"\",\"media\":\"\",\"link\":null,\"linkTarget\":\"_self\"},{\"id\":\"163247\",\"image\":\"https:\\\/\\\/citrothello.net\\\/blog\\\/images\\\/MES_VOITURES\\\/MES AUTOS\\\/MES AUTOS 2020 JUILLET ALL\\\/webview\\\/MES AUTOS JUILLET 2020 0115.jpg\",\"thumb\":\"https:\\\/\\\/citrothello.net\\\/blog\\\/images\\\/MES_VOITURES\\\/MES AUTOS\\\/MES AUTOS 2020 JUILLET ALL\\\/thumbs\\\/thumbs_MES AUTOS JUILLET 2020 0115.jpg\",\"title\":\"\",\"alt\":\"\",\"text\":\"\",\"media\":\"\",\"link\":null,\"linkTarget\":\"_self\"},{\"id\":\"163248\",\"image\":\"https:\\\/\\\/citrothello.net\\\/blog\\\/images\\\/MES_VOITURES\\\/MES AUTOS\\\/MES AUTOS 2020 JUILLET ALL\\\/webview\\\/MES AUTOS JUILLET 2020 0116.jpg\",\"thumb\":\"https:\\\/\\\/citrothello.net\\\/blog\\\/images\\\/MES_VOITURES\\\/MES AUTOS\\\/MES AUTOS 2020 JUILLET ALL\\\/thumbs\\\/thumbs_MES AUTOS JUILLET 2020 0116.jpg\",\"title\":\"\",\"alt\":\"\",\"text\":\"\",\"media\":\"\",\"link\":null,\"linkTarget\":\"_self\"},{\"id\":\"163249\",\"image\":\"https:\\\/\\\/citrothello.net\\\/blog\\\/images\\\/MES_VOITURES\\\/MES AUTOS\\\/MES AUTOS 2020 JUILLET ALL\\\/webview\\\/MES AUTOS JUILLET 2020 0117.jpg\",\"thumb\":\"https:\\\/\\\/citrothello.net\\\/blog\\\/images\\\/MES_VOITURES\\\/MES AUTOS\\\/MES AUTOS 2020 JUILLET ALL\\\/thumbs\\\/thumbs_MES AUTOS JUILLET 2020 0117.jpg\",\"title\":\"\",\"alt\":\"\",\"text\":\"\",\"media\":\"\",\"link\":null,\"linkTarget\":\"_self\"},{\"id\":\"163250\",\"image\":\"https:\\\/\\\/citrothello.net\\\/blog\\\/images\\\/MES_VOITURES\\\/MES AUTOS\\\/MES AUTOS 2020 JUILLET ALL\\\/webview\\\/MES AUTOS JUILLET 2020 0118.jpg\",\"thumb\":\"https:\\\/\\\/citrothello.net\\\/blog\\\/images\\\/MES_VOITURES\\\/MES AUTOS\\\/MES AUTOS 2020 JUILLET ALL\\\/thumbs\\\/thumbs_MES AUTOS JUILLET 2020 0118.jpg\",\"title\":\"\",\"alt\":\"\",\"text\":\"\",\"media\":\"\",\"link\":null,\"linkTarget\":\"_self\"},{\"id\":\"163251\",\"image\":\"https:\\\/\\\/citrothello.net\\\/blog\\\/images\\\/MES_VOITURES\\\/MES AUTOS\\\/MES AUTOS 2020 JUILLET ALL\\\/webview\\\/MES AUTOS JUILLET 2020 0119.jpg\",\"thumb\":\"https:\\\/\\\/citrothello.net\\\/blog\\\/images\\\/MES_VOITURES\\\/MES AUTOS\\\/MES AUTOS 2020 JUILLET ALL\\\/thumbs\\\/thumbs_MES AUTOS JUILLET 2020 0119.jpg\",\"title\":\"\",\"alt\":\"\",\"text\":\"\",\"media\":\"\",\"link\":null,\"linkTarget\":\"_self\"},{\"id\":\"163252\",\"image\":\"https:\\\/\\\/citrothello.net\\\/blog\\\/images\\\/MES_VOITURES\\\/MES AUTOS\\\/MES AUTOS 2020 JUILLET ALL\\\/webview\\\/MES AUTOS JUILLET 2020 0120.jpg\",\"thumb\":\"https:\\\/\\\/citrothello.net\\\/blog\\\/images\\\/MES_VOITURES\\\/MES AUTOS\\\/MES AUTOS 2020 JUILLET ALL\\\/thumbs\\\/thumbs_MES AUTOS JUILLET 2020 0120.jpg\",\"title\":\"\",\"alt\":\"\",\"text\":\"\",\"media\":\"\",\"link\":null,\"linkTarget\":\"_self\"},{\"id\":\"163253\",\"image\":\"https:\\\/\\\/citrothello.net\\\/blog\\\/images\\\/MES_VOITURES\\\/MES AUTOS\\\/MES AUTOS 2020 JUILLET ALL\\\/webview\\\/MES AUTOS JUILLET 2020 0121.jpg\",\"thumb\":\"https:\\\/\\\/citrothello.net\\\/blog\\\/images\\\/MES_VOITURES\\\/MES AUTOS\\\/MES AUTOS 2020 JUILLET ALL\\\/thumbs\\\/thumbs_MES AUTOS JUILLET 2020 0121.jpg\",\"title\":\"\",\"alt\":\"\",\"text\":\"\",\"media\":\"\",\"link\":null,\"linkTarget\":\"_self\"},{\"id\":\"163254\",\"image\":\"https:\\\/\\\/citrothello.net\\\/blog\\\/images\\\/MES_VOITURES\\\/MES AUTOS\\\/MES AUTOS 2020 JUILLET ALL\\\/webview\\\/MES AUTOS JUILLET 2020 0122.jpg\",\"thumb\":\"https:\\\/\\\/citrothello.net\\\/blog\\\/images\\\/MES_VOITURES\\\/MES AUTOS\\\/MES AUTOS 2020 JUILLET ALL\\\/thumbs\\\/thumbs_MES AUTOS JUILLET 2020 0122.jpg\",\"title\":\"\",\"alt\":\"\",\"text\":\"\",\"media\":\"\",\"link\":null,\"linkTarget\":\"_self\"},{\"id\":\"163255\",\"image\":\"https:\\\/\\\/citrothello.net\\\/blog\\\/images\\\/MES_VOITURES\\\/MES AUTOS\\\/MES AUTOS 2020 JUILLET ALL\\\/webview\\\/MES AUTOS JUILLET 2020 0123.jpg\",\"thumb\":\"https:\\\/\\\/citrothello.net\\\/blog\\\/images\\\/MES_VOITURES\\\/MES AUTOS\\\/MES AUTOS 2020 JUILLET ALL\\\/thumbs\\\/thumbs_MES AUTOS JUILLET 2020 0123.jpg\",\"title\":\"\",\"alt\":\"\",\"text\":\"\",\"media\":\"\",\"link\":null,\"linkTarget\":\"_self\"},{\"id\":\"163256\",\"image\":\"https:\\\/\\\/citrothello.net\\\/blog\\\/images\\\/MES_VOITURES\\\/MES AUTOS\\\/MES AUTOS 2020 JUILLET ALL\\\/webview\\\/MES AUTOS JUILLET 2020 0124.jpg\",\"thumb\":\"https:\\\/\\\/citrothello.net\\\/blog\\\/images\\\/MES_VOITURES\\\/MES AUTOS\\\/MES AUTOS 2020 JUILLET ALL\\\/thumbs\\\/thumbs_MES AUTOS JUILLET 2020 0124.jpg\",\"title\":\"\",\"alt\":\"\",\"text\":\"\",\"media\":\"\",\"link\":null,\"linkTarget\":\"_self\"},{\"id\":\"163257\",\"image\":\"https:\\\/\\\/citrothello.net\\\/blog\\\/images\\\/MES_VOITURES\\\/MES AUTOS\\\/MES AUTOS 2020 JUILLET ALL\\\/webview\\\/MES AUTOS JUILLET 2020 0125.jpg\",\"thumb\":\"https:\\\/\\\/citrothello.net\\\/blog\\\/images\\\/MES_VOITURES\\\/MES AUTOS\\\/MES AUTOS 2020 JUILLET ALL\\\/thumbs\\\/thumbs_MES AUTOS JUILLET 2020 0125.jpg\",\"title\":\"\",\"alt\":\"\",\"text\":\"\",\"media\":\"\",\"link\":null,\"linkTarget\":\"_self\"},{\"id\":\"163258\",\"image\":\"https:\\\/\\\/citrothello.net\\\/blog\\\/images\\\/MES_VOITURES\\\/MES AUTOS\\\/MES AUTOS 2020 JUILLET ALL\\\/webview\\\/MES AUTOS JUILLET 2020 0126.jpg\",\"thumb\":\"https:\\\/\\\/citrothello.net\\\/blog\\\/images\\\/MES_VOITURES\\\/MES AUTOS\\\/MES AUTOS 2020 JUILLET ALL\\\/thumbs\\\/thumbs_MES AUTOS JUILLET 2020 0126.jpg\",\"title\":\"\",\"alt\":\"\",\"text\":\"\",\"media\":\"\",\"link\":null,\"linkTarget\":\"_self\"},{\"id\":\"163259\",\"image\":\"https:\\\/\\\/citrothello.net\\\/blog\\\/images\\\/MES_VOITURES\\\/MES AUTOS\\\/MES AUTOS 2020 JUILLET ALL\\\/webview\\\/MES AUTOS JUILLET 2020 0127.jpg\",\"thumb\":\"https:\\\/\\\/citrothello.net\\\/blog\\\/images\\\/MES_VOITURES\\\/MES AUTOS\\\/MES AUTOS 2020 JUILLET ALL\\\/thumbs\\\/thumbs_MES AUTOS JUILLET 2020 0127.jpg\",\"title\":\"\",\"alt\":\"\",\"text\":\"\",\"media\":\"\",\"link\":null,\"linkTarget\":\"_self\"},{\"id\":\"163260\",\"image\":\"https:\\\/\\\/citrothello.net\\\/blog\\\/images\\\/MES_VOITURES\\\/MES AUTOS\\\/MES AUTOS 2020 JUILLET ALL\\\/webview\\\/MES AUTOS JUILLET 2020 0128.jpg\",\"thumb\":\"https:\\\/\\\/citrothello.net\\\/blog\\\/images\\\/MES_VOITURES\\\/MES AUTOS\\\/MES AUTOS 2020 JUILLET ALL\\\/thumbs\\\/thumbs_MES AUTOS JUILLET 2020 0128.jpg\",\"title\":\"\",\"alt\":\"\",\"text\":\"\",\"media\":\"\",\"link\":null,\"linkTarget\":\"_self\"},{\"id\":\"163261\",\"image\":\"https:\\\/\\\/citrothello.net\\\/blog\\\/images\\\/MES_VOITURES\\\/MES AUTOS\\\/MES AUTOS 2020 JUILLET ALL\\\/webview\\\/MES AUTOS JUILLET 2020 0129.jpg\",\"thumb\":\"https:\\\/\\\/citrothello.net\\\/blog\\\/images\\\/MES_VOITURES\\\/MES AUTOS\\\/MES AUTOS 2020 JUILLET ALL\\\/thumbs\\\/thumbs_MES AUTOS JUILLET 2020 0129.jpg\",\"title\":\"\",\"alt\":\"\",\"text\":\"\",\"media\":\"\",\"link\":null,\"linkTarget\":\"_self\"},{\"id\":\"163262\",\"image\":\"https:\\\/\\\/citrothello.net\\\/blog\\\/images\\\/MES_VOITURES\\\/MES AUTOS\\\/MES AUTOS 2020 JUILLET ALL\\\/webview\\\/MES AUTOS JUILLET 2020 0130.jpg\",\"thumb\":\"https:\\\/\\\/citrothello.net\\\/blog\\\/images\\\/MES_VOITURES\\\/MES AUTOS\\\/MES AUTOS 2020 JUILLET ALL\\\/thumbs\\\/thumbs_MES AUTOS JUILLET 2020 0130.jpg\",\"title\":\"\",\"alt\":\"\",\"text\":\"\",\"media\":\"\",\"link\":null,\"linkTarget\":\"_self\"},{\"id\":\"163263\",\"image\":\"https:\\\/\\\/citrothello.net\\\/blog\\\/images\\\/MES_VOITURES\\\/MES AUTOS\\\/MES AUTOS 2020 JUILLET ALL\\\/webview\\\/MES AUTOS JUILLET 2020 0131.jpg\",\"thumb\":\"https:\\\/\\\/citrothello.net\\\/blog\\\/images\\\/MES_VOITURES\\\/MES AUTOS\\\/MES AUTOS 2020 JUILLET ALL\\\/thumbs\\\/thumbs_MES AUTOS JUILLET 2020 0131.jpg\",\"title\":\"\",\"alt\":\"\",\"text\":\"\",\"media\":\"\",\"link\":null,\"linkTarget\":\"_self\"},{\"id\":\"163264\",\"image\":\"https:\\\/\\\/citrothello.net\\\/blog\\\/images\\\/MES_VOITURES\\\/MES AUTOS\\\/MES AUTOS 2020 JUILLET ALL\\\/webview\\\/MES AUTOS JUILLET 2020 0132.jpg\",\"thumb\":\"https:\\\/\\\/citrothello.net\\\/blog\\\/images\\\/MES_VOITURES\\\/MES AUTOS\\\/MES AUTOS 2020 JUILLET ALL\\\/thumbs\\\/thumbs_MES AUTOS JUILLET 2020 0132.jpg\",\"title\":\"\",\"alt\":\"\",\"text\":\"\",\"media\":\"\",\"link\":null,\"linkTarget\":\"_self\"},{\"id\":\"163265\",\"image\":\"https:\\\/\\\/citrothello.net\\\/blog\\\/images\\\/MES_VOITURES\\\/MES AUTOS\\\/MES AUTOS 2020 JUILLET ALL\\\/webview\\\/MES AUTOS JUILLET 2020 0133.jpg\",\"thumb\":\"https:\\\/\\\/citrothello.net\\\/blog\\\/images\\\/MES_VOITURES\\\/MES AUTOS\\\/MES AUTOS 2020 JUILLET ALL\\\/thumbs\\\/thumbs_MES AUTOS JUILLET 2020 0133.jpg\",\"title\":\"\",\"alt\":\"\",\"text\":\"\",\"media\":\"\",\"link\":null,\"linkTarget\":\"_self\"},{\"id\":\"163266\",\"image\":\"https:\\\/\\\/citrothello.net\\\/blog\\\/images\\\/MES_VOITURES\\\/MES AUTOS\\\/MES AUTOS 2020 JUILLET ALL\\\/webview\\\/MES AUTOS JUILLET 2020 0134.jpg\",\"thumb\":\"https:\\\/\\\/citrothello.net\\\/blog\\\/images\\\/MES_VOITURES\\\/MES AUTOS\\\/MES AUTOS 2020 JUILLET ALL\\\/thumbs\\\/thumbs_MES AUTOS JUILLET 2020 0134.jpg\",\"title\":\"\",\"alt\":\"\",\"text\":\"\",\"media\":\"\",\"link\":null,\"linkTarget\":\"_self\"},{\"id\":\"163267\",\"image\":\"https:\\\/\\\/citrothello.net\\\/blog\\\/images\\\/MES_VOITURES\\\/MES AUTOS\\\/MES AUTOS 2020 JUILLET ALL\\\/webview\\\/MES AUTOS JUILLET 2020 0135.jpg\",\"thumb\":\"https:\\\/\\\/citrothello.net\\\/blog\\\/images\\\/MES_VOITURES\\\/MES AUTOS\\\/MES AUTOS 2020 JUILLET ALL\\\/thumbs\\\/thumbs_MES AUTOS JUILLET 2020 0135.jpg\",\"title\":\"\",\"alt\":\"\",\"text\":\"\",\"media\":\"\",\"link\":null,\"linkTarget\":\"_self\"},{\"id\":\"163268\",\"image\":\"https:\\\/\\\/citrothello.net\\\/blog\\\/images\\\/MES_VOITURES\\\/MES AUTOS\\\/MES AUTOS 2020 JUILLET ALL\\\/webview\\\/MES AUTOS JUILLET 2020 0136.jpg\",\"thumb\":\"https:\\\/\\\/citrothello.net\\\/blog\\\/images\\\/MES_VOITURES\\\/MES AUTOS\\\/MES AUTOS 2020 JUILLET ALL\\\/thumbs\\\/thumbs_MES AUTOS JUILLET 2020 0136.jpg\",\"title\":\"\",\"alt\":\"\",\"text\":\"\",\"media\":\"\",\"link\":null,\"linkTarget\":\"_self\"},{\"id\":\"163269\",\"image\":\"https:\\\/\\\/citrothello.net\\\/blog\\\/images\\\/MES_VOITURES\\\/MES AUTOS\\\/MES AUTOS 2020 JUILLET ALL\\\/webview\\\/MES AUTOS JUILLET 2020 0137.jpg\",\"thumb\":\"https:\\\/\\\/citrothello.net\\\/blog\\\/images\\\/MES_VOITURES\\\/MES AUTOS\\\/MES AUTOS 2020 JUILLET ALL\\\/thumbs\\\/thumbs_MES AUTOS JUILLET 2020 0137.jpg\",\"title\":\"\",\"alt\":\"\",\"text\":\"\",\"media\":\"\",\"link\":null,\"linkTarget\":\"_self\"},{\"id\":\"163270\",\"image\":\"https:\\\/\\\/citrothello.net\\\/blog\\\/images\\\/MES_VOITURES\\\/MES AUTOS\\\/MES AUTOS 2020 JUILLET ALL\\\/webview\\\/MES AUTOS JUILLET 2020 0138.jpg\",\"thumb\":\"https:\\\/\\\/citrothello.net\\\/blog\\\/images\\\/MES_VOITURES\\\/MES AUTOS\\\/MES AUTOS 2020 JUILLET ALL\\\/thumbs\\\/thumbs_MES AUTOS JUILLET 2020 0138.jpg\",\"title\":\"\",\"alt\":\"\",\"text\":\"\",\"media\":\"\",\"link\":null,\"linkTarget\":\"_self\"},{\"id\":\"163271\",\"image\":\"https:\\\/\\\/citrothello.net\\\/blog\\\/images\\\/MES_VOITURES\\\/MES AUTOS\\\/MES AUTOS 2020 JUILLET ALL\\\/webview\\\/MES AUTOS JUILLET 2020 0139.jpg\",\"thumb\":\"https:\\\/\\\/citrothello.net\\\/blog\\\/images\\\/MES_VOITURES\\\/MES AUTOS\\\/MES AUTOS 2020 JUILLET ALL\\\/thumbs\\\/thumbs_MES AUTOS JUILLET 2020 0139.jpg\",\"title\":\"\",\"alt\":\"\",\"text\":\"\",\"media\":\"\",\"link\":null,\"linkTarget\":\"_self\"},{\"id\":\"163272\",\"image\":\"https:\\\/\\\/citrothello.net\\\/blog\\\/images\\\/MES_VOITURES\\\/MES AUTOS\\\/MES AUTOS 2020 JUILLET ALL\\\/webview\\\/MES AUTOS JUILLET 2020 0140.jpg\",\"thumb\":\"https:\\\/\\\/citrothello.net\\\/blog\\\/images\\\/MES_VOITURES\\\/MES AUTOS\\\/MES AUTOS 2020 JUILLET ALL\\\/thumbs\\\/thumbs_MES AUTOS JUILLET 2020 0140.jpg\",\"title\":\"\",\"alt\":\"\",\"text\":\"\",\"media\":\"\",\"link\":null,\"linkTarget\":\"_self\"},{\"id\":\"163273\",\"image\":\"https:\\\/\\\/citrothello.net\\\/blog\\\/images\\\/MES_VOITURES\\\/MES AUTOS\\\/MES AUTOS 2020 JUILLET ALL\\\/webview\\\/MES AUTOS JUILLET 2020 0141.jpg\",\"thumb\":\"https:\\\/\\\/citrothello.net\\\/blog\\\/images\\\/MES_VOITURES\\\/MES AUTOS\\\/MES AUTOS 2020 JUILLET ALL\\\/thumbs\\\/thumbs_MES AUTOS JUILLET 2020 0141.jpg\",\"title\":\"\",\"alt\":\"\",\"text\":\"\",\"media\":\"\",\"link\":null,\"linkTarget\":\"_self\"},{\"id\":\"163274\",\"image\":\"https:\\\/\\\/citrothello.net\\\/blog\\\/images\\\/MES_VOITURES\\\/MES AUTOS\\\/MES AUTOS 2020 JUILLET ALL\\\/webview\\\/MES AUTOS JUILLET 2020 0142.jpg\",\"thumb\":\"https:\\\/\\\/citrothello.net\\\/blog\\\/images\\\/MES_VOITURES\\\/MES AUTOS\\\/MES AUTOS 2020 JUILLET ALL\\\/thumbs\\\/thumbs_MES AUTOS JUILLET 2020 0142.jpg\",\"title\":\"\",\"alt\":\"\",\"text\":\"\",\"media\":\"\",\"link\":null,\"linkTarget\":\"_self\"},{\"id\":\"163275\",\"image\":\"https:\\\/\\\/citrothello.net\\\/blog\\\/images\\\/MES_VOITURES\\\/MES AUTOS\\\/MES AUTOS 2020 JUILLET ALL\\\/webview\\\/MES AUTOS JUILLET 2020 0143.jpg\",\"thumb\":\"https:\\\/\\\/citrothello.net\\\/blog\\\/images\\\/MES_VOITURES\\\/MES AUTOS\\\/MES AUTOS 2020 JUILLET ALL\\\/thumbs\\\/thumbs_MES AUTOS JUILLET 2020 0143.jpg\",\"title\":\"\",\"alt\":\"\",\"text\":\"\",\"media\":\"\",\"link\":null,\"linkTarget\":\"_self\"},{\"id\":\"163276\",\"image\":\"https:\\\/\\\/citrothello.net\\\/blog\\\/images\\\/MES_VOITURES\\\/MES AUTOS\\\/MES AUTOS 2020 JUILLET ALL\\\/webview\\\/MES AUTOS JUILLET 2020 0144.jpg\",\"thumb\":\"https:\\\/\\\/citrothello.net\\\/blog\\\/images\\\/MES_VOITURES\\\/MES AUTOS\\\/MES AUTOS 2020 JUILLET ALL\\\/thumbs\\\/thumbs_MES AUTOS JUILLET 2020 0144.jpg\",\"title\":\"\",\"alt\":\"\",\"text\":\"\",\"media\":\"\",\"link\":null,\"linkTarget\":\"_self\"},{\"id\":\"163277\",\"image\":\"https:\\\/\\\/citrothello.net\\\/blog\\\/images\\\/MES_VOITURES\\\/MES AUTOS\\\/MES AUTOS 2020 JUILLET ALL\\\/webview\\\/MES AUTOS JUILLET 2020 0145.jpg\",\"thumb\":\"https:\\\/\\\/citrothello.net\\\/blog\\\/images\\\/MES_VOITURES\\\/MES AUTOS\\\/MES AUTOS 2020 JUILLET ALL\\\/thumbs\\\/thumbs_MES AUTOS JUILLET 2020 0145.jpg\",\"title\":\"\",\"alt\":\"\",\"text\":\"\",\"media\":\"\",\"link\":null,\"linkTarget\":\"_self\"},{\"id\":\"163278\",\"image\":\"https:\\\/\\\/citrothello.net\\\/blog\\\/images\\\/MES_VOITURES\\\/MES AUTOS\\\/MES AUTOS 2020 JUILLET ALL\\\/webview\\\/MES AUTOS JUILLET 2020 0146.jpg\",\"thumb\":\"https:\\\/\\\/citrothello.net\\\/blog\\\/images\\\/MES_VOITURES\\\/MES AUTOS\\\/MES AUTOS 2020 JUILLET ALL\\\/thumbs\\\/thumbs_MES AUTOS JUILLET 2020 0146.jpg\",\"title\":\"\",\"alt\":\"\",\"text\":\"\",\"media\":\"\",\"link\":null,\"linkTarget\":\"_self\"},{\"id\":\"163279\",\"image\":\"https:\\\/\\\/citrothello.net\\\/blog\\\/images\\\/MES_VOITURES\\\/MES AUTOS\\\/MES AUTOS 2020 JUILLET ALL\\\/webview\\\/MES AUTOS JUILLET 2020 0147.jpg\",\"thumb\":\"https:\\\/\\\/citrothello.net\\\/blog\\\/images\\\/MES_VOITURES\\\/MES AUTOS\\\/MES AUTOS 2020 JUILLET ALL\\\/thumbs\\\/thumbs_MES AUTOS JUILLET 2020 0147.jpg\",\"title\":\"\",\"alt\":\"\",\"text\":\"\",\"media\":\"\",\"link\":null,\"linkTarget\":\"_self\"},{\"id\":\"163280\",\"image\":\"https:\\\/\\\/citrothello.net\\\/blog\\\/images\\\/MES_VOITURES\\\/MES AUTOS\\\/MES AUTOS 2020 JUILLET ALL\\\/webview\\\/MES AUTOS JUILLET 2020 0148.jpg\",\"thumb\":\"https:\\\/\\\/citrothello.net\\\/blog\\\/images\\\/MES_VOITURES\\\/MES AUTOS\\\/MES AUTOS 2020 JUILLET ALL\\\/thumbs\\\/thumbs_MES AUTOS JUILLET 2020 0148.jpg\",\"title\":\"\",\"alt\":\"\",\"text\":\"\",\"media\":\"\",\"link\":null,\"linkTarget\":\"_self\"},{\"id\":\"163281\",\"image\":\"https:\\\/\\\/citrothello.net\\\/blog\\\/images\\\/MES_VOITURES\\\/MES AUTOS\\\/MES AUTOS 2020 JUILLET ALL\\\/webview\\\/MES AUTOS JUILLET 2020 0149.jpg\",\"thumb\":\"https:\\\/\\\/citrothello.net\\\/blog\\\/images\\\/MES_VOITURES\\\/MES AUTOS\\\/MES AUTOS 2020 JUILLET ALL\\\/thumbs\\\/thumbs_MES AUTOS JUILLET 2020 0149.jpg\",\"title\":\"\",\"alt\":\"\",\"text\":\"\",\"media\":\"\",\"link\":null,\"linkTarget\":\"_self\"},{\"id\":\"163282\",\"image\":\"https:\\\/\\\/citrothello.net\\\/blog\\\/images\\\/MES_VOITURES\\\/MES AUTOS\\\/MES AUTOS 2020 JUILLET ALL\\\/webview\\\/MES AUTOS JUILLET 2020 0150.jpg\",\"thumb\":\"https:\\\/\\\/citrothello.net\\\/blog\\\/images\\\/MES_VOITURES\\\/MES AUTOS\\\/MES AUTOS 2020 JUILLET ALL\\\/thumbs\\\/thumbs_MES AUTOS JUILLET 2020 0150.jpg\",\"title\":\"\",\"alt\":\"\",\"text\":\"\",\"media\":\"\",\"link\":null,\"linkTarget\":\"_self\"},{\"id\":\"163283\",\"image\":\"https:\\\/\\\/citrothello.net\\\/blog\\\/images\\\/MES_VOITURES\\\/MES AUTOS\\\/MES AUTOS 2020 JUILLET ALL\\\/webview\\\/MES AUTOS JUILLET 2020 0151.jpg\",\"thumb\":\"https:\\\/\\\/citrothello.net\\\/blog\\\/images\\\/MES_VOITURES\\\/MES AUTOS\\\/MES AUTOS 2020 JUILLET ALL\\\/thumbs\\\/thumbs_MES AUTOS JUILLET 2020 0151.jpg\",\"title\":\"\",\"alt\":\"\",\"text\":\"\",\"media\":\"\",\"link\":null,\"linkTarget\":\"_self\"},{\"id\":\"163284\",\"image\":\"https:\\\/\\\/citrothello.net\\\/blog\\\/images\\\/MES_VOITURES\\\/MES AUTOS\\\/MES AUTOS 2020 JUILLET ALL\\\/webview\\\/MES AUTOS JUILLET 2020 0152.jpg\",\"thumb\":\"https:\\\/\\\/citrothello.net\\\/blog\\\/images\\\/MES_VOITURES\\\/MES AUTOS\\\/MES AUTOS 2020 JUILLET ALL\\\/thumbs\\\/thumbs_MES AUTOS JUILLET 2020 0152.jpg\",\"title\":\"\",\"alt\":\"\",\"text\":\"\",\"media\":\"\",\"link\":null,\"linkTarget\":\"_self\"},{\"id\":\"163285\",\"image\":\"https:\\\/\\\/citrothello.net\\\/blog\\\/images\\\/MES_VOITURES\\\/MES AUTOS\\\/MES AUTOS 2020 JUILLET ALL\\\/webview\\\/MES AUTOS JUILLET 2020 0153.jpg\",\"thumb\":\"https:\\\/\\\/citrothello.net\\\/blog\\\/images\\\/MES_VOITURES\\\/MES AUTOS\\\/MES AUTOS 2020 JUILLET ALL\\\/thumbs\\\/thumbs_MES AUTOS JUILLET 2020 0153.jpg\",\"title\":\"\",\"alt\":\"\",\"text\":\"\",\"media\":\"\",\"link\":null,\"linkTarget\":\"_self\"},{\"id\":\"163286\",\"image\":\"https:\\\/\\\/citrothello.net\\\/blog\\\/images\\\/MES_VOITURES\\\/MES AUTOS\\\/MES AUTOS 2020 JUILLET ALL\\\/webview\\\/MES AUTOS JUILLET 2020 0154.jpg\",\"thumb\":\"https:\\\/\\\/citrothello.net\\\/blog\\\/images\\\/MES_VOITURES\\\/MES AUTOS\\\/MES AUTOS 2020 JUILLET ALL\\\/thumbs\\\/thumbs_MES AUTOS JUILLET 2020 0154.jpg\",\"title\":\"\",\"alt\":\"\",\"text\":\"\",\"media\":\"\",\"link\":null,\"linkTarget\":\"_self\"},{\"id\":\"163287\",\"image\":\"https:\\\/\\\/citrothello.net\\\/blog\\\/images\\\/MES_VOITURES\\\/MES AUTOS\\\/MES AUTOS 2020 JUILLET ALL\\\/webview\\\/MES AUTOS JUILLET 2020 0155.jpg\",\"thumb\":\"https:\\\/\\\/citrothello.net\\\/blog\\\/images\\\/MES_VOITURES\\\/MES AUTOS\\\/MES AUTOS 2020 JUILLET ALL\\\/thumbs\\\/thumbs_MES AUTOS JUILLET 2020 0155.jpg\",\"title\":\"\",\"alt\":\"\",\"text\":\"\",\"media\":\"\",\"link\":null,\"linkTarget\":\"_self\"},{\"id\":\"163288\",\"image\":\"https:\\\/\\\/citrothello.net\\\/blog\\\/images\\\/MES_VOITURES\\\/MES AUTOS\\\/MES AUTOS 2020 JUILLET ALL\\\/webview\\\/MES AUTOS JUILLET 2020 0156.jpg\",\"thumb\":\"https:\\\/\\\/citrothello.net\\\/blog\\\/images\\\/MES_VOITURES\\\/MES AUTOS\\\/MES AUTOS 2020 JUILLET ALL\\\/thumbs\\\/thumbs_MES AUTOS JUILLET 2020 0156.jpg\",\"title\":\"\",\"alt\":\"\",\"text\":\"\",\"media\":\"\",\"link\":null,\"linkTarget\":\"_self\"},{\"id\":\"163289\",\"image\":\"https:\\\/\\\/citrothello.net\\\/blog\\\/images\\\/MES_VOITURES\\\/MES AUTOS\\\/MES AUTOS 2020 JUILLET ALL\\\/webview\\\/MES AUTOS JUILLET 2020 0157.jpg\",\"thumb\":\"https:\\\/\\\/citrothello.net\\\/blog\\\/images\\\/MES_VOITURES\\\/MES AUTOS\\\/MES AUTOS 2020 JUILLET ALL\\\/thumbs\\\/thumbs_MES AUTOS JUILLET 2020 0157.jpg\",\"title\":\"\",\"alt\":\"\",\"text\":\"\",\"media\":\"\",\"link\":null,\"linkTarget\":\"_self\"},{\"id\":\"163290\",\"image\":\"https:\\\/\\\/citrothello.net\\\/blog\\\/images\\\/MES_VOITURES\\\/MES AUTOS\\\/MES AUTOS 2020 JUILLET ALL\\\/webview\\\/MES AUTOS JUILLET 2020 0158.jpg\",\"thumb\":\"https:\\\/\\\/citrothello.net\\\/blog\\\/images\\\/MES_VOITURES\\\/MES AUTOS\\\/MES AUTOS 2020 JUILLET ALL\\\/thumbs\\\/thumbs_MES AUTOS JUILLET 2020 0158.jpg\",\"title\":\"\",\"alt\":\"\",\"text\":\"\",\"media\":\"\",\"link\":null,\"linkTarget\":\"_self\"},{\"id\":\"163291\",\"image\":\"https:\\\/\\\/citrothello.net\\\/blog\\\/images\\\/MES_VOITURES\\\/MES AUTOS\\\/MES AUTOS 2020 JUILLET ALL\\\/webview\\\/MES AUTOS JUILLET 2020 0159.jpg\",\"thumb\":\"https:\\\/\\\/citrothello.net\\\/blog\\\/images\\\/MES_VOITURES\\\/MES AUTOS\\\/MES AUTOS 2020 JUILLET ALL\\\/thumbs\\\/thumbs_MES AUTOS JUILLET 2020 0159.jpg\",\"title\":\"\",\"alt\":\"\",\"text\":\"\",\"media\":\"\",\"link\":null,\"linkTarget\":\"_self\"},{\"id\":\"163292\",\"image\":\"https:\\\/\\\/citrothello.net\\\/blog\\\/images\\\/MES_VOITURES\\\/MES AUTOS\\\/MES AUTOS 2020 JUILLET ALL\\\/webview\\\/MES AUTOS JUILLET 2020 0160.jpg\",\"thumb\":\"https:\\\/\\\/citrothello.net\\\/blog\\\/images\\\/MES_VOITURES\\\/MES AUTOS\\\/MES AUTOS 2020 JUILLET ALL\\\/thumbs\\\/thumbs_MES AUTOS JUILLET 2020 0160.jpg\",\"title\":\"\",\"alt\":\"\",\"text\":\"\",\"media\":\"\",\"link\":null,\"linkTarget\":\"_self\"},{\"id\":\"163293\",\"image\":\"https:\\\/\\\/citrothello.net\\\/blog\\\/images\\\/MES_VOITURES\\\/MES AUTOS\\\/MES AUTOS 2020 JUILLET ALL\\\/webview\\\/MES AUTOS JUILLET 2020 0161.jpg\",\"thumb\":\"https:\\\/\\\/citrothello.net\\\/blog\\\/images\\\/MES_VOITURES\\\/MES AUTOS\\\/MES AUTOS 2020 JUILLET ALL\\\/thumbs\\\/thumbs_MES AUTOS JUILLET 2020 0161.jpg\",\"title\":\"\",\"alt\":\"\",\"text\":\"\",\"media\":\"\",\"link\":null,\"linkTarget\":\"_self\"},{\"id\":\"163294\",\"image\":\"https:\\\/\\\/citrothello.net\\\/blog\\\/images\\\/MES_VOITURES\\\/MES AUTOS\\\/MES AUTOS 2020 JUILLET ALL\\\/webview\\\/MES AUTOS JUILLET 2020 0162.jpg\",\"thumb\":\"https:\\\/\\\/citrothello.net\\\/blog\\\/images\\\/MES_VOITURES\\\/MES AUTOS\\\/MES AUTOS 2020 JUILLET ALL\\\/thumbs\\\/thumbs_MES AUTOS JUILLET 2020 0162.jpg\",\"title\":\"\",\"alt\":\"\",\"text\":\"\",\"media\":\"\",\"link\":null,\"linkTarget\":\"_self\"},{\"id\":\"163295\",\"image\":\"https:\\\/\\\/citrothello.net\\\/blog\\\/images\\\/MES_VOITURES\\\/MES AUTOS\\\/MES AUTOS 2020 JUILLET ALL\\\/webview\\\/MES AUTOS JUILLET 2020 0163.jpg\",\"thumb\":\"https:\\\/\\\/citrothello.net\\\/blog\\\/images\\\/MES_VOITURES\\\/MES AUTOS\\\/MES AUTOS 2020 JUILLET ALL\\\/thumbs\\\/thumbs_MES AUTOS JUILLET 2020 0163.jpg\",\"title\":\"\",\"alt\":\"\",\"text\":\"\",\"media\":\"\",\"link\":null,\"linkTarget\":\"_self\"},{\"id\":\"163296\",\"image\":\"https:\\\/\\\/citrothello.net\\\/blog\\\/images\\\/MES_VOITURES\\\/MES AUTOS\\\/MES AUTOS 2020 JUILLET ALL\\\/webview\\\/MES AUTOS JUILLET 2020 0164.jpg\",\"thumb\":\"https:\\\/\\\/citrothello.net\\\/blog\\\/images\\\/MES_VOITURES\\\/MES AUTOS\\\/MES AUTOS 2020 JUILLET ALL\\\/thumbs\\\/thumbs_MES AUTOS JUILLET 2020 0164.jpg\",\"title\":\"\",\"alt\":\"\",\"text\":\"\",\"media\":\"\",\"link\":null,\"linkTarget\":\"_self\"},{\"id\":\"163297\",\"image\":\"https:\\\/\\\/citrothello.net\\\/blog\\\/images\\\/MES_VOITURES\\\/MES AUTOS\\\/MES AUTOS 2020 JUILLET ALL\\\/webview\\\/MES AUTOS JUILLET 2020 0165.jpg\",\"thumb\":\"https:\\\/\\\/citrothello.net\\\/blog\\\/images\\\/MES_VOITURES\\\/MES AUTOS\\\/MES AUTOS 2020 JUILLET ALL\\\/thumbs\\\/thumbs_MES AUTOS JUILLET 2020 0165.jpg\",\"title\":\"\",\"alt\":\"\",\"text\":\"\",\"media\":\"\",\"link\":null,\"linkTarget\":\"_self\"},{\"id\":\"163298\",\"image\":\"https:\\\/\\\/citrothello.net\\\/blog\\\/images\\\/MES_VOITURES\\\/MES AUTOS\\\/MES AUTOS 2020 JUILLET ALL\\\/webview\\\/MES AUTOS JUILLET 2020 0166.jpg\",\"thumb\":\"https:\\\/\\\/citrothello.net\\\/blog\\\/images\\\/MES_VOITURES\\\/MES AUTOS\\\/MES AUTOS 2020 JUILLET ALL\\\/thumbs\\\/thumbs_MES AUTOS JUILLET 2020 0166.jpg\",\"title\":\"\",\"alt\":\"\",\"text\":\"\",\"media\":\"\",\"link\":null,\"linkTarget\":\"_self\"},{\"id\":\"163299\",\"image\":\"https:\\\/\\\/citrothello.net\\\/blog\\\/images\\\/MES_VOITURES\\\/MES AUTOS\\\/MES AUTOS 2020 JUILLET ALL\\\/webview\\\/MES AUTOS JUILLET 2020 0167.jpg\",\"thumb\":\"https:\\\/\\\/citrothello.net\\\/blog\\\/images\\\/MES_VOITURES\\\/MES AUTOS\\\/MES AUTOS 2020 JUILLET ALL\\\/thumbs\\\/thumbs_MES AUTOS JUILLET 2020 0167.jpg\",\"title\":\"\",\"alt\":\"\",\"text\":\"\",\"media\":\"\",\"link\":null,\"linkTarget\":\"_self\"},{\"id\":\"163300\",\"image\":\"https:\\\/\\\/citrothello.net\\\/blog\\\/images\\\/MES_VOITURES\\\/MES AUTOS\\\/MES AUTOS 2020 JUILLET ALL\\\/webview\\\/MES AUTOS JUILLET 2020 0168.jpg\",\"thumb\":\"https:\\\/\\\/citrothello.net\\\/blog\\\/images\\\/MES_VOITURES\\\/MES AUTOS\\\/MES AUTOS 2020 JUILLET ALL\\\/thumbs\\\/thumbs_MES AUTOS JUILLET 2020 0168.jpg\",\"title\":\"\",\"alt\":\"\",\"text\":\"\",\"media\":\"\",\"link\":null,\"linkTarget\":\"_self\"},{\"id\":\"163301\",\"image\":\"https:\\\/\\\/citrothello.net\\\/blog\\\/images\\\/MES_VOITURES\\\/MES AUTOS\\\/MES AUTOS 2020 JUILLET ALL\\\/webview\\\/MES AUTOS JUILLET 2020 0169.jpg\",\"thumb\":\"https:\\\/\\\/citrothello.net\\\/blog\\\/images\\\/MES_VOITURES\\\/MES AUTOS\\\/MES AUTOS 2020 JUILLET ALL\\\/thumbs\\\/thumbs_MES AUTOS JUILLET 2020 0169.jpg\",\"title\":\"\",\"alt\":\"\",\"text\":\"\",\"media\":\"\",\"link\":null,\"linkTarget\":\"_self\"},{\"id\":\"163302\",\"image\":\"https:\\\/\\\/citrothello.net\\\/blog\\\/images\\\/MES_VOITURES\\\/MES AUTOS\\\/MES AUTOS 2020 JUILLET ALL\\\/webview\\\/MES AUTOS JUILLET 2020 0170.jpg\",\"thumb\":\"https:\\\/\\\/citrothello.net\\\/blog\\\/images\\\/MES_VOITURES\\\/MES AUTOS\\\/MES AUTOS 2020 JUILLET ALL\\\/thumbs\\\/thumbs_MES AUTOS JUILLET 2020 0170.jpg\",\"title\":\"\",\"alt\":\"\",\"text\":\"\",\"media\":\"\",\"link\":null,\"linkTarget\":\"_self\"},{\"id\":\"163303\",\"image\":\"https:\\\/\\\/citrothello.net\\\/blog\\\/images\\\/MES_VOITURES\\\/MES AUTOS\\\/MES AUTOS 2020 JUILLET ALL\\\/webview\\\/MES AUTOS JUILLET 2020 0171.jpg\",\"thumb\":\"https:\\\/\\\/citrothello.net\\\/blog\\\/images\\\/MES_VOITURES\\\/MES AUTOS\\\/MES AUTOS 2020 JUILLET ALL\\\/thumbs\\\/thumbs_MES AUTOS JUILLET 2020 0171.jpg\",\"title\":\"\",\"alt\":\"\",\"text\":\"\",\"media\":\"\",\"link\":null,\"linkTarget\":\"_self\"},{\"id\":\"163304\",\"image\":\"https:\\\/\\\/citrothello.net\\\/blog\\\/images\\\/MES_VOITURES\\\/MES AUTOS\\\/MES AUTOS 2020 JUILLET ALL\\\/webview\\\/MES AUTOS JUILLET 2020 0172.jpg\",\"thumb\":\"https:\\\/\\\/citrothello.net\\\/blog\\\/images\\\/MES_VOITURES\\\/MES AUTOS\\\/MES AUTOS 2020 JUILLET ALL\\\/thumbs\\\/thumbs_MES AUTOS JUILLET 2020 0172.jpg\",\"title\":\"\",\"alt\":\"\",\"text\":\"\",\"media\":\"\",\"link\":null,\"linkTarget\":\"_self\"},{\"id\":\"163305\",\"image\":\"https:\\\/\\\/citrothello.net\\\/blog\\\/images\\\/MES_VOITURES\\\/MES AUTOS\\\/MES AUTOS 2020 JUILLET ALL\\\/webview\\\/MES AUTOS JUILLET 2020 0173.jpg\",\"thumb\":\"https:\\\/\\\/citrothello.net\\\/blog\\\/images\\\/MES_VOITURES\\\/MES AUTOS\\\/MES AUTOS 2020 JUILLET ALL\\\/thumbs\\\/thumbs_MES AUTOS JUILLET 2020 0173.jpg\",\"title\":\"\",\"alt\":\"\",\"text\":\"\",\"media\":\"\",\"link\":null,\"linkTarget\":\"_self\"},{\"id\":\"163306\",\"image\":\"https:\\\/\\\/citrothello.net\\\/blog\\\/images\\\/MES_VOITURES\\\/MES AUTOS\\\/MES AUTOS 2020 JUILLET ALL\\\/webview\\\/MES AUTOS JUILLET 2020 0174.jpg\",\"thumb\":\"https:\\\/\\\/citrothello.net\\\/blog\\\/images\\\/MES_VOITURES\\\/MES AUTOS\\\/MES AUTOS 2020 JUILLET ALL\\\/thumbs\\\/thumbs_MES AUTOS JUILLET 2020 0174.jpg\",\"title\":\"\",\"alt\":\"\",\"text\":\"\",\"media\":\"\",\"link\":null,\"linkTarget\":\"_self\"},{\"id\":\"163307\",\"image\":\"https:\\\/\\\/citrothello.net\\\/blog\\\/images\\\/MES_VOITURES\\\/MES AUTOS\\\/MES AUTOS 2020 JUILLET ALL\\\/webview\\\/MES AUTOS JUILLET 2020 0175.jpg\",\"thumb\":\"https:\\\/\\\/citrothello.net\\\/blog\\\/images\\\/MES_VOITURES\\\/MES AUTOS\\\/MES AUTOS 2020 JUILLET ALL\\\/thumbs\\\/thumbs_MES AUTOS JUILLET 2020 0175.jpg\",\"title\":\"\",\"alt\":\"\",\"text\":\"\",\"media\":\"\",\"link\":null,\"linkTarget\":\"_self\"},{\"id\":\"163308\",\"image\":\"https:\\\/\\\/citrothello.net\\\/blog\\\/images\\\/MES_VOITURES\\\/MES AUTOS\\\/MES AUTOS 2020 JUILLET ALL\\\/webview\\\/MES AUTOS JUILLET 2020 0176.jpg\",\"thumb\":\"https:\\\/\\\/citrothello.net\\\/blog\\\/images\\\/MES_VOITURES\\\/MES AUTOS\\\/MES AUTOS 2020 JUILLET ALL\\\/thumbs\\\/thumbs_MES AUTOS JUILLET 2020 0176.jpg\",\"title\":\"\",\"alt\":\"\",\"text\":\"\",\"media\":\"\",\"link\":null,\"linkTarget\":\"_self\"},{\"id\":\"163309\",\"image\":\"https:\\\/\\\/citrothello.net\\\/blog\\\/images\\\/MES_VOITURES\\\/MES AUTOS\\\/MES AUTOS 2020 JUILLET ALL\\\/webview\\\/MES AUTOS JUILLET 2020 0177.jpg\",\"thumb\":\"https:\\\/\\\/citrothello.net\\\/blog\\\/images\\\/MES_VOITURES\\\/MES AUTOS\\\/MES AUTOS 2020 JUILLET ALL\\\/thumbs\\\/thumbs_MES AUTOS JUILLET 2020 0177.jpg\",\"title\":\"\",\"alt\":\"\",\"text\":\"\",\"media\":\"\",\"link\":null,\"linkTarget\":\"_self\"},{\"id\":\"163310\",\"image\":\"https:\\\/\\\/citrothello.net\\\/blog\\\/images\\\/MES_VOITURES\\\/MES AUTOS\\\/MES AUTOS 2020 JUILLET ALL\\\/webview\\\/MES AUTOS JUILLET 2020 0178.jpg\",\"thumb\":\"https:\\\/\\\/citrothello.net\\\/blog\\\/images\\\/MES_VOITURES\\\/MES AUTOS\\\/MES AUTOS 2020 JUILLET ALL\\\/thumbs\\\/thumbs_MES AUTOS JUILLET 2020 0178.jpg\",\"title\":\"\",\"alt\":\"\",\"text\":\"\",\"media\":\"\",\"link\":null,\"linkTarget\":\"_self\"},{\"id\":\"163311\",\"image\":\"https:\\\/\\\/citrothello.net\\\/blog\\\/images\\\/MES_VOITURES\\\/MES AUTOS\\\/MES AUTOS 2020 JUILLET ALL\\\/webview\\\/MES AUTOS JUILLET 2020 0179.jpg\",\"thumb\":\"https:\\\/\\\/citrothello.net\\\/blog\\\/images\\\/MES_VOITURES\\\/MES AUTOS\\\/MES AUTOS 2020 JUILLET ALL\\\/thumbs\\\/thumbs_MES AUTOS JUILLET 2020 0179.jpg\",\"title\":\"\",\"alt\":\"\",\"text\":\"\",\"media\":\"\",\"link\":null,\"linkTarget\":\"_self\"},{\"id\":\"163312\",\"image\":\"https:\\\/\\\/citrothello.net\\\/blog\\\/images\\\/MES_VOITURES\\\/MES AUTOS\\\/MES AUTOS 2020 JUILLET ALL\\\/webview\\\/MES AUTOS JUILLET 2020 0180.jpg\",\"thumb\":\"https:\\\/\\\/citrothello.net\\\/blog\\\/images\\\/MES_VOITURES\\\/MES AUTOS\\\/MES AUTOS 2020 JUILLET ALL\\\/thumbs\\\/thumbs_MES AUTOS JUILLET 2020 0180.jpg\",\"title\":\"\",\"alt\":\"\",\"text\":\"\",\"media\":\"\",\"link\":null,\"linkTarget\":\"_self\"},{\"id\":\"163313\",\"image\":\"https:\\\/\\\/citrothello.net\\\/blog\\\/images\\\/MES_VOITURES\\\/MES AUTOS\\\/MES AUTOS 2020 JUILLET ALL\\\/webview\\\/MES AUTOS JUILLET 2020 0181.jpg\",\"thumb\":\"https:\\\/\\\/citrothello.net\\\/blog\\\/images\\\/MES_VOITURES\\\/MES AUTOS\\\/MES AUTOS 2020 JUILLET ALL\\\/thumbs\\\/thumbs_MES AUTOS JUILLET 2020 0181.jpg\",\"title\":\"\",\"alt\":\"\",\"text\":\"\",\"media\":\"\",\"link\":null,\"linkTarget\":\"_self\"},{\"id\":\"163314\",\"image\":\"https:\\\/\\\/citrothello.net\\\/blog\\\/images\\\/MES_VOITURES\\\/MES AUTOS\\\/MES AUTOS 2020 JUILLET ALL\\\/webview\\\/MES AUTOS JUILLET 2020 0182.jpg\",\"thumb\":\"https:\\\/\\\/citrothello.net\\\/blog\\\/images\\\/MES_VOITURES\\\/MES AUTOS\\\/MES AUTOS 2020 JUILLET ALL\\\/thumbs\\\/thumbs_MES AUTOS JUILLET 2020 0182.jpg\",\"title\":\"\",\"alt\":\"\",\"text\":\"\",\"media\":\"\",\"link\":null,\"linkTarget\":\"_self\"},{\"id\":\"163315\",\"image\":\"https:\\\/\\\/citrothello.net\\\/blog\\\/images\\\/MES_VOITURES\\\/MES AUTOS\\\/MES AUTOS 2020 JUILLET ALL\\\/webview\\\/MES AUTOS JUILLET 2020 0183.jpg\",\"thumb\":\"https:\\\/\\\/citrothello.net\\\/blog\\\/images\\\/MES_VOITURES\\\/MES AUTOS\\\/MES AUTOS 2020 JUILLET ALL\\\/thumbs\\\/thumbs_MES AUTOS JUILLET 2020 0183.jpg\",\"title\":\"\",\"alt\":\"\",\"text\":\"\",\"media\":\"\",\"link\":null,\"linkTarget\":\"_self\"},{\"id\":\"163316\",\"image\":\"https:\\\/\\\/citrothello.net\\\/blog\\\/images\\\/MES_VOITURES\\\/MES AUTOS\\\/MES AUTOS 2020 JUILLET ALL\\\/webview\\\/MES AUTOS JUILLET 2020 0184.jpg\",\"thumb\":\"https:\\\/\\\/citrothello.net\\\/blog\\\/images\\\/MES_VOITURES\\\/MES AUTOS\\\/MES AUTOS 2020 JUILLET ALL\\\/thumbs\\\/thumbs_MES AUTOS JUILLET 2020 0184.jpg\",\"title\":\"\",\"alt\":\"\",\"text\":\"\",\"media\":\"\",\"link\":null,\"linkTarget\":\"_self\"},{\"id\":\"163317\",\"image\":\"https:\\\/\\\/citrothello.net\\\/blog\\\/images\\\/MES_VOITURES\\\/MES AUTOS\\\/MES AUTOS 2020 JUILLET ALL\\\/webview\\\/MES AUTOS JUILLET 2020 0185.jpg\",\"thumb\":\"https:\\\/\\\/citrothello.net\\\/blog\\\/images\\\/MES_VOITURES\\\/MES AUTOS\\\/MES AUTOS 2020 JUILLET ALL\\\/thumbs\\\/thumbs_MES AUTOS JUILLET 2020 0185.jpg\",\"title\":\"\",\"alt\":\"\",\"text\":\"\",\"media\":\"\",\"link\":null,\"linkTarget\":\"_self\"},{\"id\":\"163318\",\"image\":\"https:\\\/\\\/citrothello.net\\\/blog\\\/images\\\/MES_VOITURES\\\/MES AUTOS\\\/MES AUTOS 2020 JUILLET ALL\\\/webview\\\/MES AUTOS JUILLET 2020 0186.jpg\",\"thumb\":\"https:\\\/\\\/citrothello.net\\\/blog\\\/images\\\/MES_VOITURES\\\/MES AUTOS\\\/MES AUTOS 2020 JUILLET ALL\\\/thumbs\\\/thumbs_MES AUTOS JUILLET 2020 0186.jpg\",\"title\":\"\",\"alt\":\"\",\"text\":\"\",\"media\":\"\",\"link\":null,\"linkTarget\":\"_self\"},{\"id\":\"163319\",\"image\":\"https:\\\/\\\/citrothello.net\\\/blog\\\/images\\\/MES_VOITURES\\\/MES AUTOS\\\/MES AUTOS 2020 JUILLET ALL\\\/webview\\\/MES AUTOS JUILLET 2020 0187.jpg\",\"thumb\":\"https:\\\/\\\/citrothello.net\\\/blog\\\/images\\\/MES_VOITURES\\\/MES AUTOS\\\/MES AUTOS 2020 JUILLET ALL\\\/thumbs\\\/thumbs_MES AUTOS JUILLET 2020 0187.jpg\",\"title\":\"\",\"alt\":\"\",\"text\":\"\",\"media\":\"\",\"link\":null,\"linkTarget\":\"_self\"},{\"id\":\"163320\",\"image\":\"https:\\\/\\\/citrothello.net\\\/blog\\\/images\\\/MES_VOITURES\\\/MES AUTOS\\\/MES AUTOS 2020 JUILLET ALL\\\/webview\\\/MES AUTOS JUILLET 2020 0188.jpg\",\"thumb\":\"https:\\\/\\\/citrothello.net\\\/blog\\\/images\\\/MES_VOITURES\\\/MES AUTOS\\\/MES AUTOS 2020 JUILLET ALL\\\/thumbs\\\/thumbs_MES AUTOS JUILLET 2020 0188.jpg\",\"title\":\"\",\"alt\":\"\",\"text\":\"\",\"media\":\"\",\"link\":null,\"linkTarget\":\"_self\"},{\"id\":\"163321\",\"image\":\"https:\\\/\\\/citrothello.net\\\/blog\\\/images\\\/MES_VOITURES\\\/MES AUTOS\\\/MES AUTOS 2020 JUILLET ALL\\\/webview\\\/MES AUTOS JUILLET 2020 0189.jpg\",\"thumb\":\"https:\\\/\\\/citrothello.net\\\/blog\\\/images\\\/MES_VOITURES\\\/MES AUTOS\\\/MES AUTOS 2020 JUILLET ALL\\\/thumbs\\\/thumbs_MES AUTOS JUILLET 2020 0189.jpg\",\"title\":\"\",\"alt\":\"\",\"text\":\"\",\"media\":\"\",\"link\":null,\"linkTarget\":\"_self\"},{\"id\":\"163322\",\"image\":\"https:\\\/\\\/citrothello.net\\\/blog\\\/images\\\/MES_VOITURES\\\/MES AUTOS\\\/MES AUTOS 2020 JUILLET ALL\\\/webview\\\/MES AUTOS JUILLET 2020 0190.jpg\",\"thumb\":\"https:\\\/\\\/citrothello.net\\\/blog\\\/images\\\/MES_VOITURES\\\/MES AUTOS\\\/MES AUTOS 2020 JUILLET ALL\\\/thumbs\\\/thumbs_MES AUTOS JUILLET 2020 0190.jpg\",\"title\":\"\",\"alt\":\"\",\"text\":\"\",\"media\":\"\",\"link\":null,\"linkTarget\":\"_self\"}]; jQuery('#FlaGallery_sc1_1288 .flagPhotoBox_Container').photobox('a', data); }); <\/script><\/div><\/div><noscript id=\"noscript_FlaGallery_sc1_1288\"><img class=\"skip-lazy no-lazyload noLazy\" data-lazy-src=\"\" src =\"https:\/\/citrothello.net\/blog\/images\/MES_VOITURES\/MES%20AUTOS\/MES%20AUTOS%202020%20JUILLET%20ALL\/MES%20AUTOS%20JUILLET%202020%200001.jpg\" alt=\"\" \/><img class=\"skip-lazy no-lazyload noLazy\" data-lazy-src=\"\" src =\"https:\/\/citrothello.net\/blog\/images\/MES_VOITURES\/MES%20AUTOS\/MES%20AUTOS%202020%20JUILLET%20ALL\/MES%20AUTOS%20JUILLET%202020%200002.jpg\" alt=\"\" \/><img class=\"skip-lazy no-lazyload noLazy\" data-lazy-src=\"\" src =\"https:\/\/citrothello.net\/blog\/images\/MES_VOITURES\/MES%20AUTOS\/MES%20AUTOS%202020%20JUILLET%20ALL\/MES%20AUTOS%20JUILLET%202020%200003.jpg\" alt=\"\" \/><img class=\"skip-lazy no-lazyload noLazy\" data-lazy-src=\"\" src =\"https:\/\/citrothello.net\/blog\/images\/MES_VOITURES\/MES%20AUTOS\/MES%20AUTOS%202020%20JUILLET%20ALL\/MES%20AUTOS%20JUILLET%202020%200004.jpg\" alt=\"\" \/><img class=\"skip-lazy no-lazyload noLazy\" data-lazy-src=\"\" src =\"https:\/\/citrothello.net\/blog\/images\/MES_VOITURES\/MES%20AUTOS\/MES%20AUTOS%202020%20JUILLET%20ALL\/MES%20AUTOS%20JUILLET%202020%200005.jpg\" alt=\"\" \/><img class=\"skip-lazy no-lazyload noLazy\" data-lazy-src=\"\" src =\"https:\/\/citrothello.net\/blog\/images\/MES_VOITURES\/MES%20AUTOS\/MES%20AUTOS%202020%20JUILLET%20ALL\/MES%20AUTOS%20JUILLET%202020%200006.jpg\" alt=\"\" \/><img class=\"skip-lazy no-lazyload noLazy\" data-lazy-src=\"\" src =\"https:\/\/citrothello.net\/blog\/images\/MES_VOITURES\/MES%20AUTOS\/MES%20AUTOS%202020%20JUILLET%20ALL\/MES%20AUTOS%20JUILLET%202020%200007.jpg\" alt=\"\" \/><img class=\"skip-lazy no-lazyload noLazy\" data-lazy-src=\"\" src =\"https:\/\/citrothello.net\/blog\/images\/MES_VOITURES\/MES%20AUTOS\/MES%20AUTOS%202020%20JUILLET%20ALL\/MES%20AUTOS%20JUILLET%202020%200008.jpg\" alt=\"\" \/><img class=\"skip-lazy no-lazyload noLazy\" data-lazy-src=\"\" src =\"https:\/\/citrothello.net\/blog\/images\/MES_VOITURES\/MES%20AUTOS\/MES%20AUTOS%202020%20JUILLET%20ALL\/MES%20AUTOS%20JUILLET%202020%200009.jpg\" alt=\"\" \/><img class=\"skip-lazy no-lazyload noLazy\" data-lazy-src=\"\" src =\"https:\/\/citrothello.net\/blog\/images\/MES_VOITURES\/MES%20AUTOS\/MES%20AUTOS%202020%20JUILLET%20ALL\/MES%20AUTOS%20JUILLET%202020%200010.jpg\" alt=\"\" \/><img class=\"skip-lazy no-lazyload noLazy\" data-lazy-src=\"\" src =\"https:\/\/citrothello.net\/blog\/images\/MES_VOITURES\/MES%20AUTOS\/MES%20AUTOS%202020%20JUILLET%20ALL\/MES%20AUTOS%20JUILLET%202020%200011.jpg\" alt=\"\" \/><img class=\"skip-lazy no-lazyload noLazy\" data-lazy-src=\"\" src =\"https:\/\/citrothello.net\/blog\/images\/MES_VOITURES\/MES%20AUTOS\/MES%20AUTOS%202020%20JUILLET%20ALL\/MES%20AUTOS%20JUILLET%202020%200012.jpg\" alt=\"\" \/><img class=\"skip-lazy no-lazyload noLazy\" data-lazy-src=\"\" src =\"https:\/\/citrothello.net\/blog\/images\/MES_VOITURES\/MES%20AUTOS\/MES%20AUTOS%202020%20JUILLET%20ALL\/MES%20AUTOS%20JUILLET%202020%200013.jpg\" alt=\"\" \/><img class=\"skip-lazy no-lazyload noLazy\" data-lazy-src=\"\" src =\"https:\/\/citrothello.net\/blog\/images\/MES_VOITURES\/MES%20AUTOS\/MES%20AUTOS%202020%20JUILLET%20ALL\/MES%20AUTOS%20JUILLET%202020%200014.jpg\" alt=\"\" \/><img class=\"skip-lazy no-lazyload noLazy\" data-lazy-src=\"\" src =\"https:\/\/citrothello.net\/blog\/images\/MES_VOITURES\/MES%20AUTOS\/MES%20AUTOS%202020%20JUILLET%20ALL\/MES%20AUTOS%20JUILLET%202020%200015.jpg\" alt=\"\" \/><img class=\"skip-lazy no-lazyload noLazy\" data-lazy-src=\"\" src =\"https:\/\/citrothello.net\/blog\/images\/MES_VOITURES\/MES%20AUTOS\/MES%20AUTOS%202020%20JUILLET%20ALL\/MES%20AUTOS%20JUILLET%202020%200016.jpg\" alt=\"\" \/><img class=\"skip-lazy no-lazyload noLazy\" data-lazy-src=\"\" src =\"https:\/\/citrothello.net\/blog\/images\/MES_VOITURES\/MES%20AUTOS\/MES%20AUTOS%202020%20JUILLET%20ALL\/MES%20AUTOS%20JUILLET%202020%200017.jpg\" alt=\"\" \/><img class=\"skip-lazy no-lazyload noLazy\" data-lazy-src=\"\" src =\"https:\/\/citrothello.net\/blog\/images\/MES_VOITURES\/MES%20AUTOS\/MES%20AUTOS%202020%20JUILLET%20ALL\/MES%20AUTOS%20JUILLET%202020%200018.jpg\" alt=\"\" \/><img class=\"skip-lazy no-lazyload noLazy\" data-lazy-src=\"\" src =\"https:\/\/citrothello.net\/blog\/images\/MES_VOITURES\/MES%20AUTOS\/MES%20AUTOS%202020%20JUILLET%20ALL\/MES%20AUTOS%20JUILLET%202020%200019.jpg\" alt=\"\" \/><img class=\"skip-lazy no-lazyload noLazy\" data-lazy-src=\"\" src =\"https:\/\/citrothello.net\/blog\/images\/MES_VOITURES\/MES%20AUTOS\/MES%20AUTOS%202020%20JUILLET%20ALL\/MES%20AUTOS%20JUILLET%202020%200020.jpg\" alt=\"\" \/><img class=\"skip-lazy no-lazyload noLazy\" data-lazy-src=\"\" src =\"https:\/\/citrothello.net\/blog\/images\/MES_VOITURES\/MES%20AUTOS\/MES%20AUTOS%202020%20JUILLET%20ALL\/MES%20AUTOS%20JUILLET%202020%200021.jpg\" alt=\"\" \/><img class=\"skip-lazy no-lazyload noLazy\" data-lazy-src=\"\" src =\"https:\/\/citrothello.net\/blog\/images\/MES_VOITURES\/MES%20AUTOS\/MES%20AUTOS%202020%20JUILLET%20ALL\/MES%20AUTOS%20JUILLET%202020%200022.jpg\" alt=\"\" \/><img class=\"skip-lazy no-lazyload noLazy\" data-lazy-src=\"\" src =\"https:\/\/citrothello.net\/blog\/images\/MES_VOITURES\/MES%20AUTOS\/MES%20AUTOS%202020%20JUILLET%20ALL\/MES%20AUTOS%20JUILLET%202020%200023.jpg\" alt=\"\" \/><img class=\"skip-lazy no-lazyload noLazy\" data-lazy-src=\"\" src =\"https:\/\/citrothello.net\/blog\/images\/MES_VOITURES\/MES%20AUTOS\/MES%20AUTOS%202020%20JUILLET%20ALL\/MES%20AUTOS%20JUILLET%202020%200024.jpg\" alt=\"\" \/><img class=\"skip-lazy no-lazyload noLazy\" data-lazy-src=\"\" src =\"https:\/\/citrothello.net\/blog\/images\/MES_VOITURES\/MES%20AUTOS\/MES%20AUTOS%202020%20JUILLET%20ALL\/MES%20AUTOS%20JUILLET%202020%200025.jpg\" alt=\"\" \/><img class=\"skip-lazy no-lazyload noLazy\" data-lazy-src=\"\" src =\"https:\/\/citrothello.net\/blog\/images\/MES_VOITURES\/MES%20AUTOS\/MES%20AUTOS%202020%20JUILLET%20ALL\/MES%20AUTOS%20JUILLET%202020%200026.jpg\" alt=\"\" \/><img class=\"skip-lazy no-lazyload noLazy\" data-lazy-src=\"\" src =\"https:\/\/citrothello.net\/blog\/images\/MES_VOITURES\/MES%20AUTOS\/MES%20AUTOS%202020%20JUILLET%20ALL\/MES%20AUTOS%20JUILLET%202020%200027.jpg\" alt=\"\" \/><img class=\"skip-lazy no-lazyload noLazy\" data-lazy-src=\"\" src =\"https:\/\/citrothello.net\/blog\/images\/MES_VOITURES\/MES%20AUTOS\/MES%20AUTOS%202020%20JUILLET%20ALL\/MES%20AUTOS%20JUILLET%202020%200028.jpg\" alt=\"\" \/><img class=\"skip-lazy no-lazyload noLazy\" data-lazy-src=\"\" src =\"https:\/\/citrothello.net\/blog\/images\/MES_VOITURES\/MES%20AUTOS\/MES%20AUTOS%202020%20JUILLET%20ALL\/MES%20AUTOS%20JUILLET%202020%200029.jpg\" alt=\"\" \/><img class=\"skip-lazy no-lazyload noLazy\" data-lazy-src=\"\" src =\"https:\/\/citrothello.net\/blog\/images\/MES_VOITURES\/MES%20AUTOS\/MES%20AUTOS%202020%20JUILLET%20ALL\/MES%20AUTOS%20JUILLET%202020%200030.jpg\" alt=\"\" \/><img class=\"skip-lazy no-lazyload noLazy\" data-lazy-src=\"\" src =\"https:\/\/citrothello.net\/blog\/images\/MES_VOITURES\/MES%20AUTOS\/MES%20AUTOS%202020%20JUILLET%20ALL\/MES%20AUTOS%20JUILLET%202020%200031.jpg\" alt=\"\" \/><img class=\"skip-lazy no-lazyload noLazy\" data-lazy-src=\"\" src =\"https:\/\/citrothello.net\/blog\/images\/MES_VOITURES\/MES%20AUTOS\/MES%20AUTOS%202020%20JUILLET%20ALL\/MES%20AUTOS%20JUILLET%202020%200032.jpg\" alt=\"\" \/><img class=\"skip-lazy no-lazyload noLazy\" data-lazy-src=\"\" src =\"https:\/\/citrothello.net\/blog\/images\/MES_VOITURES\/MES%20AUTOS\/MES%20AUTOS%202020%20JUILLET%20ALL\/MES%20AUTOS%20JUILLET%202020%200033.jpg\" alt=\"\" \/><img class=\"skip-lazy no-lazyload noLazy\" data-lazy-src=\"\" src =\"https:\/\/citrothello.net\/blog\/images\/MES_VOITURES\/MES%20AUTOS\/MES%20AUTOS%202020%20JUILLET%20ALL\/MES%20AUTOS%20JUILLET%202020%200034.jpg\" alt=\"\" \/><img class=\"skip-lazy no-lazyload noLazy\" data-lazy-src=\"\" src =\"https:\/\/citrothello.net\/blog\/images\/MES_VOITURES\/MES%20AUTOS\/MES%20AUTOS%202020%20JUILLET%20ALL\/MES%20AUTOS%20JUILLET%202020%200035.jpg\" alt=\"\" \/><img class=\"skip-lazy no-lazyload noLazy\" data-lazy-src=\"\" src =\"https:\/\/citrothello.net\/blog\/images\/MES_VOITURES\/MES%20AUTOS\/MES%20AUTOS%202020%20JUILLET%20ALL\/MES%20AUTOS%20JUILLET%202020%200036.jpg\" alt=\"\" \/><img class=\"skip-lazy no-lazyload noLazy\" data-lazy-src=\"\" src =\"https:\/\/citrothello.net\/blog\/images\/MES_VOITURES\/MES%20AUTOS\/MES%20AUTOS%202020%20JUILLET%20ALL\/MES%20AUTOS%20JUILLET%202020%200037.jpg\" alt=\"\" \/><img class=\"skip-lazy no-lazyload noLazy\" data-lazy-src=\"\" src =\"https:\/\/citrothello.net\/blog\/images\/MES_VOITURES\/MES%20AUTOS\/MES%20AUTOS%202020%20JUILLET%20ALL\/MES%20AUTOS%20JUILLET%202020%200038.jpg\" alt=\"\" \/><img class=\"skip-lazy no-lazyload noLazy\" data-lazy-src=\"\" src =\"https:\/\/citrothello.net\/blog\/images\/MES_VOITURES\/MES%20AUTOS\/MES%20AUTOS%202020%20JUILLET%20ALL\/MES%20AUTOS%20JUILLET%202020%200039.jpg\" alt=\"\" \/><img class=\"skip-lazy no-lazyload noLazy\" data-lazy-src=\"\" src =\"https:\/\/citrothello.net\/blog\/images\/MES_VOITURES\/MES%20AUTOS\/MES%20AUTOS%202020%20JUILLET%20ALL\/MES%20AUTOS%20JUILLET%202020%200040.jpg\" alt=\"\" \/><img class=\"skip-lazy no-lazyload noLazy\" data-lazy-src=\"\" src =\"https:\/\/citrothello.net\/blog\/images\/MES_VOITURES\/MES%20AUTOS\/MES%20AUTOS%202020%20JUILLET%20ALL\/MES%20AUTOS%20JUILLET%202020%200041.jpg\" alt=\"\" \/><img class=\"skip-lazy no-lazyload noLazy\" data-lazy-src=\"\" src =\"https:\/\/citrothello.net\/blog\/images\/MES_VOITURES\/MES%20AUTOS\/MES%20AUTOS%202020%20JUILLET%20ALL\/MES%20AUTOS%20JUILLET%202020%200042.jpg\" alt=\"\" \/><img class=\"skip-lazy no-lazyload noLazy\" data-lazy-src=\"\" src =\"https:\/\/citrothello.net\/blog\/images\/MES_VOITURES\/MES%20AUTOS\/MES%20AUTOS%202020%20JUILLET%20ALL\/MES%20AUTOS%20JUILLET%202020%200043.jpg\" alt=\"\" \/><img class=\"skip-lazy no-lazyload noLazy\" data-lazy-src=\"\" src =\"https:\/\/citrothello.net\/blog\/images\/MES_VOITURES\/MES%20AUTOS\/MES%20AUTOS%202020%20JUILLET%20ALL\/MES%20AUTOS%20JUILLET%202020%200044.jpg\" alt=\"\" \/><img class=\"skip-lazy no-lazyload noLazy\" data-lazy-src=\"\" src =\"https:\/\/citrothello.net\/blog\/images\/MES_VOITURES\/MES%20AUTOS\/MES%20AUTOS%202020%20JUILLET%20ALL\/MES%20AUTOS%20JUILLET%202020%200045.jpg\" alt=\"\" \/><img class=\"skip-lazy no-lazyload noLazy\" data-lazy-src=\"\" src =\"https:\/\/citrothello.net\/blog\/images\/MES_VOITURES\/MES%20AUTOS\/MES%20AUTOS%202020%20JUILLET%20ALL\/MES%20AUTOS%20JUILLET%202020%200046.jpg\" alt=\"\" \/><img class=\"skip-lazy no-lazyload noLazy\" data-lazy-src=\"\" src =\"https:\/\/citrothello.net\/blog\/images\/MES_VOITURES\/MES%20AUTOS\/MES%20AUTOS%202020%20JUILLET%20ALL\/MES%20AUTOS%20JUILLET%202020%200047.jpg\" alt=\"\" \/><img class=\"skip-lazy no-lazyload noLazy\" data-lazy-src=\"\" src =\"https:\/\/citrothello.net\/blog\/images\/MES_VOITURES\/MES%20AUTOS\/MES%20AUTOS%202020%20JUILLET%20ALL\/MES%20AUTOS%20JUILLET%202020%200048.jpg\" alt=\"\" \/><img class=\"skip-lazy no-lazyload noLazy\" data-lazy-src=\"\" src =\"https:\/\/citrothello.net\/blog\/images\/MES_VOITURES\/MES%20AUTOS\/MES%20AUTOS%202020%20JUILLET%20ALL\/MES%20AUTOS%20JUILLET%202020%200049.jpg\" alt=\"\" \/><img class=\"skip-lazy no-lazyload noLazy\" data-lazy-src=\"\" src =\"https:\/\/citrothello.net\/blog\/images\/MES_VOITURES\/MES%20AUTOS\/MES%20AUTOS%202020%20JUILLET%20ALL\/MES%20AUTOS%20JUILLET%202020%200050.jpg\" alt=\"\" \/><img class=\"skip-lazy no-lazyload noLazy\" data-lazy-src=\"\" src =\"https:\/\/citrothello.net\/blog\/images\/MES_VOITURES\/MES%20AUTOS\/MES%20AUTOS%202020%20JUILLET%20ALL\/MES%20AUTOS%20JUILLET%202020%200051.jpg\" alt=\"\" \/><img class=\"skip-lazy no-lazyload noLazy\" data-lazy-src=\"\" src =\"https:\/\/citrothello.net\/blog\/images\/MES_VOITURES\/MES%20AUTOS\/MES%20AUTOS%202020%20JUILLET%20ALL\/MES%20AUTOS%20JUILLET%202020%200052.jpg\" alt=\"\" \/><img class=\"skip-lazy no-lazyload noLazy\" data-lazy-src=\"\" src =\"https:\/\/citrothello.net\/blog\/images\/MES_VOITURES\/MES%20AUTOS\/MES%20AUTOS%202020%20JUILLET%20ALL\/MES%20AUTOS%20JUILLET%202020%200053.jpg\" alt=\"\" \/><img class=\"skip-lazy no-lazyload noLazy\" data-lazy-src=\"\" src =\"https:\/\/citrothello.net\/blog\/images\/MES_VOITURES\/MES%20AUTOS\/MES%20AUTOS%202020%20JUILLET%20ALL\/MES%20AUTOS%20JUILLET%202020%200054.jpg\" alt=\"\" \/><img class=\"skip-lazy no-lazyload noLazy\" data-lazy-src=\"\" src =\"https:\/\/citrothello.net\/blog\/images\/MES_VOITURES\/MES%20AUTOS\/MES%20AUTOS%202020%20JUILLET%20ALL\/MES%20AUTOS%20JUILLET%202020%200055.jpg\" alt=\"\" \/><img class=\"skip-lazy no-lazyload noLazy\" data-lazy-src=\"\" src =\"https:\/\/citrothello.net\/blog\/images\/MES_VOITURES\/MES%20AUTOS\/MES%20AUTOS%202020%20JUILLET%20ALL\/MES%20AUTOS%20JUILLET%202020%200056.jpg\" alt=\"\" \/><img class=\"skip-lazy no-lazyload noLazy\" data-lazy-src=\"\" src =\"https:\/\/citrothello.net\/blog\/images\/MES_VOITURES\/MES%20AUTOS\/MES%20AUTOS%202020%20JUILLET%20ALL\/MES%20AUTOS%20JUILLET%202020%200057.jpg\" alt=\"\" \/><img class=\"skip-lazy no-lazyload noLazy\" data-lazy-src=\"\" src =\"https:\/\/citrothello.net\/blog\/images\/MES_VOITURES\/MES%20AUTOS\/MES%20AUTOS%202020%20JUILLET%20ALL\/MES%20AUTOS%20JUILLET%202020%200058.jpg\" alt=\"\" \/><img class=\"skip-lazy no-lazyload noLazy\" data-lazy-src=\"\" src =\"https:\/\/citrothello.net\/blog\/images\/MES_VOITURES\/MES%20AUTOS\/MES%20AUTOS%202020%20JUILLET%20ALL\/MES%20AUTOS%20JUILLET%202020%200059.jpg\" alt=\"\" \/><img class=\"skip-lazy no-lazyload noLazy\" data-lazy-src=\"\" src =\"https:\/\/citrothello.net\/blog\/images\/MES_VOITURES\/MES%20AUTOS\/MES%20AUTOS%202020%20JUILLET%20ALL\/MES%20AUTOS%20JUILLET%202020%200060.jpg\" alt=\"\" \/><img class=\"skip-lazy no-lazyload noLazy\" data-lazy-src=\"\" src =\"https:\/\/citrothello.net\/blog\/images\/MES_VOITURES\/MES%20AUTOS\/MES%20AUTOS%202020%20JUILLET%20ALL\/MES%20AUTOS%20JUILLET%202020%200061.jpg\" alt=\"\" \/><img class=\"skip-lazy no-lazyload noLazy\" data-lazy-src=\"\" src =\"https:\/\/citrothello.net\/blog\/images\/MES_VOITURES\/MES%20AUTOS\/MES%20AUTOS%202020%20JUILLET%20ALL\/MES%20AUTOS%20JUILLET%202020%200062.jpg\" alt=\"\" \/><img class=\"skip-lazy no-lazyload noLazy\" data-lazy-src=\"\" src =\"https:\/\/citrothello.net\/blog\/images\/MES_VOITURES\/MES%20AUTOS\/MES%20AUTOS%202020%20JUILLET%20ALL\/MES%20AUTOS%20JUILLET%202020%200063.jpg\" alt=\"\" \/><img class=\"skip-lazy no-lazyload noLazy\" data-lazy-src=\"\" src =\"https:\/\/citrothello.net\/blog\/images\/MES_VOITURES\/MES%20AUTOS\/MES%20AUTOS%202020%20JUILLET%20ALL\/MES%20AUTOS%20JUILLET%202020%200064.jpg\" alt=\"\" \/><img class=\"skip-lazy no-lazyload noLazy\" data-lazy-src=\"\" src =\"https:\/\/citrothello.net\/blog\/images\/MES_VOITURES\/MES%20AUTOS\/MES%20AUTOS%202020%20JUILLET%20ALL\/MES%20AUTOS%20JUILLET%202020%200065.jpg\" alt=\"\" \/><img class=\"skip-lazy no-lazyload noLazy\" data-lazy-src=\"\" src =\"https:\/\/citrothello.net\/blog\/images\/MES_VOITURES\/MES%20AUTOS\/MES%20AUTOS%202020%20JUILLET%20ALL\/MES%20AUTOS%20JUILLET%202020%200066.jpg\" alt=\"\" \/><img class=\"skip-lazy no-lazyload noLazy\" data-lazy-src=\"\" src =\"https:\/\/citrothello.net\/blog\/images\/MES_VOITURES\/MES%20AUTOS\/MES%20AUTOS%202020%20JUILLET%20ALL\/MES%20AUTOS%20JUILLET%202020%200067.jpg\" alt=\"\" \/><img class=\"skip-lazy no-lazyload noLazy\" data-lazy-src=\"\" src =\"https:\/\/citrothello.net\/blog\/images\/MES_VOITURES\/MES%20AUTOS\/MES%20AUTOS%202020%20JUILLET%20ALL\/MES%20AUTOS%20JUILLET%202020%200068.jpg\" alt=\"\" \/><img class=\"skip-lazy no-lazyload noLazy\" data-lazy-src=\"\" src =\"https:\/\/citrothello.net\/blog\/images\/MES_VOITURES\/MES%20AUTOS\/MES%20AUTOS%202020%20JUILLET%20ALL\/MES%20AUTOS%20JUILLET%202020%200069.jpg\" alt=\"\" \/><img class=\"skip-lazy no-lazyload noLazy\" data-lazy-src=\"\" src =\"https:\/\/citrothello.net\/blog\/images\/MES_VOITURES\/MES%20AUTOS\/MES%20AUTOS%202020%20JUILLET%20ALL\/MES%20AUTOS%20JUILLET%202020%200070.jpg\" alt=\"\" \/><img class=\"skip-lazy no-lazyload noLazy\" data-lazy-src=\"\" src =\"https:\/\/citrothello.net\/blog\/images\/MES_VOITURES\/MES%20AUTOS\/MES%20AUTOS%202020%20JUILLET%20ALL\/MES%20AUTOS%20JUILLET%202020%200071.jpg\" alt=\"\" \/><img class=\"skip-lazy no-lazyload noLazy\" data-lazy-src=\"\" src =\"https:\/\/citrothello.net\/blog\/images\/MES_VOITURES\/MES%20AUTOS\/MES%20AUTOS%202020%20JUILLET%20ALL\/MES%20AUTOS%20JUILLET%202020%200072.jpg\" alt=\"\" \/><img class=\"skip-lazy no-lazyload noLazy\" data-lazy-src=\"\" src =\"https:\/\/citrothello.net\/blog\/images\/MES_VOITURES\/MES%20AUTOS\/MES%20AUTOS%202020%20JUILLET%20ALL\/MES%20AUTOS%20JUILLET%202020%200073.jpg\" alt=\"\" \/><img class=\"skip-lazy no-lazyload noLazy\" data-lazy-src=\"\" src =\"https:\/\/citrothello.net\/blog\/images\/MES_VOITURES\/MES%20AUTOS\/MES%20AUTOS%202020%20JUILLET%20ALL\/MES%20AUTOS%20JUILLET%202020%200074.jpg\" alt=\"\" \/><img class=\"skip-lazy no-lazyload noLazy\" data-lazy-src=\"\" src =\"https:\/\/citrothello.net\/blog\/images\/MES_VOITURES\/MES%20AUTOS\/MES%20AUTOS%202020%20JUILLET%20ALL\/MES%20AUTOS%20JUILLET%202020%200075.jpg\" alt=\"\" \/><img class=\"skip-lazy no-lazyload noLazy\" data-lazy-src=\"\" src =\"https:\/\/citrothello.net\/blog\/images\/MES_VOITURES\/MES%20AUTOS\/MES%20AUTOS%202020%20JUILLET%20ALL\/MES%20AUTOS%20JUILLET%202020%200076.jpg\" alt=\"\" \/><img class=\"skip-lazy no-lazyload noLazy\" data-lazy-src=\"\" src =\"https:\/\/citrothello.net\/blog\/images\/MES_VOITURES\/MES%20AUTOS\/MES%20AUTOS%202020%20JUILLET%20ALL\/MES%20AUTOS%20JUILLET%202020%200077.jpg\" alt=\"\" \/><img class=\"skip-lazy no-lazyload noLazy\" data-lazy-src=\"\" src =\"https:\/\/citrothello.net\/blog\/images\/MES_VOITURES\/MES%20AUTOS\/MES%20AUTOS%202020%20JUILLET%20ALL\/MES%20AUTOS%20JUILLET%202020%200078.jpg\" alt=\"\" \/><img class=\"skip-lazy no-lazyload noLazy\" data-lazy-src=\"\" src =\"https:\/\/citrothello.net\/blog\/images\/MES_VOITURES\/MES%20AUTOS\/MES%20AUTOS%202020%20JUILLET%20ALL\/MES%20AUTOS%20JUILLET%202020%200079.jpg\" alt=\"\" \/><img class=\"skip-lazy no-lazyload noLazy\" data-lazy-src=\"\" src =\"https:\/\/citrothello.net\/blog\/images\/MES_VOITURES\/MES%20AUTOS\/MES%20AUTOS%202020%20JUILLET%20ALL\/MES%20AUTOS%20JUILLET%202020%200080.jpg\" alt=\"\" \/><img class=\"skip-lazy no-lazyload noLazy\" data-lazy-src=\"\" src =\"https:\/\/citrothello.net\/blog\/images\/MES_VOITURES\/MES%20AUTOS\/MES%20AUTOS%202020%20JUILLET%20ALL\/MES%20AUTOS%20JUILLET%202020%200081.jpg\" alt=\"\" \/><img class=\"skip-lazy no-lazyload noLazy\" data-lazy-src=\"\" src =\"https:\/\/citrothello.net\/blog\/images\/MES_VOITURES\/MES%20AUTOS\/MES%20AUTOS%202020%20JUILLET%20ALL\/MES%20AUTOS%20JUILLET%202020%200082.jpg\" alt=\"\" \/><img class=\"skip-lazy no-lazyload noLazy\" data-lazy-src=\"\" src =\"https:\/\/citrothello.net\/blog\/images\/MES_VOITURES\/MES%20AUTOS\/MES%20AUTOS%202020%20JUILLET%20ALL\/MES%20AUTOS%20JUILLET%202020%200083.jpg\" alt=\"\" \/><img class=\"skip-lazy no-lazyload noLazy\" data-lazy-src=\"\" src =\"https:\/\/citrothello.net\/blog\/images\/MES_VOITURES\/MES%20AUTOS\/MES%20AUTOS%202020%20JUILLET%20ALL\/MES%20AUTOS%20JUILLET%202020%200084.jpg\" alt=\"\" \/><img class=\"skip-lazy no-lazyload noLazy\" data-lazy-src=\"\" src =\"https:\/\/citrothello.net\/blog\/images\/MES_VOITURES\/MES%20AUTOS\/MES%20AUTOS%202020%20JUILLET%20ALL\/MES%20AUTOS%20JUILLET%202020%200085.jpg\" alt=\"\" \/><img class=\"skip-lazy no-lazyload noLazy\" data-lazy-src=\"\" src =\"https:\/\/citrothello.net\/blog\/images\/MES_VOITURES\/MES%20AUTOS\/MES%20AUTOS%202020%20JUILLET%20ALL\/MES%20AUTOS%20JUILLET%202020%200086.jpg\" alt=\"\" \/><img class=\"skip-lazy no-lazyload noLazy\" data-lazy-src=\"\" src =\"https:\/\/citrothello.net\/blog\/images\/MES_VOITURES\/MES%20AUTOS\/MES%20AUTOS%202020%20JUILLET%20ALL\/MES%20AUTOS%20JUILLET%202020%200087.jpg\" alt=\"\" \/><img class=\"skip-lazy no-lazyload noLazy\" data-lazy-src=\"\" src =\"https:\/\/citrothello.net\/blog\/images\/MES_VOITURES\/MES%20AUTOS\/MES%20AUTOS%202020%20JUILLET%20ALL\/MES%20AUTOS%20JUILLET%202020%200088.jpg\" alt=\"\" \/><img class=\"skip-lazy no-lazyload noLazy\" data-lazy-src=\"\" src =\"https:\/\/citrothello.net\/blog\/images\/MES_VOITURES\/MES%20AUTOS\/MES%20AUTOS%202020%20JUILLET%20ALL\/MES%20AUTOS%20JUILLET%202020%200089.jpg\" alt=\"\" \/><img class=\"skip-lazy no-lazyload noLazy\" data-lazy-src=\"\" src =\"https:\/\/citrothello.net\/blog\/images\/MES_VOITURES\/MES%20AUTOS\/MES%20AUTOS%202020%20JUILLET%20ALL\/MES%20AUTOS%20JUILLET%202020%200090.jpg\" alt=\"\" \/><img class=\"skip-lazy no-lazyload noLazy\" data-lazy-src=\"\" src =\"https:\/\/citrothello.net\/blog\/images\/MES_VOITURES\/MES%20AUTOS\/MES%20AUTOS%202020%20JUILLET%20ALL\/MES%20AUTOS%20JUILLET%202020%200091.jpg\" alt=\"\" \/><img class=\"skip-lazy no-lazyload noLazy\" data-lazy-src=\"\" src =\"https:\/\/citrothello.net\/blog\/images\/MES_VOITURES\/MES%20AUTOS\/MES%20AUTOS%202020%20JUILLET%20ALL\/MES%20AUTOS%20JUILLET%202020%200092.jpg\" alt=\"\" \/><img class=\"skip-lazy no-lazyload noLazy\" data-lazy-src=\"\" src =\"https:\/\/citrothello.net\/blog\/images\/MES_VOITURES\/MES%20AUTOS\/MES%20AUTOS%202020%20JUILLET%20ALL\/MES%20AUTOS%20JUILLET%202020%200093.jpg\" alt=\"\" \/><img class=\"skip-lazy no-lazyload noLazy\" data-lazy-src=\"\" src =\"https:\/\/citrothello.net\/blog\/images\/MES_VOITURES\/MES%20AUTOS\/MES%20AUTOS%202020%20JUILLET%20ALL\/MES%20AUTOS%20JUILLET%202020%200094.jpg\" alt=\"\" \/><img class=\"skip-lazy no-lazyload noLazy\" data-lazy-src=\"\" src =\"https:\/\/citrothello.net\/blog\/images\/MES_VOITURES\/MES%20AUTOS\/MES%20AUTOS%202020%20JUILLET%20ALL\/MES%20AUTOS%20JUILLET%202020%200095.jpg\" alt=\"\" \/><img class=\"skip-lazy no-lazyload noLazy\" data-lazy-src=\"\" src =\"https:\/\/citrothello.net\/blog\/images\/MES_VOITURES\/MES%20AUTOS\/MES%20AUTOS%202020%20JUILLET%20ALL\/MES%20AUTOS%20JUILLET%202020%200096.jpg\" alt=\"\" \/><img class=\"skip-lazy no-lazyload noLazy\" data-lazy-src=\"\" src =\"https:\/\/citrothello.net\/blog\/images\/MES_VOITURES\/MES%20AUTOS\/MES%20AUTOS%202020%20JUILLET%20ALL\/MES%20AUTOS%20JUILLET%202020%200097.jpg\" alt=\"\" \/><img class=\"skip-lazy no-lazyload noLazy\" data-lazy-src=\"\" src =\"https:\/\/citrothello.net\/blog\/images\/MES_VOITURES\/MES%20AUTOS\/MES%20AUTOS%202020%20JUILLET%20ALL\/MES%20AUTOS%20JUILLET%202020%200098.jpg\" alt=\"\" \/><img class=\"skip-lazy no-lazyload noLazy\" data-lazy-src=\"\" src =\"https:\/\/citrothello.net\/blog\/images\/MES_VOITURES\/MES%20AUTOS\/MES%20AUTOS%202020%20JUILLET%20ALL\/MES%20AUTOS%20JUILLET%202020%200099.jpg\" alt=\"\" \/><img class=\"skip-lazy no-lazyload noLazy\" data-lazy-src=\"\" src =\"https:\/\/citrothello.net\/blog\/images\/MES_VOITURES\/MES%20AUTOS\/MES%20AUTOS%202020%20JUILLET%20ALL\/MES%20AUTOS%20JUILLET%202020%200100.jpg\" alt=\"\" \/><img class=\"skip-lazy no-lazyload noLazy\" data-lazy-src=\"\" src =\"https:\/\/citrothello.net\/blog\/images\/MES_VOITURES\/MES%20AUTOS\/MES%20AUTOS%202020%20JUILLET%20ALL\/MES%20AUTOS%20JUILLET%202020%200101.jpg\" alt=\"\" \/><img class=\"skip-lazy no-lazyload noLazy\" data-lazy-src=\"\" src =\"https:\/\/citrothello.net\/blog\/images\/MES_VOITURES\/MES%20AUTOS\/MES%20AUTOS%202020%20JUILLET%20ALL\/MES%20AUTOS%20JUILLET%202020%200102.jpg\" alt=\"\" \/><img class=\"skip-lazy no-lazyload noLazy\" data-lazy-src=\"\" src =\"https:\/\/citrothello.net\/blog\/images\/MES_VOITURES\/MES%20AUTOS\/MES%20AUTOS%202020%20JUILLET%20ALL\/MES%20AUTOS%20JUILLET%202020%200103.jpg\" alt=\"\" \/><img class=\"skip-lazy no-lazyload noLazy\" data-lazy-src=\"\" src =\"https:\/\/citrothello.net\/blog\/images\/MES_VOITURES\/MES%20AUTOS\/MES%20AUTOS%202020%20JUILLET%20ALL\/MES%20AUTOS%20JUILLET%202020%200104.jpg\" alt=\"\" \/><img class=\"skip-lazy no-lazyload noLazy\" data-lazy-src=\"\" src =\"https:\/\/citrothello.net\/blog\/images\/MES_VOITURES\/MES%20AUTOS\/MES%20AUTOS%202020%20JUILLET%20ALL\/MES%20AUTOS%20JUILLET%202020%200105.jpg\" alt=\"\" \/><img class=\"skip-lazy no-lazyload noLazy\" data-lazy-src=\"\" src =\"https:\/\/citrothello.net\/blog\/images\/MES_VOITURES\/MES%20AUTOS\/MES%20AUTOS%202020%20JUILLET%20ALL\/MES%20AUTOS%20JUILLET%202020%200106.jpg\" alt=\"\" \/><img class=\"skip-lazy no-lazyload noLazy\" data-lazy-src=\"\" src =\"https:\/\/citrothello.net\/blog\/images\/MES_VOITURES\/MES%20AUTOS\/MES%20AUTOS%202020%20JUILLET%20ALL\/MES%20AUTOS%20JUILLET%202020%200107.jpg\" alt=\"\" \/><img class=\"skip-lazy no-lazyload noLazy\" data-lazy-src=\"\" src =\"https:\/\/citrothello.net\/blog\/images\/MES_VOITURES\/MES%20AUTOS\/MES%20AUTOS%202020%20JUILLET%20ALL\/MES%20AUTOS%20JUILLET%202020%200108.jpg\" alt=\"\" \/><img class=\"skip-lazy no-lazyload noLazy\" data-lazy-src=\"\" src =\"https:\/\/citrothello.net\/blog\/images\/MES_VOITURES\/MES%20AUTOS\/MES%20AUTOS%202020%20JUILLET%20ALL\/MES%20AUTOS%20JUILLET%202020%200109.jpg\" alt=\"\" \/><img class=\"skip-lazy no-lazyload noLazy\" data-lazy-src=\"\" src =\"https:\/\/citrothello.net\/blog\/images\/MES_VOITURES\/MES%20AUTOS\/MES%20AUTOS%202020%20JUILLET%20ALL\/MES%20AUTOS%20JUILLET%202020%200110.jpg\" alt=\"\" \/><img class=\"skip-lazy no-lazyload noLazy\" data-lazy-src=\"\" src =\"https:\/\/citrothello.net\/blog\/images\/MES_VOITURES\/MES%20AUTOS\/MES%20AUTOS%202020%20JUILLET%20ALL\/MES%20AUTOS%20JUILLET%202020%200111.jpg\" alt=\"\" \/><img class=\"skip-lazy no-lazyload noLazy\" data-lazy-src=\"\" src =\"https:\/\/citrothello.net\/blog\/images\/MES_VOITURES\/MES%20AUTOS\/MES%20AUTOS%202020%20JUILLET%20ALL\/MES%20AUTOS%20JUILLET%202020%200112.jpg\" alt=\"\" \/><img class=\"skip-lazy no-lazyload noLazy\" data-lazy-src=\"\" src =\"https:\/\/citrothello.net\/blog\/images\/MES_VOITURES\/MES%20AUTOS\/MES%20AUTOS%202020%20JUILLET%20ALL\/MES%20AUTOS%20JUILLET%202020%200113.jpg\" alt=\"\" \/><img class=\"skip-lazy no-lazyload noLazy\" data-lazy-src=\"\" src =\"https:\/\/citrothello.net\/blog\/images\/MES_VOITURES\/MES%20AUTOS\/MES%20AUTOS%202020%20JUILLET%20ALL\/MES%20AUTOS%20JUILLET%202020%200114.jpg\" alt=\"\" \/><img class=\"skip-lazy no-lazyload noLazy\" data-lazy-src=\"\" src =\"https:\/\/citrothello.net\/blog\/images\/MES_VOITURES\/MES%20AUTOS\/MES%20AUTOS%202020%20JUILLET%20ALL\/MES%20AUTOS%20JUILLET%202020%200115.jpg\" alt=\"\" \/><img class=\"skip-lazy no-lazyload noLazy\" data-lazy-src=\"\" src =\"https:\/\/citrothello.net\/blog\/images\/MES_VOITURES\/MES%20AUTOS\/MES%20AUTOS%202020%20JUILLET%20ALL\/MES%20AUTOS%20JUILLET%202020%200116.jpg\" alt=\"\" \/><img class=\"skip-lazy no-lazyload noLazy\" data-lazy-src=\"\" src =\"https:\/\/citrothello.net\/blog\/images\/MES_VOITURES\/MES%20AUTOS\/MES%20AUTOS%202020%20JUILLET%20ALL\/MES%20AUTOS%20JUILLET%202020%200117.jpg\" alt=\"\" \/><img class=\"skip-lazy no-lazyload noLazy\" data-lazy-src=\"\" src =\"https:\/\/citrothello.net\/blog\/images\/MES_VOITURES\/MES%20AUTOS\/MES%20AUTOS%202020%20JUILLET%20ALL\/MES%20AUTOS%20JUILLET%202020%200118.jpg\" alt=\"\" \/><img class=\"skip-lazy no-lazyload noLazy\" data-lazy-src=\"\" src =\"https:\/\/citrothello.net\/blog\/images\/MES_VOITURES\/MES%20AUTOS\/MES%20AUTOS%202020%20JUILLET%20ALL\/MES%20AUTOS%20JUILLET%202020%200119.jpg\" alt=\"\" \/><img class=\"skip-lazy no-lazyload noLazy\" data-lazy-src=\"\" src =\"https:\/\/citrothello.net\/blog\/images\/MES_VOITURES\/MES%20AUTOS\/MES%20AUTOS%202020%20JUILLET%20ALL\/MES%20AUTOS%20JUILLET%202020%200120.jpg\" alt=\"\" \/><img class=\"skip-lazy no-lazyload noLazy\" data-lazy-src=\"\" src =\"https:\/\/citrothello.net\/blog\/images\/MES_VOITURES\/MES%20AUTOS\/MES%20AUTOS%202020%20JUILLET%20ALL\/MES%20AUTOS%20JUILLET%202020%200121.jpg\" alt=\"\" \/><img class=\"skip-lazy no-lazyload noLazy\" data-lazy-src=\"\" src =\"https:\/\/citrothello.net\/blog\/images\/MES_VOITURES\/MES%20AUTOS\/MES%20AUTOS%202020%20JUILLET%20ALL\/MES%20AUTOS%20JUILLET%202020%200122.jpg\" alt=\"\" \/><img class=\"skip-lazy no-lazyload noLazy\" data-lazy-src=\"\" src =\"https:\/\/citrothello.net\/blog\/images\/MES_VOITURES\/MES%20AUTOS\/MES%20AUTOS%202020%20JUILLET%20ALL\/MES%20AUTOS%20JUILLET%202020%200123.jpg\" alt=\"\" \/><img class=\"skip-lazy no-lazyload noLazy\" data-lazy-src=\"\" src =\"https:\/\/citrothello.net\/blog\/images\/MES_VOITURES\/MES%20AUTOS\/MES%20AUTOS%202020%20JUILLET%20ALL\/MES%20AUTOS%20JUILLET%202020%200124.jpg\" alt=\"\" \/><img class=\"skip-lazy no-lazyload noLazy\" data-lazy-src=\"\" src =\"https:\/\/citrothello.net\/blog\/images\/MES_VOITURES\/MES%20AUTOS\/MES%20AUTOS%202020%20JUILLET%20ALL\/MES%20AUTOS%20JUILLET%202020%200125.jpg\" alt=\"\" \/><img class=\"skip-lazy no-lazyload noLazy\" data-lazy-src=\"\" src =\"https:\/\/citrothello.net\/blog\/images\/MES_VOITURES\/MES%20AUTOS\/MES%20AUTOS%202020%20JUILLET%20ALL\/MES%20AUTOS%20JUILLET%202020%200126.jpg\" alt=\"\" \/><img class=\"skip-lazy no-lazyload noLazy\" data-lazy-src=\"\" src =\"https:\/\/citrothello.net\/blog\/images\/MES_VOITURES\/MES%20AUTOS\/MES%20AUTOS%202020%20JUILLET%20ALL\/MES%20AUTOS%20JUILLET%202020%200127.jpg\" alt=\"\" \/><img class=\"skip-lazy no-lazyload noLazy\" data-lazy-src=\"\" src =\"https:\/\/citrothello.net\/blog\/images\/MES_VOITURES\/MES%20AUTOS\/MES%20AUTOS%202020%20JUILLET%20ALL\/MES%20AUTOS%20JUILLET%202020%200128.jpg\" alt=\"\" \/><img class=\"skip-lazy no-lazyload noLazy\" data-lazy-src=\"\" src =\"https:\/\/citrothello.net\/blog\/images\/MES_VOITURES\/MES%20AUTOS\/MES%20AUTOS%202020%20JUILLET%20ALL\/MES%20AUTOS%20JUILLET%202020%200129.jpg\" alt=\"\" \/><img class=\"skip-lazy no-lazyload noLazy\" data-lazy-src=\"\" src =\"https:\/\/citrothello.net\/blog\/images\/MES_VOITURES\/MES%20AUTOS\/MES%20AUTOS%202020%20JUILLET%20ALL\/MES%20AUTOS%20JUILLET%202020%200130.jpg\" alt=\"\" \/><img class=\"skip-lazy no-lazyload noLazy\" data-lazy-src=\"\" src =\"https:\/\/citrothello.net\/blog\/images\/MES_VOITURES\/MES%20AUTOS\/MES%20AUTOS%202020%20JUILLET%20ALL\/MES%20AUTOS%20JUILLET%202020%200131.jpg\" alt=\"\" \/><img class=\"skip-lazy no-lazyload noLazy\" data-lazy-src=\"\" src =\"https:\/\/citrothello.net\/blog\/images\/MES_VOITURES\/MES%20AUTOS\/MES%20AUTOS%202020%20JUILLET%20ALL\/MES%20AUTOS%20JUILLET%202020%200132.jpg\" alt=\"\" \/><img class=\"skip-lazy no-lazyload noLazy\" data-lazy-src=\"\" src =\"https:\/\/citrothello.net\/blog\/images\/MES_VOITURES\/MES%20AUTOS\/MES%20AUTOS%202020%20JUILLET%20ALL\/MES%20AUTOS%20JUILLET%202020%200133.jpg\" alt=\"\" \/><img class=\"skip-lazy no-lazyload noLazy\" data-lazy-src=\"\" src =\"https:\/\/citrothello.net\/blog\/images\/MES_VOITURES\/MES%20AUTOS\/MES%20AUTOS%202020%20JUILLET%20ALL\/MES%20AUTOS%20JUILLET%202020%200134.jpg\" alt=\"\" \/><img class=\"skip-lazy no-lazyload noLazy\" data-lazy-src=\"\" src =\"https:\/\/citrothello.net\/blog\/images\/MES_VOITURES\/MES%20AUTOS\/MES%20AUTOS%202020%20JUILLET%20ALL\/MES%20AUTOS%20JUILLET%202020%200135.jpg\" alt=\"\" \/><img class=\"skip-lazy no-lazyload noLazy\" data-lazy-src=\"\" src =\"https:\/\/citrothello.net\/blog\/images\/MES_VOITURES\/MES%20AUTOS\/MES%20AUTOS%202020%20JUILLET%20ALL\/MES%20AUTOS%20JUILLET%202020%200136.jpg\" alt=\"\" \/><img class=\"skip-lazy no-lazyload noLazy\" data-lazy-src=\"\" src =\"https:\/\/citrothello.net\/blog\/images\/MES_VOITURES\/MES%20AUTOS\/MES%20AUTOS%202020%20JUILLET%20ALL\/MES%20AUTOS%20JUILLET%202020%200137.jpg\" alt=\"\" \/><img class=\"skip-lazy no-lazyload noLazy\" data-lazy-src=\"\" src =\"https:\/\/citrothello.net\/blog\/images\/MES_VOITURES\/MES%20AUTOS\/MES%20AUTOS%202020%20JUILLET%20ALL\/MES%20AUTOS%20JUILLET%202020%200138.jpg\" alt=\"\" \/><img class=\"skip-lazy no-lazyload noLazy\" data-lazy-src=\"\" src =\"https:\/\/citrothello.net\/blog\/images\/MES_VOITURES\/MES%20AUTOS\/MES%20AUTOS%202020%20JUILLET%20ALL\/MES%20AUTOS%20JUILLET%202020%200139.jpg\" alt=\"\" \/><img class=\"skip-lazy no-lazyload noLazy\" data-lazy-src=\"\" src =\"https:\/\/citrothello.net\/blog\/images\/MES_VOITURES\/MES%20AUTOS\/MES%20AUTOS%202020%20JUILLET%20ALL\/MES%20AUTOS%20JUILLET%202020%200140.jpg\" alt=\"\" \/><img class=\"skip-lazy no-lazyload noLazy\" data-lazy-src=\"\" src =\"https:\/\/citrothello.net\/blog\/images\/MES_VOITURES\/MES%20AUTOS\/MES%20AUTOS%202020%20JUILLET%20ALL\/MES%20AUTOS%20JUILLET%202020%200141.jpg\" alt=\"\" \/><img class=\"skip-lazy no-lazyload noLazy\" data-lazy-src=\"\" src =\"https:\/\/citrothello.net\/blog\/images\/MES_VOITURES\/MES%20AUTOS\/MES%20AUTOS%202020%20JUILLET%20ALL\/MES%20AUTOS%20JUILLET%202020%200142.jpg\" alt=\"\" \/><img class=\"skip-lazy no-lazyload noLazy\" data-lazy-src=\"\" src =\"https:\/\/citrothello.net\/blog\/images\/MES_VOITURES\/MES%20AUTOS\/MES%20AUTOS%202020%20JUILLET%20ALL\/MES%20AUTOS%20JUILLET%202020%200143.jpg\" alt=\"\" \/><img class=\"skip-lazy no-lazyload noLazy\" data-lazy-src=\"\" src =\"https:\/\/citrothello.net\/blog\/images\/MES_VOITURES\/MES%20AUTOS\/MES%20AUTOS%202020%20JUILLET%20ALL\/MES%20AUTOS%20JUILLET%202020%200144.jpg\" alt=\"\" \/><img class=\"skip-lazy no-lazyload noLazy\" data-lazy-src=\"\" src =\"https:\/\/citrothello.net\/blog\/images\/MES_VOITURES\/MES%20AUTOS\/MES%20AUTOS%202020%20JUILLET%20ALL\/MES%20AUTOS%20JUILLET%202020%200145.jpg\" alt=\"\" \/><img class=\"skip-lazy no-lazyload noLazy\" data-lazy-src=\"\" src =\"https:\/\/citrothello.net\/blog\/images\/MES_VOITURES\/MES%20AUTOS\/MES%20AUTOS%202020%20JUILLET%20ALL\/MES%20AUTOS%20JUILLET%202020%200146.jpg\" alt=\"\" \/><img class=\"skip-lazy no-lazyload noLazy\" data-lazy-src=\"\" src =\"https:\/\/citrothello.net\/blog\/images\/MES_VOITURES\/MES%20AUTOS\/MES%20AUTOS%202020%20JUILLET%20ALL\/MES%20AUTOS%20JUILLET%202020%200147.jpg\" alt=\"\" \/><img class=\"skip-lazy no-lazyload noLazy\" data-lazy-src=\"\" src =\"https:\/\/citrothello.net\/blog\/images\/MES_VOITURES\/MES%20AUTOS\/MES%20AUTOS%202020%20JUILLET%20ALL\/MES%20AUTOS%20JUILLET%202020%200148.jpg\" alt=\"\" \/><img class=\"skip-lazy no-lazyload noLazy\" data-lazy-src=\"\" src =\"https:\/\/citrothello.net\/blog\/images\/MES_VOITURES\/MES%20AUTOS\/MES%20AUTOS%202020%20JUILLET%20ALL\/MES%20AUTOS%20JUILLET%202020%200149.jpg\" alt=\"\" \/><img class=\"skip-lazy no-lazyload noLazy\" data-lazy-src=\"\" src =\"https:\/\/citrothello.net\/blog\/images\/MES_VOITURES\/MES%20AUTOS\/MES%20AUTOS%202020%20JUILLET%20ALL\/MES%20AUTOS%20JUILLET%202020%200150.jpg\" alt=\"\" \/><img class=\"skip-lazy no-lazyload noLazy\" data-lazy-src=\"\" src =\"https:\/\/citrothello.net\/blog\/images\/MES_VOITURES\/MES%20AUTOS\/MES%20AUTOS%202020%20JUILLET%20ALL\/MES%20AUTOS%20JUILLET%202020%200151.jpg\" alt=\"\" \/><img class=\"skip-lazy no-lazyload noLazy\" data-lazy-src=\"\" src =\"https:\/\/citrothello.net\/blog\/images\/MES_VOITURES\/MES%20AUTOS\/MES%20AUTOS%202020%20JUILLET%20ALL\/MES%20AUTOS%20JUILLET%202020%200152.jpg\" alt=\"\" \/><img class=\"skip-lazy no-lazyload noLazy\" data-lazy-src=\"\" src =\"https:\/\/citrothello.net\/blog\/images\/MES_VOITURES\/MES%20AUTOS\/MES%20AUTOS%202020%20JUILLET%20ALL\/MES%20AUTOS%20JUILLET%202020%200153.jpg\" alt=\"\" \/><img class=\"skip-lazy no-lazyload noLazy\" data-lazy-src=\"\" src =\"https:\/\/citrothello.net\/blog\/images\/MES_VOITURES\/MES%20AUTOS\/MES%20AUTOS%202020%20JUILLET%20ALL\/MES%20AUTOS%20JUILLET%202020%200154.jpg\" alt=\"\" \/><img class=\"skip-lazy no-lazyload noLazy\" data-lazy-src=\"\" src =\"https:\/\/citrothello.net\/blog\/images\/MES_VOITURES\/MES%20AUTOS\/MES%20AUTOS%202020%20JUILLET%20ALL\/MES%20AUTOS%20JUILLET%202020%200155.jpg\" alt=\"\" \/><img class=\"skip-lazy no-lazyload noLazy\" data-lazy-src=\"\" src =\"https:\/\/citrothello.net\/blog\/images\/MES_VOITURES\/MES%20AUTOS\/MES%20AUTOS%202020%20JUILLET%20ALL\/MES%20AUTOS%20JUILLET%202020%200156.jpg\" alt=\"\" \/><img class=\"skip-lazy no-lazyload noLazy\" data-lazy-src=\"\" src =\"https:\/\/citrothello.net\/blog\/images\/MES_VOITURES\/MES%20AUTOS\/MES%20AUTOS%202020%20JUILLET%20ALL\/MES%20AUTOS%20JUILLET%202020%200157.jpg\" alt=\"\" \/><img class=\"skip-lazy no-lazyload noLazy\" data-lazy-src=\"\" src =\"https:\/\/citrothello.net\/blog\/images\/MES_VOITURES\/MES%20AUTOS\/MES%20AUTOS%202020%20JUILLET%20ALL\/MES%20AUTOS%20JUILLET%202020%200158.jpg\" alt=\"\" \/><img class=\"skip-lazy no-lazyload noLazy\" data-lazy-src=\"\" src =\"https:\/\/citrothello.net\/blog\/images\/MES_VOITURES\/MES%20AUTOS\/MES%20AUTOS%202020%20JUILLET%20ALL\/MES%20AUTOS%20JUILLET%202020%200159.jpg\" alt=\"\" \/><img class=\"skip-lazy no-lazyload noLazy\" data-lazy-src=\"\" src =\"https:\/\/citrothello.net\/blog\/images\/MES_VOITURES\/MES%20AUTOS\/MES%20AUTOS%202020%20JUILLET%20ALL\/MES%20AUTOS%20JUILLET%202020%200160.jpg\" alt=\"\" \/><img class=\"skip-lazy no-lazyload noLazy\" data-lazy-src=\"\" src =\"https:\/\/citrothello.net\/blog\/images\/MES_VOITURES\/MES%20AUTOS\/MES%20AUTOS%202020%20JUILLET%20ALL\/MES%20AUTOS%20JUILLET%202020%200161.jpg\" alt=\"\" \/><img class=\"skip-lazy no-lazyload noLazy\" data-lazy-src=\"\" src =\"https:\/\/citrothello.net\/blog\/images\/MES_VOITURES\/MES%20AUTOS\/MES%20AUTOS%202020%20JUILLET%20ALL\/MES%20AUTOS%20JUILLET%202020%200162.jpg\" alt=\"\" \/><img class=\"skip-lazy no-lazyload noLazy\" data-lazy-src=\"\" src =\"https:\/\/citrothello.net\/blog\/images\/MES_VOITURES\/MES%20AUTOS\/MES%20AUTOS%202020%20JUILLET%20ALL\/MES%20AUTOS%20JUILLET%202020%200163.jpg\" alt=\"\" \/><img class=\"skip-lazy no-lazyload noLazy\" data-lazy-src=\"\" src =\"https:\/\/citrothello.net\/blog\/images\/MES_VOITURES\/MES%20AUTOS\/MES%20AUTOS%202020%20JUILLET%20ALL\/MES%20AUTOS%20JUILLET%202020%200164.jpg\" alt=\"\" \/><img class=\"skip-lazy no-lazyload noLazy\" data-lazy-src=\"\" src =\"https:\/\/citrothello.net\/blog\/images\/MES_VOITURES\/MES%20AUTOS\/MES%20AUTOS%202020%20JUILLET%20ALL\/MES%20AUTOS%20JUILLET%202020%200165.jpg\" alt=\"\" \/><img class=\"skip-lazy no-lazyload noLazy\" data-lazy-src=\"\" src =\"https:\/\/citrothello.net\/blog\/images\/MES_VOITURES\/MES%20AUTOS\/MES%20AUTOS%202020%20JUILLET%20ALL\/MES%20AUTOS%20JUILLET%202020%200166.jpg\" alt=\"\" \/><img class=\"skip-lazy no-lazyload noLazy\" data-lazy-src=\"\" src =\"https:\/\/citrothello.net\/blog\/images\/MES_VOITURES\/MES%20AUTOS\/MES%20AUTOS%202020%20JUILLET%20ALL\/MES%20AUTOS%20JUILLET%202020%200167.jpg\" alt=\"\" \/><img class=\"skip-lazy no-lazyload noLazy\" data-lazy-src=\"\" src =\"https:\/\/citrothello.net\/blog\/images\/MES_VOITURES\/MES%20AUTOS\/MES%20AUTOS%202020%20JUILLET%20ALL\/MES%20AUTOS%20JUILLET%202020%200168.jpg\" alt=\"\" \/><img class=\"skip-lazy no-lazyload noLazy\" data-lazy-src=\"\" src =\"https:\/\/citrothello.net\/blog\/images\/MES_VOITURES\/MES%20AUTOS\/MES%20AUTOS%202020%20JUILLET%20ALL\/MES%20AUTOS%20JUILLET%202020%200169.jpg\" alt=\"\" \/><img class=\"skip-lazy no-lazyload noLazy\" data-lazy-src=\"\" src =\"https:\/\/citrothello.net\/blog\/images\/MES_VOITURES\/MES%20AUTOS\/MES%20AUTOS%202020%20JUILLET%20ALL\/MES%20AUTOS%20JUILLET%202020%200170.jpg\" alt=\"\" \/><img class=\"skip-lazy no-lazyload noLazy\" data-lazy-src=\"\" src =\"https:\/\/citrothello.net\/blog\/images\/MES_VOITURES\/MES%20AUTOS\/MES%20AUTOS%202020%20JUILLET%20ALL\/MES%20AUTOS%20JUILLET%202020%200171.jpg\" alt=\"\" \/><img class=\"skip-lazy no-lazyload noLazy\" data-lazy-src=\"\" src =\"https:\/\/citrothello.net\/blog\/images\/MES_VOITURES\/MES%20AUTOS\/MES%20AUTOS%202020%20JUILLET%20ALL\/MES%20AUTOS%20JUILLET%202020%200172.jpg\" alt=\"\" \/><img class=\"skip-lazy no-lazyload noLazy\" data-lazy-src=\"\" src =\"https:\/\/citrothello.net\/blog\/images\/MES_VOITURES\/MES%20AUTOS\/MES%20AUTOS%202020%20JUILLET%20ALL\/MES%20AUTOS%20JUILLET%202020%200173.jpg\" alt=\"\" \/><img class=\"skip-lazy no-lazyload noLazy\" data-lazy-src=\"\" src =\"https:\/\/citrothello.net\/blog\/images\/MES_VOITURES\/MES%20AUTOS\/MES%20AUTOS%202020%20JUILLET%20ALL\/MES%20AUTOS%20JUILLET%202020%200174.jpg\" alt=\"\" \/><img class=\"skip-lazy no-lazyload noLazy\" data-lazy-src=\"\" src =\"https:\/\/citrothello.net\/blog\/images\/MES_VOITURES\/MES%20AUTOS\/MES%20AUTOS%202020%20JUILLET%20ALL\/MES%20AUTOS%20JUILLET%202020%200175.jpg\" alt=\"\" \/><img class=\"skip-lazy no-lazyload noLazy\" data-lazy-src=\"\" src =\"https:\/\/citrothello.net\/blog\/images\/MES_VOITURES\/MES%20AUTOS\/MES%20AUTOS%202020%20JUILLET%20ALL\/MES%20AUTOS%20JUILLET%202020%200176.jpg\" alt=\"\" \/><img class=\"skip-lazy no-lazyload noLazy\" data-lazy-src=\"\" src =\"https:\/\/citrothello.net\/blog\/images\/MES_VOITURES\/MES%20AUTOS\/MES%20AUTOS%202020%20JUILLET%20ALL\/MES%20AUTOS%20JUILLET%202020%200177.jpg\" alt=\"\" \/><img class=\"skip-lazy no-lazyload noLazy\" data-lazy-src=\"\" src =\"https:\/\/citrothello.net\/blog\/images\/MES_VOITURES\/MES%20AUTOS\/MES%20AUTOS%202020%20JUILLET%20ALL\/MES%20AUTOS%20JUILLET%202020%200178.jpg\" alt=\"\" \/><img class=\"skip-lazy no-lazyload noLazy\" data-lazy-src=\"\" src =\"https:\/\/citrothello.net\/blog\/images\/MES_VOITURES\/MES%20AUTOS\/MES%20AUTOS%202020%20JUILLET%20ALL\/MES%20AUTOS%20JUILLET%202020%200179.jpg\" alt=\"\" \/><img class=\"skip-lazy no-lazyload noLazy\" data-lazy-src=\"\" src =\"https:\/\/citrothello.net\/blog\/images\/MES_VOITURES\/MES%20AUTOS\/MES%20AUTOS%202020%20JUILLET%20ALL\/MES%20AUTOS%20JUILLET%202020%200180.jpg\" alt=\"\" \/><img class=\"skip-lazy no-lazyload noLazy\" data-lazy-src=\"\" src =\"https:\/\/citrothello.net\/blog\/images\/MES_VOITURES\/MES%20AUTOS\/MES%20AUTOS%202020%20JUILLET%20ALL\/MES%20AUTOS%20JUILLET%202020%200181.jpg\" alt=\"\" \/><img class=\"skip-lazy no-lazyload noLazy\" data-lazy-src=\"\" src =\"https:\/\/citrothello.net\/blog\/images\/MES_VOITURES\/MES%20AUTOS\/MES%20AUTOS%202020%20JUILLET%20ALL\/MES%20AUTOS%20JUILLET%202020%200182.jpg\" alt=\"\" \/><img class=\"skip-lazy no-lazyload noLazy\" data-lazy-src=\"\" src =\"https:\/\/citrothello.net\/blog\/images\/MES_VOITURES\/MES%20AUTOS\/MES%20AUTOS%202020%20JUILLET%20ALL\/MES%20AUTOS%20JUILLET%202020%200183.jpg\" alt=\"\" \/><img class=\"skip-lazy no-lazyload noLazy\" data-lazy-src=\"\" src =\"https:\/\/citrothello.net\/blog\/images\/MES_VOITURES\/MES%20AUTOS\/MES%20AUTOS%202020%20JUILLET%20ALL\/MES%20AUTOS%20JUILLET%202020%200184.jpg\" alt=\"\" \/><img class=\"skip-lazy no-lazyload noLazy\" data-lazy-src=\"\" src =\"https:\/\/citrothello.net\/blog\/images\/MES_VOITURES\/MES%20AUTOS\/MES%20AUTOS%202020%20JUILLET%20ALL\/MES%20AUTOS%20JUILLET%202020%200185.jpg\" alt=\"\" \/><img class=\"skip-lazy no-lazyload noLazy\" data-lazy-src=\"\" src =\"https:\/\/citrothello.net\/blog\/images\/MES_VOITURES\/MES%20AUTOS\/MES%20AUTOS%202020%20JUILLET%20ALL\/MES%20AUTOS%20JUILLET%202020%200186.jpg\" alt=\"\" \/><img class=\"skip-lazy no-lazyload noLazy\" data-lazy-src=\"\" src =\"https:\/\/citrothello.net\/blog\/images\/MES_VOITURES\/MES%20AUTOS\/MES%20AUTOS%202020%20JUILLET%20ALL\/MES%20AUTOS%20JUILLET%202020%200187.jpg\" alt=\"\" \/><img class=\"skip-lazy no-lazyload noLazy\" data-lazy-src=\"\" src =\"https:\/\/citrothello.net\/blog\/images\/MES_VOITURES\/MES%20AUTOS\/MES%20AUTOS%202020%20JUILLET%20ALL\/MES%20AUTOS%20JUILLET%202020%200188.jpg\" alt=\"\" \/><img class=\"skip-lazy no-lazyload noLazy\" data-lazy-src=\"\" src =\"https:\/\/citrothello.net\/blog\/images\/MES_VOITURES\/MES%20AUTOS\/MES%20AUTOS%202020%20JUILLET%20ALL\/MES%20AUTOS%20JUILLET%202020%200189.jpg\" alt=\"\" \/><img class=\"skip-lazy no-lazyload noLazy\" data-lazy-src=\"\" src =\"https:\/\/citrothello.net\/blog\/images\/MES_VOITURES\/MES%20AUTOS\/MES%20AUTOS%202020%20JUILLET%20ALL\/MES%20AUTOS%20JUILLET%202020%200190.jpg\" alt=\"\" \/><\/noscript><span style=\"color: #000000;\">\u00a0<\/span><\/p>\n<p>LES AUTRES PUBLICATIONS CONCERNANT CETTE VOITURE :<\/p>\n<div class='thumbnailblock'><div id='thumbnailgridcontainer' class=\"thumbnailgridcontainer tbdgrd_10179 responsive-grid\" ><div data-postid='10179'  class=\"griditemleft\" >\n                <div  class=\"postimage\" >\n                    <a href='https:\/\/citrothello.net\/blog\/mes-autos-avril-2020\/' title='MA COLLECTION DE VOITURES EN JUILLET 2020.'  ><img alt='MA COLLECTION DE VOITURES EN JUILLET 2020.'  src='https:\/\/citrothello.net\/blog\/wp-content\/uploads\/2020\/07\/MES-AUTOS-JUILLET-2020-0004-160x150.jpg' \/><\/a>\n\t            <\/div>\n                <div  class=\"postimage-title\" >\n                    <a  href='https:\/\/citrothello.net\/blog\/mes-autos-avril-2020\/' title='MA COLLECTION DE VOITURES EN JUILLET 2020.'  >MA COLLECTION DE VOITURES EN JUILLET 2020.<\/a>\n\t            <\/div>\n            <\/div><div data-postid='9304'  class=\"griditemleft\" >\n                <div  class=\"postimage\" >\n                    <a href='https:\/\/citrothello.net\/blog\/de-hibernation-de-mes-autos-printemps-2019\/' title='DE-HIBERNATION DE MES AUTOS PRINTEMPS 2019.'  ><img alt='DE-HIBERNATION DE MES AUTOS PRINTEMPS 2019.'  src='https:\/\/citrothello.net\/blog\/wp-content\/uploads\/2019\/04\/DESHIBERNATION-2019-144-160x150.jpg' \/><\/a>\n\t            <\/div>\n                <div  class=\"postimage-title\" >\n                    <a  href='https:\/\/citrothello.net\/blog\/de-hibernation-de-mes-autos-printemps-2019\/' title='DE-HIBERNATION DE MES AUTOS PRINTEMPS 2019.'  >DE-HIBERNATION DE MES AUTOS PRINTEMPS 2019.<\/a>\n\t            <\/div>\n            <\/div><div data-postid='9309'  class=\"griditemleft\" >\n                <div  class=\"postimage\" >\n                    <a href='https:\/\/citrothello.net\/blog\/mes-autos-avril-2019\/' title='MA COLLECTION DE VOITURES EN AVRIL 2019.'  ><img alt='MA COLLECTION DE VOITURES EN AVRIL 2019.'  src='https:\/\/citrothello.net\/blog\/wp-content\/uploads\/2019\/04\/MES-AUTOS-AVRIL-2019-054-160x150.jpg' \/><\/a>\n\t            <\/div>\n                <div  class=\"postimage-title\" >\n                    <a  href='https:\/\/citrothello.net\/blog\/mes-autos-avril-2019\/' title='MA COLLECTION DE VOITURES EN AVRIL 2019.'  >MA COLLECTION DE VOITURES EN AVRIL 2019.<\/a>\n\t            <\/div>\n            <\/div><div data-postid='8852'  class=\"griditemleft\" >\n                <div  class=\"postimage\" >\n                    <a href='https:\/\/citrothello.net\/blog\/citroen-sur-les-reseaux-sociaux\/' title='CITRO\u00cbN SUR LES R\u00c9SEAUX SOCIAUX.'  ><img alt='CITRO\u00cbN SUR LES R\u00c9SEAUX SOCIAUX.'  src='https:\/\/citrothello.net\/blog\/wp-content\/uploads\/2018\/12\/IMAGE-INTERNET-01-160x150.jpg' \/><\/a>\n\t            <\/div>\n                <div  class=\"postimage-title\" >\n                    <a  href='https:\/\/citrothello.net\/blog\/citroen-sur-les-reseaux-sociaux\/' title='CITRO\u00cbN SUR LES R\u00c9SEAUX SOCIAUX.'  >CITRO\u00cbN SUR LES R\u00c9SEAUX SOCIAUX.<\/a>\n\t            <\/div>\n            <\/div><div data-postid='8736'  class=\"griditemleft\" >\n                <div  class=\"postimage\" >\n                    <a href='https:\/\/citrothello.net\/blog\/mes-autos-septembre-2018\/' title='MES VOITURES EN 2018.'  ><img alt='MES VOITURES EN 2018.'  src='https:\/\/citrothello.net\/blog\/wp-content\/uploads\/2018\/10\/DS-19-67-OTHELLO-2018-GUITARE-01-160x150.jpg' \/><\/a>\n\t            <\/div>\n                <div  class=\"postimage-title\" >\n                    <a  href='https:\/\/citrothello.net\/blog\/mes-autos-septembre-2018\/' title='MES VOITURES EN 2018.'  >MES VOITURES EN 2018.<\/a>\n\t            <\/div>\n            <\/div><div data-postid='6406'  class=\"griditemleft\" >\n                <div  class=\"postimage\" >\n                    <a href='https:\/\/citrothello.net\/blog\/mes-autos-septembre-2016\/' title='MES VOITURES SEPTEMBRE 2016.'  ><img alt='MES VOITURES SEPTEMBRE 2016.'  src='https:\/\/citrothello.net\/blog\/wp-content\/uploads\/2016\/09\/MA-COLLECTION-SEPT-2016-150x150.jpg' \/><\/a>\n\t            <\/div>\n                <div  class=\"postimage-title\" >\n                    <a  href='https:\/\/citrothello.net\/blog\/mes-autos-septembre-2016\/' title='MES VOITURES SEPTEMBRE 2016.'  >MES VOITURES SEPTEMBRE 2016.<\/a>\n\t            <\/div>\n            <\/div><div data-postid='5633'  class=\"griditemleft\" >\n                <div  class=\"postimage\" >\n                    <a href='https:\/\/citrothello.net\/blog\/mes-voitures-en-seance-juin-2015-2\/' title='MES VOITURES EN S\u00c9ANCE JUIN 2015.'  ><img alt='MES VOITURES EN S\u00c9ANCE JUIN 2015.'  src='https:\/\/citrothello.net\/blog\/wp-content\/uploads\/2015\/07\/MES-AUTOS-24-JUILLET-2015-002-150x150.jpg' \/><\/a>\n\t            <\/div>\n                <div  class=\"postimage-title\" >\n                    <a  href='https:\/\/citrothello.net\/blog\/mes-voitures-en-seance-juin-2015-2\/' title='MES VOITURES EN S\u00c9ANCE JUIN 2015.'  >MES VOITURES EN S\u00c9ANCE JUIN 2015.<\/a>\n\t            <\/div>\n            <\/div><div data-postid='5536'  class=\"griditemleft\" >\n                <div  class=\"postimage\" >\n                    <a href='https:\/\/citrothello.net\/blog\/mes-voitures-en-seance-juin-2015\/' title='MES VOITURES EN S\u00c9ANCE JUIN 2014.'  ><img alt='MES VOITURES EN S\u00c9ANCE JUIN 2014.'  src='https:\/\/citrothello.net\/blog\/wp-content\/uploads\/2015\/06\/MES-VOITURES-03-JUIN-2015-027-150x150.jpg' \/><\/a>\n\t            <\/div>\n                <div  class=\"postimage-title\" >\n                    <a  href='https:\/\/citrothello.net\/blog\/mes-voitures-en-seance-juin-2015\/' title='MES VOITURES EN S\u00c9ANCE JUIN 2014.'  >MES VOITURES EN S\u00c9ANCE JUIN 2014.<\/a>\n\t            <\/div>\n            <\/div><div data-postid='4350'  class=\"griditemleft\" >\n                <div  class=\"postimage\" >\n                    <a href='https:\/\/citrothello.net\/blog\/sm-de-competiton-bob-neyret-par-les-ateliers-524-a-grenoble-2\/' title='ONLY DS. UN BEL ETE 2014 A TOUS EN CITROEN.'  ><img alt='ONLY DS. UN BEL ETE 2014 A TOUS EN CITROEN.'  src='https:\/\/citrothello.net\/blog\/wp-content\/uploads\/2014\/04\/DS-21IE-72-CHARMILLE-RESTAU-2132-150x150.jpg' \/><\/a>\n\t            <\/div>\n                <div  class=\"postimage-title\" >\n                    <a  href='https:\/\/citrothello.net\/blog\/sm-de-competiton-bob-neyret-par-les-ateliers-524-a-grenoble-2\/' title='ONLY DS. UN BEL ETE 2014 A TOUS EN CITROEN.'  >ONLY DS. UN BEL ETE 2014 A TOUS EN CITROEN.<\/a>\n\t            <\/div>\n            <\/div><div data-postid='5559'  class=\"griditemleft\" >\n                <div  class=\"postimage\" >\n                    <a href='https:\/\/citrothello.net\/blog\/mes-voitures-ancien-local-en-juillet-2012\/' title='MES VOITURES ANCIEN LOCAL EN JUILLET 2012.'  ><img alt='MES VOITURES ANCIEN LOCAL EN JUILLET 2012.'  src='https:\/\/citrothello.net\/blog\/wp-content\/uploads\/2015\/06\/MES-VOITURES-JUILLET-2012-035-150x150.jpg' \/><\/a>\n\t            <\/div>\n                <div  class=\"postimage-title\" >\n                    <a  href='https:\/\/citrothello.net\/blog\/mes-voitures-ancien-local-en-juillet-2012\/' title='MES VOITURES ANCIEN LOCAL EN JUILLET 2012.'  >MES VOITURES ANCIEN LOCAL EN JUILLET 2012.<\/a>\n\t            <\/div>\n            <\/div><div data-postid='5546'  class=\"griditemleft\" >\n                <div  class=\"postimage\" >\n                    <a href='https:\/\/citrothello.net\/blog\/mes-voitures-en-octobre-2006\/' title='MES VOITURES EN OCTOBRE 2006.'  ><img alt='MES VOITURES EN OCTOBRE 2006.'  src='https:\/\/citrothello.net\/blog\/wp-content\/uploads\/2006\/10\/Capture-d\u2019\u00e9cran-221-150x150.jpg' \/><\/a>\n\t            <\/div>\n                <div  class=\"postimage-title\" >\n                    <a  href='https:\/\/citrothello.net\/blog\/mes-voitures-en-octobre-2006\/' title='MES VOITURES EN OCTOBRE 2006.'  >MES VOITURES EN OCTOBRE 2006.<\/a>\n\t            <\/div>\n            <\/div><div data-postid='815'  class=\"griditemleft\" >\n                <div  class=\"postimage\" >\n                    <a href='https:\/\/citrothello.net\/blog\/mes-voitures-en-juille-2005\/' title='MES VOITURES EN JUILLET 2005.'  ><img alt='MES VOITURES EN JUILLET 2005.'  src='https:\/\/citrothello.net\/blog\/wp-content\/uploads\/2013\/01\/MES-AUTOS-27-JUILLET-05-13-big-150x150.jpg' \/><\/a>\n\t            <\/div>\n                <div  class=\"postimage-title\" >\n                    <a  href='https:\/\/citrothello.net\/blog\/mes-voitures-en-juille-2005\/' title='MES VOITURES EN JUILLET 2005.'  >MES VOITURES EN JUILLET 2005.<\/a>\n\t            <\/div>\n            <\/div><div data-postid='5562'  class=\"griditemleft\" >\n                <div  class=\"postimage\" >\n                    <a href='https:\/\/citrothello.net\/blog\/demenagement-de-mes-autos-pour-ma-maison-en-fevrier-2005\/' title='D\u00c9M\u00c9NAGEMENT DE MES AUTOS POUR MA MAISON EN F\u00c9VRIER 2005.'  ><img alt='D\u00c9M\u00c9NAGEMENT DE MES AUTOS POUR MA MAISON EN F\u00c9VRIER 2005.'  src='https:\/\/citrothello.net\/blog\/wp-content\/uploads\/2015\/06\/MES-VOITURES-DEMENAGEMENT-2005-006-150x150.jpg' \/><\/a>\n\t            <\/div>\n                <div  class=\"postimage-title\" >\n                    <a  href='https:\/\/citrothello.net\/blog\/demenagement-de-mes-autos-pour-ma-maison-en-fevrier-2005\/' title='D\u00c9M\u00c9NAGEMENT DE MES AUTOS POUR MA MAISON EN F\u00c9VRIER 2005.'  >D\u00c9M\u00c9NAGEMENT DE MES AUTOS POUR MA MAISON EN F\u00c9VRIER 2005.<\/a>\n\t            <\/div>\n            <\/div><div data-postid='825'  class=\"griditemleft\" >\n                <div  class=\"postimage\" >\n                    <a href='https:\/\/citrothello.net\/blog\/mes-voitures-ancien-local\/' title='MES VOITURES ANCIEN LOCAL EN AVRIL 2002.'  ><img alt='MES VOITURES ANCIEN LOCAL EN AVRIL 2002.'  src='https:\/\/citrothello.net\/blog\/wp-content\/uploads\/2013\/01\/ML-30-09-02-05-big-150x150.jpg' \/><\/a>\n\t            <\/div>\n                <div  class=\"postimage-title\" >\n                    <a  href='https:\/\/citrothello.net\/blog\/mes-voitures-ancien-local\/' title='MES VOITURES ANCIEN LOCAL EN AVRIL 2002.'  >MES VOITURES ANCIEN LOCAL EN AVRIL 2002.<\/a>\n\t            <\/div>\n            <\/div><\/div><!--thumbnailgridcontainer-->\n        \n        <\/div><!--thumbnailblock-->\n<p>&nbsp;<\/p>\n<p>&nbsp;<\/p>\n<p>&nbsp;<\/p>\n<p>&nbsp;<\/p>\n","protected":false},"excerpt":{"rendered":"\u00a0","protected":false},"author":1,"featured_media":10180,"comment_status":"closed","ping_status":"closed","sticky":false,"template":"","format":"standard","meta":[],"categories":[6,266],"tags":[],"_links":{"self":[{"href":"https:\/\/citrothello.net\/blog\/wp-json\/wp\/v2\/posts\/10179"}],"collection":[{"href":"https:\/\/citrothello.net\/blog\/wp-json\/wp\/v2\/posts"}],"about":[{"href":"https:\/\/citrothello.net\/blog\/wp-json\/wp\/v2\/types\/post"}],"author":[{"embeddable":true,"href":"https:\/\/citrothello.net\/blog\/wp-json\/wp\/v2\/users\/1"}],"replies":[{"embeddable":true,"href":"https:\/\/citrothello.net\/blog\/wp-json\/wp\/v2\/comments?post=10179"}],"version-history":[{"count":6,"href":"https:\/\/citrothello.net\/blog\/wp-json\/wp\/v2\/posts\/10179\/revisions"}],"predecessor-version":[{"id":10186,"href":"https:\/\/citrothello.net\/blog\/wp-json\/wp\/v2\/posts\/10179\/revisions\/10186"}],"wp:featuredmedia":[{"embeddable":true,"href":"https:\/\/citrothello.net\/blog\/wp-json\/wp\/v2\/media\/10180"}],"wp:attachment":[{"href":"https:\/\/citrothello.net\/blog\/wp-json\/wp\/v2\/media?parent=10179"}],"wp:term":[{"taxonomy":"category","embeddable":true,"href":"https:\/\/citrothello.net\/blog\/wp-json\/wp\/v2\/categories?post=10179"},{"taxonomy":"post_tag","embeddable":true,"href":"https:\/\/citrothello.net\/blog\/wp-json\/wp\/v2\/tags?post=10179"}],"curies":[{"name":"wp","href":"https:\/\/api.w.org\/{rel}","templated":true}]}}