{"id":1032,"date":"2013-01-08T12:09:33","date_gmt":"2013-01-08T11:09:33","guid":{"rendered":"http:\/\/citrothello.net\/blog\/?p=1032"},"modified":"2013-01-30T16:53:18","modified_gmt":"2013-01-30T15:53:18","slug":"c3-pluriel-2004","status":"publish","type":"post","link":"https:\/\/citrothello.net\/blog\/c3-pluriel-2004\/","title":{"rendered":"C3 PLURIEL 2004"},"content":{"rendered":"<p>La C3 Pluriel est sortie il y a presque 2 ans maintenant (en 2002). C&rsquo;est une auto qui brille par son originalit\u00e9 car r\u00e9ellement modulable \u00e0 souhait. Citro\u00ebn qui est r\u00e9solument tourn\u00e9 vers un esprit jeune ce qui est parfait, accentue sa position dans ce cr\u00e9neau. C&rsquo;est du reste une des rares autos actuelles pour laquelle je peux faire une page avec plus d&rsquo;une soixantaine de photos. Cette Pluriel appartient \u00e0 une copine nomm\u00e9e Vanessa qui s&rsquo;est aimablement pr\u00eat\u00e9e au jeu du d\u00e9montage et qui nous fait donc la d\u00e9mo compl\u00e8te d&rsquo;une Pluriel. Il vous faut tout de m\u00eame 10 bonnes minutes pour la rendre cabriolet, et simplement quelques secondes sans bouger de votre si\u00e8ges pour en faire un toit \u00e0 la 2 CV !!!!! D\u00c9MONSTRATION : !!!!<div class=\"flagallery photobox_skin\" id=\"FlaGallery_sc1_218\" ><div class=\"flagPhotoBox_Container\"> <script type=\"text\/javascript\"> jQuery(function(){ var data = {\"thumbwidth\":\"120\",\"thumbheight\":\"68\",\"thumbsvpad\":\"18\",\"thumbshpad\":\"20\",\"history\":\"1\",\"time\":\"2000\",\"autoplay\":\"0\",\"loop\":\"0\",\"thumbs\":\"1\",\"title\":\"1\",\"counter\":\"1\",\"caption\":\"1\",\"zoomable\":\"1\",\"hideFlash\":\"1\",\"key\":\"8dd813621127091cf627a18ae62f6997\",\"name\":\"GRANDPackPlus\",\"ID\":\"sc1_218\"}; data.content = [{\"id\":\"25212\",\"image\":\"https:\\\/\\\/citrothello.net\\\/blog\\\/images\\\/LES_CITROEN\\\/LES_RECENTES\\\/PLURIEL_C3_2003_VANESSA\\\/webview\\\/PLURIEL VAN 01 big.jpg\",\"thumb\":\"https:\\\/\\\/citrothello.net\\\/blog\\\/images\\\/LES_CITROEN\\\/LES_RECENTES\\\/PLURIEL_C3_2003_VANESSA\\\/thumbs\\\/thumbs_PLURIEL VAN 01 big.jpg\",\"title\":\"\",\"alt\":\"\",\"text\":\"\",\"media\":\"\",\"link\":null,\"linkTarget\":\"_self\"},{\"id\":\"25213\",\"image\":\"https:\\\/\\\/citrothello.net\\\/blog\\\/images\\\/LES_CITROEN\\\/LES_RECENTES\\\/PLURIEL_C3_2003_VANESSA\\\/webview\\\/PLURIEL VAN 02 big.jpg\",\"thumb\":\"https:\\\/\\\/citrothello.net\\\/blog\\\/images\\\/LES_CITROEN\\\/LES_RECENTES\\\/PLURIEL_C3_2003_VANESSA\\\/thumbs\\\/thumbs_PLURIEL VAN 02 big.jpg\",\"title\":\"\",\"alt\":\"\",\"text\":\"\",\"media\":\"\",\"link\":null,\"linkTarget\":\"_self\"},{\"id\":\"25214\",\"image\":\"https:\\\/\\\/citrothello.net\\\/blog\\\/images\\\/LES_CITROEN\\\/LES_RECENTES\\\/PLURIEL_C3_2003_VANESSA\\\/webview\\\/PLURIEL VAN 03 big.jpg\",\"thumb\":\"https:\\\/\\\/citrothello.net\\\/blog\\\/images\\\/LES_CITROEN\\\/LES_RECENTES\\\/PLURIEL_C3_2003_VANESSA\\\/thumbs\\\/thumbs_PLURIEL VAN 03 big.jpg\",\"title\":\"\",\"alt\":\"\",\"text\":\"\",\"media\":\"\",\"link\":null,\"linkTarget\":\"_self\"},{\"id\":\"25215\",\"image\":\"https:\\\/\\\/citrothello.net\\\/blog\\\/images\\\/LES_CITROEN\\\/LES_RECENTES\\\/PLURIEL_C3_2003_VANESSA\\\/webview\\\/PLURIEL VAN 04 big.jpg\",\"thumb\":\"https:\\\/\\\/citrothello.net\\\/blog\\\/images\\\/LES_CITROEN\\\/LES_RECENTES\\\/PLURIEL_C3_2003_VANESSA\\\/thumbs\\\/thumbs_PLURIEL VAN 04 big.jpg\",\"title\":\"\",\"alt\":\"\",\"text\":\"\",\"media\":\"\",\"link\":null,\"linkTarget\":\"_self\"},{\"id\":\"25216\",\"image\":\"https:\\\/\\\/citrothello.net\\\/blog\\\/images\\\/LES_CITROEN\\\/LES_RECENTES\\\/PLURIEL_C3_2003_VANESSA\\\/webview\\\/PLURIEL VAN 05 big.jpg\",\"thumb\":\"https:\\\/\\\/citrothello.net\\\/blog\\\/images\\\/LES_CITROEN\\\/LES_RECENTES\\\/PLURIEL_C3_2003_VANESSA\\\/thumbs\\\/thumbs_PLURIEL VAN 05 big.jpg\",\"title\":\"\",\"alt\":\"\",\"text\":\"\",\"media\":\"\",\"link\":null,\"linkTarget\":\"_self\"},{\"id\":\"25217\",\"image\":\"https:\\\/\\\/citrothello.net\\\/blog\\\/images\\\/LES_CITROEN\\\/LES_RECENTES\\\/PLURIEL_C3_2003_VANESSA\\\/webview\\\/PLURIEL VAN 08 big.jpg\",\"thumb\":\"https:\\\/\\\/citrothello.net\\\/blog\\\/images\\\/LES_CITROEN\\\/LES_RECENTES\\\/PLURIEL_C3_2003_VANESSA\\\/thumbs\\\/thumbs_PLURIEL VAN 08 big.jpg\",\"title\":\"\",\"alt\":\"\",\"text\":\"\",\"media\":\"\",\"link\":null,\"linkTarget\":\"_self\"},{\"id\":\"25218\",\"image\":\"https:\\\/\\\/citrothello.net\\\/blog\\\/images\\\/LES_CITROEN\\\/LES_RECENTES\\\/PLURIEL_C3_2003_VANESSA\\\/webview\\\/PLURIEL VAN 09 big.jpg\",\"thumb\":\"https:\\\/\\\/citrothello.net\\\/blog\\\/images\\\/LES_CITROEN\\\/LES_RECENTES\\\/PLURIEL_C3_2003_VANESSA\\\/thumbs\\\/thumbs_PLURIEL VAN 09 big.jpg\",\"title\":\"\",\"alt\":\"\",\"text\":\"\",\"media\":\"\",\"link\":null,\"linkTarget\":\"_self\"},{\"id\":\"25219\",\"image\":\"https:\\\/\\\/citrothello.net\\\/blog\\\/images\\\/LES_CITROEN\\\/LES_RECENTES\\\/PLURIEL_C3_2003_VANESSA\\\/webview\\\/PLURIEL VAN 10 big.jpg\",\"thumb\":\"https:\\\/\\\/citrothello.net\\\/blog\\\/images\\\/LES_CITROEN\\\/LES_RECENTES\\\/PLURIEL_C3_2003_VANESSA\\\/thumbs\\\/thumbs_PLURIEL VAN 10 big.jpg\",\"title\":\"\",\"alt\":\"\",\"text\":\"\",\"media\":\"\",\"link\":null,\"linkTarget\":\"_self\"},{\"id\":\"25220\",\"image\":\"https:\\\/\\\/citrothello.net\\\/blog\\\/images\\\/LES_CITROEN\\\/LES_RECENTES\\\/PLURIEL_C3_2003_VANESSA\\\/webview\\\/PLURIEL VAN 11 big.jpg\",\"thumb\":\"https:\\\/\\\/citrothello.net\\\/blog\\\/images\\\/LES_CITROEN\\\/LES_RECENTES\\\/PLURIEL_C3_2003_VANESSA\\\/thumbs\\\/thumbs_PLURIEL VAN 11 big.jpg\",\"title\":\"\",\"alt\":\"\",\"text\":\"\",\"media\":\"\",\"link\":null,\"linkTarget\":\"_self\"},{\"id\":\"25221\",\"image\":\"https:\\\/\\\/citrothello.net\\\/blog\\\/images\\\/LES_CITROEN\\\/LES_RECENTES\\\/PLURIEL_C3_2003_VANESSA\\\/webview\\\/PLURIEL VAN 12 big.jpg\",\"thumb\":\"https:\\\/\\\/citrothello.net\\\/blog\\\/images\\\/LES_CITROEN\\\/LES_RECENTES\\\/PLURIEL_C3_2003_VANESSA\\\/thumbs\\\/thumbs_PLURIEL VAN 12 big.jpg\",\"title\":\"\",\"alt\":\"\",\"text\":\"\",\"media\":\"\",\"link\":null,\"linkTarget\":\"_self\"},{\"id\":\"25222\",\"image\":\"https:\\\/\\\/citrothello.net\\\/blog\\\/images\\\/LES_CITROEN\\\/LES_RECENTES\\\/PLURIEL_C3_2003_VANESSA\\\/webview\\\/PLURIEL VAN 13 big.jpg\",\"thumb\":\"https:\\\/\\\/citrothello.net\\\/blog\\\/images\\\/LES_CITROEN\\\/LES_RECENTES\\\/PLURIEL_C3_2003_VANESSA\\\/thumbs\\\/thumbs_PLURIEL VAN 13 big.jpg\",\"title\":\"\",\"alt\":\"\",\"text\":\"\",\"media\":\"\",\"link\":null,\"linkTarget\":\"_self\"},{\"id\":\"25223\",\"image\":\"https:\\\/\\\/citrothello.net\\\/blog\\\/images\\\/LES_CITROEN\\\/LES_RECENTES\\\/PLURIEL_C3_2003_VANESSA\\\/webview\\\/PLURIEL VAN 14 big.jpg\",\"thumb\":\"https:\\\/\\\/citrothello.net\\\/blog\\\/images\\\/LES_CITROEN\\\/LES_RECENTES\\\/PLURIEL_C3_2003_VANESSA\\\/thumbs\\\/thumbs_PLURIEL VAN 14 big.jpg\",\"title\":\"\",\"alt\":\"\",\"text\":\"\",\"media\":\"\",\"link\":null,\"linkTarget\":\"_self\"},{\"id\":\"25224\",\"image\":\"https:\\\/\\\/citrothello.net\\\/blog\\\/images\\\/LES_CITROEN\\\/LES_RECENTES\\\/PLURIEL_C3_2003_VANESSA\\\/webview\\\/PLURIEL VAN 15 big.jpg\",\"thumb\":\"https:\\\/\\\/citrothello.net\\\/blog\\\/images\\\/LES_CITROEN\\\/LES_RECENTES\\\/PLURIEL_C3_2003_VANESSA\\\/thumbs\\\/thumbs_PLURIEL VAN 15 big.jpg\",\"title\":\"\",\"alt\":\"\",\"text\":\"\",\"media\":\"\",\"link\":null,\"linkTarget\":\"_self\"},{\"id\":\"25225\",\"image\":\"https:\\\/\\\/citrothello.net\\\/blog\\\/images\\\/LES_CITROEN\\\/LES_RECENTES\\\/PLURIEL_C3_2003_VANESSA\\\/webview\\\/PLURIEL VAN 16 big.jpg\",\"thumb\":\"https:\\\/\\\/citrothello.net\\\/blog\\\/images\\\/LES_CITROEN\\\/LES_RECENTES\\\/PLURIEL_C3_2003_VANESSA\\\/thumbs\\\/thumbs_PLURIEL VAN 16 big.jpg\",\"title\":\"\",\"alt\":\"\",\"text\":\"\",\"media\":\"\",\"link\":null,\"linkTarget\":\"_self\"},{\"id\":\"25226\",\"image\":\"https:\\\/\\\/citrothello.net\\\/blog\\\/images\\\/LES_CITROEN\\\/LES_RECENTES\\\/PLURIEL_C3_2003_VANESSA\\\/webview\\\/PLURIEL VAN 17 big.jpg\",\"thumb\":\"https:\\\/\\\/citrothello.net\\\/blog\\\/images\\\/LES_CITROEN\\\/LES_RECENTES\\\/PLURIEL_C3_2003_VANESSA\\\/thumbs\\\/thumbs_PLURIEL VAN 17 big.jpg\",\"title\":\"\",\"alt\":\"\",\"text\":\"\",\"media\":\"\",\"link\":null,\"linkTarget\":\"_self\"},{\"id\":\"25227\",\"image\":\"https:\\\/\\\/citrothello.net\\\/blog\\\/images\\\/LES_CITROEN\\\/LES_RECENTES\\\/PLURIEL_C3_2003_VANESSA\\\/webview\\\/PLURIEL VAN 18 big.jpg\",\"thumb\":\"https:\\\/\\\/citrothello.net\\\/blog\\\/images\\\/LES_CITROEN\\\/LES_RECENTES\\\/PLURIEL_C3_2003_VANESSA\\\/thumbs\\\/thumbs_PLURIEL VAN 18 big.jpg\",\"title\":\"\",\"alt\":\"\",\"text\":\"\",\"media\":\"\",\"link\":null,\"linkTarget\":\"_self\"},{\"id\":\"25228\",\"image\":\"https:\\\/\\\/citrothello.net\\\/blog\\\/images\\\/LES_CITROEN\\\/LES_RECENTES\\\/PLURIEL_C3_2003_VANESSA\\\/webview\\\/PLURIEL VAN 19 big.jpg\",\"thumb\":\"https:\\\/\\\/citrothello.net\\\/blog\\\/images\\\/LES_CITROEN\\\/LES_RECENTES\\\/PLURIEL_C3_2003_VANESSA\\\/thumbs\\\/thumbs_PLURIEL VAN 19 big.jpg\",\"title\":\"\",\"alt\":\"\",\"text\":\"\",\"media\":\"\",\"link\":null,\"linkTarget\":\"_self\"},{\"id\":\"25229\",\"image\":\"https:\\\/\\\/citrothello.net\\\/blog\\\/images\\\/LES_CITROEN\\\/LES_RECENTES\\\/PLURIEL_C3_2003_VANESSA\\\/webview\\\/PLURIEL VAN 21 big.jpg\",\"thumb\":\"https:\\\/\\\/citrothello.net\\\/blog\\\/images\\\/LES_CITROEN\\\/LES_RECENTES\\\/PLURIEL_C3_2003_VANESSA\\\/thumbs\\\/thumbs_PLURIEL VAN 21 big.jpg\",\"title\":\"\",\"alt\":\"\",\"text\":\"\",\"media\":\"\",\"link\":null,\"linkTarget\":\"_self\"},{\"id\":\"25230\",\"image\":\"https:\\\/\\\/citrothello.net\\\/blog\\\/images\\\/LES_CITROEN\\\/LES_RECENTES\\\/PLURIEL_C3_2003_VANESSA\\\/webview\\\/PLURIEL VAN 22 big.jpg\",\"thumb\":\"https:\\\/\\\/citrothello.net\\\/blog\\\/images\\\/LES_CITROEN\\\/LES_RECENTES\\\/PLURIEL_C3_2003_VANESSA\\\/thumbs\\\/thumbs_PLURIEL VAN 22 big.jpg\",\"title\":\"\",\"alt\":\"\",\"text\":\"\",\"media\":\"\",\"link\":null,\"linkTarget\":\"_self\"},{\"id\":\"25231\",\"image\":\"https:\\\/\\\/citrothello.net\\\/blog\\\/images\\\/LES_CITROEN\\\/LES_RECENTES\\\/PLURIEL_C3_2003_VANESSA\\\/webview\\\/PLURIEL VAN 23 big.jpg\",\"thumb\":\"https:\\\/\\\/citrothello.net\\\/blog\\\/images\\\/LES_CITROEN\\\/LES_RECENTES\\\/PLURIEL_C3_2003_VANESSA\\\/thumbs\\\/thumbs_PLURIEL VAN 23 big.jpg\",\"title\":\"\",\"alt\":\"\",\"text\":\"\",\"media\":\"\",\"link\":null,\"linkTarget\":\"_self\"},{\"id\":\"25232\",\"image\":\"https:\\\/\\\/citrothello.net\\\/blog\\\/images\\\/LES_CITROEN\\\/LES_RECENTES\\\/PLURIEL_C3_2003_VANESSA\\\/webview\\\/PLURIEL VAN 25 big.jpg\",\"thumb\":\"https:\\\/\\\/citrothello.net\\\/blog\\\/images\\\/LES_CITROEN\\\/LES_RECENTES\\\/PLURIEL_C3_2003_VANESSA\\\/thumbs\\\/thumbs_PLURIEL VAN 25 big.jpg\",\"title\":\"\",\"alt\":\"\",\"text\":\"\",\"media\":\"\",\"link\":null,\"linkTarget\":\"_self\"},{\"id\":\"25233\",\"image\":\"https:\\\/\\\/citrothello.net\\\/blog\\\/images\\\/LES_CITROEN\\\/LES_RECENTES\\\/PLURIEL_C3_2003_VANESSA\\\/webview\\\/PLURIEL VAN 26 big.jpg\",\"thumb\":\"https:\\\/\\\/citrothello.net\\\/blog\\\/images\\\/LES_CITROEN\\\/LES_RECENTES\\\/PLURIEL_C3_2003_VANESSA\\\/thumbs\\\/thumbs_PLURIEL VAN 26 big.jpg\",\"title\":\"\",\"alt\":\"\",\"text\":\"\",\"media\":\"\",\"link\":null,\"linkTarget\":\"_self\"},{\"id\":\"25234\",\"image\":\"https:\\\/\\\/citrothello.net\\\/blog\\\/images\\\/LES_CITROEN\\\/LES_RECENTES\\\/PLURIEL_C3_2003_VANESSA\\\/webview\\\/PLURIEL VAN 28 big.jpg\",\"thumb\":\"https:\\\/\\\/citrothello.net\\\/blog\\\/images\\\/LES_CITROEN\\\/LES_RECENTES\\\/PLURIEL_C3_2003_VANESSA\\\/thumbs\\\/thumbs_PLURIEL VAN 28 big.jpg\",\"title\":\"\",\"alt\":\"\",\"text\":\"\",\"media\":\"\",\"link\":null,\"linkTarget\":\"_self\"},{\"id\":\"25235\",\"image\":\"https:\\\/\\\/citrothello.net\\\/blog\\\/images\\\/LES_CITROEN\\\/LES_RECENTES\\\/PLURIEL_C3_2003_VANESSA\\\/webview\\\/PLURIEL VAN 30 big.jpg\",\"thumb\":\"https:\\\/\\\/citrothello.net\\\/blog\\\/images\\\/LES_CITROEN\\\/LES_RECENTES\\\/PLURIEL_C3_2003_VANESSA\\\/thumbs\\\/thumbs_PLURIEL VAN 30 big.jpg\",\"title\":\"\",\"alt\":\"\",\"text\":\"\",\"media\":\"\",\"link\":null,\"linkTarget\":\"_self\"},{\"id\":\"25236\",\"image\":\"https:\\\/\\\/citrothello.net\\\/blog\\\/images\\\/LES_CITROEN\\\/LES_RECENTES\\\/PLURIEL_C3_2003_VANESSA\\\/webview\\\/PLURIEL VAN 31 big.jpg\",\"thumb\":\"https:\\\/\\\/citrothello.net\\\/blog\\\/images\\\/LES_CITROEN\\\/LES_RECENTES\\\/PLURIEL_C3_2003_VANESSA\\\/thumbs\\\/thumbs_PLURIEL VAN 31 big.jpg\",\"title\":\"\",\"alt\":\"\",\"text\":\"\",\"media\":\"\",\"link\":null,\"linkTarget\":\"_self\"},{\"id\":\"25237\",\"image\":\"https:\\\/\\\/citrothello.net\\\/blog\\\/images\\\/LES_CITROEN\\\/LES_RECENTES\\\/PLURIEL_C3_2003_VANESSA\\\/webview\\\/PLURIEL VAN 32 big.jpg\",\"thumb\":\"https:\\\/\\\/citrothello.net\\\/blog\\\/images\\\/LES_CITROEN\\\/LES_RECENTES\\\/PLURIEL_C3_2003_VANESSA\\\/thumbs\\\/thumbs_PLURIEL VAN 32 big.jpg\",\"title\":\"\",\"alt\":\"\",\"text\":\"\",\"media\":\"\",\"link\":null,\"linkTarget\":\"_self\"},{\"id\":\"25238\",\"image\":\"https:\\\/\\\/citrothello.net\\\/blog\\\/images\\\/LES_CITROEN\\\/LES_RECENTES\\\/PLURIEL_C3_2003_VANESSA\\\/webview\\\/PLURIEL VAN 33 big.jpg\",\"thumb\":\"https:\\\/\\\/citrothello.net\\\/blog\\\/images\\\/LES_CITROEN\\\/LES_RECENTES\\\/PLURIEL_C3_2003_VANESSA\\\/thumbs\\\/thumbs_PLURIEL VAN 33 big.jpg\",\"title\":\"\",\"alt\":\"\",\"text\":\"\",\"media\":\"\",\"link\":null,\"linkTarget\":\"_self\"},{\"id\":\"25239\",\"image\":\"https:\\\/\\\/citrothello.net\\\/blog\\\/images\\\/LES_CITROEN\\\/LES_RECENTES\\\/PLURIEL_C3_2003_VANESSA\\\/webview\\\/PLURIEL VAN 34 big.jpg\",\"thumb\":\"https:\\\/\\\/citrothello.net\\\/blog\\\/images\\\/LES_CITROEN\\\/LES_RECENTES\\\/PLURIEL_C3_2003_VANESSA\\\/thumbs\\\/thumbs_PLURIEL VAN 34 big.jpg\",\"title\":\"\",\"alt\":\"\",\"text\":\"\",\"media\":\"\",\"link\":null,\"linkTarget\":\"_self\"},{\"id\":\"25240\",\"image\":\"https:\\\/\\\/citrothello.net\\\/blog\\\/images\\\/LES_CITROEN\\\/LES_RECENTES\\\/PLURIEL_C3_2003_VANESSA\\\/webview\\\/PLURIEL VAN 35 big.jpg\",\"thumb\":\"https:\\\/\\\/citrothello.net\\\/blog\\\/images\\\/LES_CITROEN\\\/LES_RECENTES\\\/PLURIEL_C3_2003_VANESSA\\\/thumbs\\\/thumbs_PLURIEL VAN 35 big.jpg\",\"title\":\"\",\"alt\":\"\",\"text\":\"\",\"media\":\"\",\"link\":null,\"linkTarget\":\"_self\"},{\"id\":\"25241\",\"image\":\"https:\\\/\\\/citrothello.net\\\/blog\\\/images\\\/LES_CITROEN\\\/LES_RECENTES\\\/PLURIEL_C3_2003_VANESSA\\\/webview\\\/PLURIEL VAN 36 big.jpg\",\"thumb\":\"https:\\\/\\\/citrothello.net\\\/blog\\\/images\\\/LES_CITROEN\\\/LES_RECENTES\\\/PLURIEL_C3_2003_VANESSA\\\/thumbs\\\/thumbs_PLURIEL VAN 36 big.jpg\",\"title\":\"\",\"alt\":\"\",\"text\":\"\",\"media\":\"\",\"link\":null,\"linkTarget\":\"_self\"},{\"id\":\"25242\",\"image\":\"https:\\\/\\\/citrothello.net\\\/blog\\\/images\\\/LES_CITROEN\\\/LES_RECENTES\\\/PLURIEL_C3_2003_VANESSA\\\/webview\\\/PLURIEL VAN 38 big.jpg\",\"thumb\":\"https:\\\/\\\/citrothello.net\\\/blog\\\/images\\\/LES_CITROEN\\\/LES_RECENTES\\\/PLURIEL_C3_2003_VANESSA\\\/thumbs\\\/thumbs_PLURIEL VAN 38 big.jpg\",\"title\":\"\",\"alt\":\"\",\"text\":\"\",\"media\":\"\",\"link\":null,\"linkTarget\":\"_self\"},{\"id\":\"25243\",\"image\":\"https:\\\/\\\/citrothello.net\\\/blog\\\/images\\\/LES_CITROEN\\\/LES_RECENTES\\\/PLURIEL_C3_2003_VANESSA\\\/webview\\\/PLURIEL VAN 39 big.jpg\",\"thumb\":\"https:\\\/\\\/citrothello.net\\\/blog\\\/images\\\/LES_CITROEN\\\/LES_RECENTES\\\/PLURIEL_C3_2003_VANESSA\\\/thumbs\\\/thumbs_PLURIEL VAN 39 big.jpg\",\"title\":\"\",\"alt\":\"\",\"text\":\"\",\"media\":\"\",\"link\":null,\"linkTarget\":\"_self\"},{\"id\":\"25244\",\"image\":\"https:\\\/\\\/citrothello.net\\\/blog\\\/images\\\/LES_CITROEN\\\/LES_RECENTES\\\/PLURIEL_C3_2003_VANESSA\\\/webview\\\/PLURIEL VAN 40 big.jpg\",\"thumb\":\"https:\\\/\\\/citrothello.net\\\/blog\\\/images\\\/LES_CITROEN\\\/LES_RECENTES\\\/PLURIEL_C3_2003_VANESSA\\\/thumbs\\\/thumbs_PLURIEL VAN 40 big.jpg\",\"title\":\"\",\"alt\":\"\",\"text\":\"\",\"media\":\"\",\"link\":null,\"linkTarget\":\"_self\"},{\"id\":\"25245\",\"image\":\"https:\\\/\\\/citrothello.net\\\/blog\\\/images\\\/LES_CITROEN\\\/LES_RECENTES\\\/PLURIEL_C3_2003_VANESSA\\\/webview\\\/PLURIEL VAN 41 big.jpg\",\"thumb\":\"https:\\\/\\\/citrothello.net\\\/blog\\\/images\\\/LES_CITROEN\\\/LES_RECENTES\\\/PLURIEL_C3_2003_VANESSA\\\/thumbs\\\/thumbs_PLURIEL VAN 41 big.jpg\",\"title\":\"\",\"alt\":\"\",\"text\":\"\",\"media\":\"\",\"link\":null,\"linkTarget\":\"_self\"},{\"id\":\"25246\",\"image\":\"https:\\\/\\\/citrothello.net\\\/blog\\\/images\\\/LES_CITROEN\\\/LES_RECENTES\\\/PLURIEL_C3_2003_VANESSA\\\/webview\\\/PLURIEL VAN 42 big.jpg\",\"thumb\":\"https:\\\/\\\/citrothello.net\\\/blog\\\/images\\\/LES_CITROEN\\\/LES_RECENTES\\\/PLURIEL_C3_2003_VANESSA\\\/thumbs\\\/thumbs_PLURIEL VAN 42 big.jpg\",\"title\":\"\",\"alt\":\"\",\"text\":\"\",\"media\":\"\",\"link\":null,\"linkTarget\":\"_self\"},{\"id\":\"25247\",\"image\":\"https:\\\/\\\/citrothello.net\\\/blog\\\/images\\\/LES_CITROEN\\\/LES_RECENTES\\\/PLURIEL_C3_2003_VANESSA\\\/webview\\\/PLURIEL VAN 44 big.jpg\",\"thumb\":\"https:\\\/\\\/citrothello.net\\\/blog\\\/images\\\/LES_CITROEN\\\/LES_RECENTES\\\/PLURIEL_C3_2003_VANESSA\\\/thumbs\\\/thumbs_PLURIEL VAN 44 big.jpg\",\"title\":\"\",\"alt\":\"\",\"text\":\"\",\"media\":\"\",\"link\":null,\"linkTarget\":\"_self\"},{\"id\":\"25248\",\"image\":\"https:\\\/\\\/citrothello.net\\\/blog\\\/images\\\/LES_CITROEN\\\/LES_RECENTES\\\/PLURIEL_C3_2003_VANESSA\\\/webview\\\/PLURIEL VAN 45 big.jpg\",\"thumb\":\"https:\\\/\\\/citrothello.net\\\/blog\\\/images\\\/LES_CITROEN\\\/LES_RECENTES\\\/PLURIEL_C3_2003_VANESSA\\\/thumbs\\\/thumbs_PLURIEL VAN 45 big.jpg\",\"title\":\"\",\"alt\":\"\",\"text\":\"\",\"media\":\"\",\"link\":null,\"linkTarget\":\"_self\"},{\"id\":\"25249\",\"image\":\"https:\\\/\\\/citrothello.net\\\/blog\\\/images\\\/LES_CITROEN\\\/LES_RECENTES\\\/PLURIEL_C3_2003_VANESSA\\\/webview\\\/PLURIEL VAN 47 big.jpg\",\"thumb\":\"https:\\\/\\\/citrothello.net\\\/blog\\\/images\\\/LES_CITROEN\\\/LES_RECENTES\\\/PLURIEL_C3_2003_VANESSA\\\/thumbs\\\/thumbs_PLURIEL VAN 47 big.jpg\",\"title\":\"\",\"alt\":\"\",\"text\":\"\",\"media\":\"\",\"link\":null,\"linkTarget\":\"_self\"},{\"id\":\"25250\",\"image\":\"https:\\\/\\\/citrothello.net\\\/blog\\\/images\\\/LES_CITROEN\\\/LES_RECENTES\\\/PLURIEL_C3_2003_VANESSA\\\/webview\\\/PLURIEL VAN 48 big.jpg\",\"thumb\":\"https:\\\/\\\/citrothello.net\\\/blog\\\/images\\\/LES_CITROEN\\\/LES_RECENTES\\\/PLURIEL_C3_2003_VANESSA\\\/thumbs\\\/thumbs_PLURIEL VAN 48 big.jpg\",\"title\":\"\",\"alt\":\"\",\"text\":\"\",\"media\":\"\",\"link\":null,\"linkTarget\":\"_self\"},{\"id\":\"25251\",\"image\":\"https:\\\/\\\/citrothello.net\\\/blog\\\/images\\\/LES_CITROEN\\\/LES_RECENTES\\\/PLURIEL_C3_2003_VANESSA\\\/webview\\\/PLURIEL VAN 49 big.jpg\",\"thumb\":\"https:\\\/\\\/citrothello.net\\\/blog\\\/images\\\/LES_CITROEN\\\/LES_RECENTES\\\/PLURIEL_C3_2003_VANESSA\\\/thumbs\\\/thumbs_PLURIEL VAN 49 big.jpg\",\"title\":\"\",\"alt\":\"\",\"text\":\"\",\"media\":\"\",\"link\":null,\"linkTarget\":\"_self\"},{\"id\":\"25252\",\"image\":\"https:\\\/\\\/citrothello.net\\\/blog\\\/images\\\/LES_CITROEN\\\/LES_RECENTES\\\/PLURIEL_C3_2003_VANESSA\\\/webview\\\/PLURIEL VAN 50 big.jpg\",\"thumb\":\"https:\\\/\\\/citrothello.net\\\/blog\\\/images\\\/LES_CITROEN\\\/LES_RECENTES\\\/PLURIEL_C3_2003_VANESSA\\\/thumbs\\\/thumbs_PLURIEL VAN 50 big.jpg\",\"title\":\"\",\"alt\":\"\",\"text\":\"\",\"media\":\"\",\"link\":null,\"linkTarget\":\"_self\"},{\"id\":\"25253\",\"image\":\"https:\\\/\\\/citrothello.net\\\/blog\\\/images\\\/LES_CITROEN\\\/LES_RECENTES\\\/PLURIEL_C3_2003_VANESSA\\\/webview\\\/PLURIEL VAN 51 big.jpg\",\"thumb\":\"https:\\\/\\\/citrothello.net\\\/blog\\\/images\\\/LES_CITROEN\\\/LES_RECENTES\\\/PLURIEL_C3_2003_VANESSA\\\/thumbs\\\/thumbs_PLURIEL VAN 51 big.jpg\",\"title\":\"\",\"alt\":\"\",\"text\":\"\",\"media\":\"\",\"link\":null,\"linkTarget\":\"_self\"},{\"id\":\"25254\",\"image\":\"https:\\\/\\\/citrothello.net\\\/blog\\\/images\\\/LES_CITROEN\\\/LES_RECENTES\\\/PLURIEL_C3_2003_VANESSA\\\/webview\\\/PLURIEL VAN 52 big.jpg\",\"thumb\":\"https:\\\/\\\/citrothello.net\\\/blog\\\/images\\\/LES_CITROEN\\\/LES_RECENTES\\\/PLURIEL_C3_2003_VANESSA\\\/thumbs\\\/thumbs_PLURIEL VAN 52 big.jpg\",\"title\":\"\",\"alt\":\"\",\"text\":\"\",\"media\":\"\",\"link\":null,\"linkTarget\":\"_self\"},{\"id\":\"25255\",\"image\":\"https:\\\/\\\/citrothello.net\\\/blog\\\/images\\\/LES_CITROEN\\\/LES_RECENTES\\\/PLURIEL_C3_2003_VANESSA\\\/webview\\\/PLURIEL VAN 54 big.jpg\",\"thumb\":\"https:\\\/\\\/citrothello.net\\\/blog\\\/images\\\/LES_CITROEN\\\/LES_RECENTES\\\/PLURIEL_C3_2003_VANESSA\\\/thumbs\\\/thumbs_PLURIEL VAN 54 big.jpg\",\"title\":\"\",\"alt\":\"\",\"text\":\"\",\"media\":\"\",\"link\":null,\"linkTarget\":\"_self\"},{\"id\":\"25256\",\"image\":\"https:\\\/\\\/citrothello.net\\\/blog\\\/images\\\/LES_CITROEN\\\/LES_RECENTES\\\/PLURIEL_C3_2003_VANESSA\\\/webview\\\/PLURIEL VAN 55 big.jpg\",\"thumb\":\"https:\\\/\\\/citrothello.net\\\/blog\\\/images\\\/LES_CITROEN\\\/LES_RECENTES\\\/PLURIEL_C3_2003_VANESSA\\\/thumbs\\\/thumbs_PLURIEL VAN 55 big.jpg\",\"title\":\"\",\"alt\":\"\",\"text\":\"\",\"media\":\"\",\"link\":null,\"linkTarget\":\"_self\"},{\"id\":\"25257\",\"image\":\"https:\\\/\\\/citrothello.net\\\/blog\\\/images\\\/LES_CITROEN\\\/LES_RECENTES\\\/PLURIEL_C3_2003_VANESSA\\\/webview\\\/PLURIEL VAN 56 big.jpg\",\"thumb\":\"https:\\\/\\\/citrothello.net\\\/blog\\\/images\\\/LES_CITROEN\\\/LES_RECENTES\\\/PLURIEL_C3_2003_VANESSA\\\/thumbs\\\/thumbs_PLURIEL VAN 56 big.jpg\",\"title\":\"\",\"alt\":\"\",\"text\":\"\",\"media\":\"\",\"link\":null,\"linkTarget\":\"_self\"},{\"id\":\"25258\",\"image\":\"https:\\\/\\\/citrothello.net\\\/blog\\\/images\\\/LES_CITROEN\\\/LES_RECENTES\\\/PLURIEL_C3_2003_VANESSA\\\/webview\\\/PLURIEL VAN 57 big.jpg\",\"thumb\":\"https:\\\/\\\/citrothello.net\\\/blog\\\/images\\\/LES_CITROEN\\\/LES_RECENTES\\\/PLURIEL_C3_2003_VANESSA\\\/thumbs\\\/thumbs_PLURIEL VAN 57 big.jpg\",\"title\":\"\",\"alt\":\"\",\"text\":\"\",\"media\":\"\",\"link\":null,\"linkTarget\":\"_self\"},{\"id\":\"25259\",\"image\":\"https:\\\/\\\/citrothello.net\\\/blog\\\/images\\\/LES_CITROEN\\\/LES_RECENTES\\\/PLURIEL_C3_2003_VANESSA\\\/webview\\\/PLURIEL VAN 59 big.jpg\",\"thumb\":\"https:\\\/\\\/citrothello.net\\\/blog\\\/images\\\/LES_CITROEN\\\/LES_RECENTES\\\/PLURIEL_C3_2003_VANESSA\\\/thumbs\\\/thumbs_PLURIEL VAN 59 big.jpg\",\"title\":\"\",\"alt\":\"\",\"text\":\"\",\"media\":\"\",\"link\":null,\"linkTarget\":\"_self\"},{\"id\":\"25260\",\"image\":\"https:\\\/\\\/citrothello.net\\\/blog\\\/images\\\/LES_CITROEN\\\/LES_RECENTES\\\/PLURIEL_C3_2003_VANESSA\\\/webview\\\/PLURIEL VAN 60 big.jpg\",\"thumb\":\"https:\\\/\\\/citrothello.net\\\/blog\\\/images\\\/LES_CITROEN\\\/LES_RECENTES\\\/PLURIEL_C3_2003_VANESSA\\\/thumbs\\\/thumbs_PLURIEL VAN 60 big.jpg\",\"title\":\"\",\"alt\":\"\",\"text\":\"\",\"media\":\"\",\"link\":null,\"linkTarget\":\"_self\"},{\"id\":\"25261\",\"image\":\"https:\\\/\\\/citrothello.net\\\/blog\\\/images\\\/LES_CITROEN\\\/LES_RECENTES\\\/PLURIEL_C3_2003_VANESSA\\\/webview\\\/PLURIEL VAN 61 big.jpg\",\"thumb\":\"https:\\\/\\\/citrothello.net\\\/blog\\\/images\\\/LES_CITROEN\\\/LES_RECENTES\\\/PLURIEL_C3_2003_VANESSA\\\/thumbs\\\/thumbs_PLURIEL VAN 61 big.jpg\",\"title\":\"\",\"alt\":\"\",\"text\":\"\",\"media\":\"\",\"link\":null,\"linkTarget\":\"_self\"},{\"id\":\"25262\",\"image\":\"https:\\\/\\\/citrothello.net\\\/blog\\\/images\\\/LES_CITROEN\\\/LES_RECENTES\\\/PLURIEL_C3_2003_VANESSA\\\/webview\\\/PLURIEL VAN 62 big.jpg\",\"thumb\":\"https:\\\/\\\/citrothello.net\\\/blog\\\/images\\\/LES_CITROEN\\\/LES_RECENTES\\\/PLURIEL_C3_2003_VANESSA\\\/thumbs\\\/thumbs_PLURIEL VAN 62 big.jpg\",\"title\":\"\",\"alt\":\"\",\"text\":\"\",\"media\":\"\",\"link\":null,\"linkTarget\":\"_self\"},{\"id\":\"25263\",\"image\":\"https:\\\/\\\/citrothello.net\\\/blog\\\/images\\\/LES_CITROEN\\\/LES_RECENTES\\\/PLURIEL_C3_2003_VANESSA\\\/webview\\\/PLURIEL VAN 64 big.jpg\",\"thumb\":\"https:\\\/\\\/citrothello.net\\\/blog\\\/images\\\/LES_CITROEN\\\/LES_RECENTES\\\/PLURIEL_C3_2003_VANESSA\\\/thumbs\\\/thumbs_PLURIEL VAN 64 big.jpg\",\"title\":\"\",\"alt\":\"\",\"text\":\"\",\"media\":\"\",\"link\":null,\"linkTarget\":\"_self\"},{\"id\":\"25264\",\"image\":\"https:\\\/\\\/citrothello.net\\\/blog\\\/images\\\/LES_CITROEN\\\/LES_RECENTES\\\/PLURIEL_C3_2003_VANESSA\\\/webview\\\/PLURIEL VAN 65 big.jpg\",\"thumb\":\"https:\\\/\\\/citrothello.net\\\/blog\\\/images\\\/LES_CITROEN\\\/LES_RECENTES\\\/PLURIEL_C3_2003_VANESSA\\\/thumbs\\\/thumbs_PLURIEL VAN 65 big.jpg\",\"title\":\"\",\"alt\":\"\",\"text\":\"\",\"media\":\"\",\"link\":null,\"linkTarget\":\"_self\"},{\"id\":\"25265\",\"image\":\"https:\\\/\\\/citrothello.net\\\/blog\\\/images\\\/LES_CITROEN\\\/LES_RECENTES\\\/PLURIEL_C3_2003_VANESSA\\\/webview\\\/PLURIEL VAN 68 big.jpg\",\"thumb\":\"https:\\\/\\\/citrothello.net\\\/blog\\\/images\\\/LES_CITROEN\\\/LES_RECENTES\\\/PLURIEL_C3_2003_VANESSA\\\/thumbs\\\/thumbs_PLURIEL VAN 68 big.jpg\",\"title\":\"\",\"alt\":\"\",\"text\":\"\",\"media\":\"\",\"link\":null,\"linkTarget\":\"_self\"},{\"id\":\"25266\",\"image\":\"https:\\\/\\\/citrothello.net\\\/blog\\\/images\\\/LES_CITROEN\\\/LES_RECENTES\\\/PLURIEL_C3_2003_VANESSA\\\/webview\\\/PLURIEL VAN 69 big.jpg\",\"thumb\":\"https:\\\/\\\/citrothello.net\\\/blog\\\/images\\\/LES_CITROEN\\\/LES_RECENTES\\\/PLURIEL_C3_2003_VANESSA\\\/thumbs\\\/thumbs_PLURIEL VAN 69 big.jpg\",\"title\":\"\",\"alt\":\"\",\"text\":\"\",\"media\":\"\",\"link\":null,\"linkTarget\":\"_self\"},{\"id\":\"25267\",\"image\":\"https:\\\/\\\/citrothello.net\\\/blog\\\/images\\\/LES_CITROEN\\\/LES_RECENTES\\\/PLURIEL_C3_2003_VANESSA\\\/webview\\\/PLURIEL VAN 70 big.jpg\",\"thumb\":\"https:\\\/\\\/citrothello.net\\\/blog\\\/images\\\/LES_CITROEN\\\/LES_RECENTES\\\/PLURIEL_C3_2003_VANESSA\\\/thumbs\\\/thumbs_PLURIEL VAN 70 big.jpg\",\"title\":\"\",\"alt\":\"\",\"text\":\"\",\"media\":\"\",\"link\":null,\"linkTarget\":\"_self\"},{\"id\":\"25268\",\"image\":\"https:\\\/\\\/citrothello.net\\\/blog\\\/images\\\/LES_CITROEN\\\/LES_RECENTES\\\/PLURIEL_C3_2003_VANESSA\\\/webview\\\/PLURIEL VAN 71 big.jpg\",\"thumb\":\"https:\\\/\\\/citrothello.net\\\/blog\\\/images\\\/LES_CITROEN\\\/LES_RECENTES\\\/PLURIEL_C3_2003_VANESSA\\\/thumbs\\\/thumbs_PLURIEL VAN 71 big.jpg\",\"title\":\"\",\"alt\":\"\",\"text\":\"\",\"media\":\"\",\"link\":null,\"linkTarget\":\"_self\"}]; jQuery('#FlaGallery_sc1_218 .flagPhotoBox_Container').photobox('a', data); }); <\/script><\/div><\/div><noscript id=\"noscript_FlaGallery_sc1_218\"><img class=\"skip-lazy no-lazyload noLazy\" data-lazy-src=\"\" src =\"https:\/\/citrothello.net\/blog\/images\/LES_CITROEN\/LES_RECENTES\/PLURIEL_C3_2003_VANESSA\/PLURIEL%20VAN%2001%20big.jpg\" alt=\"\" \/><img class=\"skip-lazy no-lazyload noLazy\" data-lazy-src=\"\" src =\"https:\/\/citrothello.net\/blog\/images\/LES_CITROEN\/LES_RECENTES\/PLURIEL_C3_2003_VANESSA\/PLURIEL%20VAN%2002%20big.jpg\" alt=\"\" \/><img class=\"skip-lazy no-lazyload noLazy\" data-lazy-src=\"\" src =\"https:\/\/citrothello.net\/blog\/images\/LES_CITROEN\/LES_RECENTES\/PLURIEL_C3_2003_VANESSA\/PLURIEL%20VAN%2003%20big.jpg\" alt=\"\" \/><img class=\"skip-lazy no-lazyload noLazy\" data-lazy-src=\"\" src =\"https:\/\/citrothello.net\/blog\/images\/LES_CITROEN\/LES_RECENTES\/PLURIEL_C3_2003_VANESSA\/PLURIEL%20VAN%2004%20big.jpg\" alt=\"\" \/><img class=\"skip-lazy no-lazyload noLazy\" data-lazy-src=\"\" src =\"https:\/\/citrothello.net\/blog\/images\/LES_CITROEN\/LES_RECENTES\/PLURIEL_C3_2003_VANESSA\/PLURIEL%20VAN%2005%20big.jpg\" alt=\"\" \/><img class=\"skip-lazy no-lazyload noLazy\" data-lazy-src=\"\" src =\"https:\/\/citrothello.net\/blog\/images\/LES_CITROEN\/LES_RECENTES\/PLURIEL_C3_2003_VANESSA\/PLURIEL%20VAN%2008%20big.jpg\" alt=\"\" \/><img class=\"skip-lazy no-lazyload noLazy\" data-lazy-src=\"\" src =\"https:\/\/citrothello.net\/blog\/images\/LES_CITROEN\/LES_RECENTES\/PLURIEL_C3_2003_VANESSA\/PLURIEL%20VAN%2009%20big.jpg\" alt=\"\" \/><img class=\"skip-lazy no-lazyload noLazy\" data-lazy-src=\"\" src =\"https:\/\/citrothello.net\/blog\/images\/LES_CITROEN\/LES_RECENTES\/PLURIEL_C3_2003_VANESSA\/PLURIEL%20VAN%2010%20big.jpg\" alt=\"\" \/><img class=\"skip-lazy no-lazyload noLazy\" data-lazy-src=\"\" src =\"https:\/\/citrothello.net\/blog\/images\/LES_CITROEN\/LES_RECENTES\/PLURIEL_C3_2003_VANESSA\/PLURIEL%20VAN%2011%20big.jpg\" alt=\"\" \/><img class=\"skip-lazy no-lazyload noLazy\" data-lazy-src=\"\" src =\"https:\/\/citrothello.net\/blog\/images\/LES_CITROEN\/LES_RECENTES\/PLURIEL_C3_2003_VANESSA\/PLURIEL%20VAN%2012%20big.jpg\" alt=\"\" \/><img class=\"skip-lazy no-lazyload noLazy\" data-lazy-src=\"\" src =\"https:\/\/citrothello.net\/blog\/images\/LES_CITROEN\/LES_RECENTES\/PLURIEL_C3_2003_VANESSA\/PLURIEL%20VAN%2013%20big.jpg\" alt=\"\" \/><img class=\"skip-lazy no-lazyload noLazy\" data-lazy-src=\"\" src =\"https:\/\/citrothello.net\/blog\/images\/LES_CITROEN\/LES_RECENTES\/PLURIEL_C3_2003_VANESSA\/PLURIEL%20VAN%2014%20big.jpg\" alt=\"\" \/><img class=\"skip-lazy no-lazyload noLazy\" data-lazy-src=\"\" src =\"https:\/\/citrothello.net\/blog\/images\/LES_CITROEN\/LES_RECENTES\/PLURIEL_C3_2003_VANESSA\/PLURIEL%20VAN%2015%20big.jpg\" alt=\"\" \/><img class=\"skip-lazy no-lazyload noLazy\" data-lazy-src=\"\" src =\"https:\/\/citrothello.net\/blog\/images\/LES_CITROEN\/LES_RECENTES\/PLURIEL_C3_2003_VANESSA\/PLURIEL%20VAN%2016%20big.jpg\" alt=\"\" \/><img class=\"skip-lazy no-lazyload noLazy\" data-lazy-src=\"\" src =\"https:\/\/citrothello.net\/blog\/images\/LES_CITROEN\/LES_RECENTES\/PLURIEL_C3_2003_VANESSA\/PLURIEL%20VAN%2017%20big.jpg\" alt=\"\" \/><img class=\"skip-lazy no-lazyload noLazy\" data-lazy-src=\"\" src =\"https:\/\/citrothello.net\/blog\/images\/LES_CITROEN\/LES_RECENTES\/PLURIEL_C3_2003_VANESSA\/PLURIEL%20VAN%2018%20big.jpg\" alt=\"\" \/><img class=\"skip-lazy no-lazyload noLazy\" data-lazy-src=\"\" src =\"https:\/\/citrothello.net\/blog\/images\/LES_CITROEN\/LES_RECENTES\/PLURIEL_C3_2003_VANESSA\/PLURIEL%20VAN%2019%20big.jpg\" alt=\"\" \/><img class=\"skip-lazy no-lazyload noLazy\" data-lazy-src=\"\" src =\"https:\/\/citrothello.net\/blog\/images\/LES_CITROEN\/LES_RECENTES\/PLURIEL_C3_2003_VANESSA\/PLURIEL%20VAN%2021%20big.jpg\" alt=\"\" \/><img class=\"skip-lazy no-lazyload noLazy\" data-lazy-src=\"\" src =\"https:\/\/citrothello.net\/blog\/images\/LES_CITROEN\/LES_RECENTES\/PLURIEL_C3_2003_VANESSA\/PLURIEL%20VAN%2022%20big.jpg\" alt=\"\" \/><img class=\"skip-lazy no-lazyload noLazy\" data-lazy-src=\"\" src =\"https:\/\/citrothello.net\/blog\/images\/LES_CITROEN\/LES_RECENTES\/PLURIEL_C3_2003_VANESSA\/PLURIEL%20VAN%2023%20big.jpg\" alt=\"\" \/><img class=\"skip-lazy no-lazyload noLazy\" data-lazy-src=\"\" src =\"https:\/\/citrothello.net\/blog\/images\/LES_CITROEN\/LES_RECENTES\/PLURIEL_C3_2003_VANESSA\/PLURIEL%20VAN%2025%20big.jpg\" alt=\"\" \/><img class=\"skip-lazy no-lazyload noLazy\" data-lazy-src=\"\" src =\"https:\/\/citrothello.net\/blog\/images\/LES_CITROEN\/LES_RECENTES\/PLURIEL_C3_2003_VANESSA\/PLURIEL%20VAN%2026%20big.jpg\" alt=\"\" \/><img class=\"skip-lazy no-lazyload noLazy\" data-lazy-src=\"\" src =\"https:\/\/citrothello.net\/blog\/images\/LES_CITROEN\/LES_RECENTES\/PLURIEL_C3_2003_VANESSA\/PLURIEL%20VAN%2028%20big.jpg\" alt=\"\" \/><img class=\"skip-lazy no-lazyload noLazy\" data-lazy-src=\"\" src =\"https:\/\/citrothello.net\/blog\/images\/LES_CITROEN\/LES_RECENTES\/PLURIEL_C3_2003_VANESSA\/PLURIEL%20VAN%2030%20big.jpg\" alt=\"\" \/><img class=\"skip-lazy no-lazyload noLazy\" data-lazy-src=\"\" src =\"https:\/\/citrothello.net\/blog\/images\/LES_CITROEN\/LES_RECENTES\/PLURIEL_C3_2003_VANESSA\/PLURIEL%20VAN%2031%20big.jpg\" alt=\"\" \/><img class=\"skip-lazy no-lazyload noLazy\" data-lazy-src=\"\" src =\"https:\/\/citrothello.net\/blog\/images\/LES_CITROEN\/LES_RECENTES\/PLURIEL_C3_2003_VANESSA\/PLURIEL%20VAN%2032%20big.jpg\" alt=\"\" \/><img class=\"skip-lazy no-lazyload noLazy\" data-lazy-src=\"\" src =\"https:\/\/citrothello.net\/blog\/images\/LES_CITROEN\/LES_RECENTES\/PLURIEL_C3_2003_VANESSA\/PLURIEL%20VAN%2033%20big.jpg\" alt=\"\" \/><img class=\"skip-lazy no-lazyload noLazy\" data-lazy-src=\"\" src =\"https:\/\/citrothello.net\/blog\/images\/LES_CITROEN\/LES_RECENTES\/PLURIEL_C3_2003_VANESSA\/PLURIEL%20VAN%2034%20big.jpg\" alt=\"\" \/><img class=\"skip-lazy no-lazyload noLazy\" data-lazy-src=\"\" src =\"https:\/\/citrothello.net\/blog\/images\/LES_CITROEN\/LES_RECENTES\/PLURIEL_C3_2003_VANESSA\/PLURIEL%20VAN%2035%20big.jpg\" alt=\"\" \/><img class=\"skip-lazy no-lazyload noLazy\" data-lazy-src=\"\" src =\"https:\/\/citrothello.net\/blog\/images\/LES_CITROEN\/LES_RECENTES\/PLURIEL_C3_2003_VANESSA\/PLURIEL%20VAN%2036%20big.jpg\" alt=\"\" \/><img class=\"skip-lazy no-lazyload noLazy\" data-lazy-src=\"\" src =\"https:\/\/citrothello.net\/blog\/images\/LES_CITROEN\/LES_RECENTES\/PLURIEL_C3_2003_VANESSA\/PLURIEL%20VAN%2038%20big.jpg\" alt=\"\" \/><img class=\"skip-lazy no-lazyload noLazy\" data-lazy-src=\"\" src =\"https:\/\/citrothello.net\/blog\/images\/LES_CITROEN\/LES_RECENTES\/PLURIEL_C3_2003_VANESSA\/PLURIEL%20VAN%2039%20big.jpg\" alt=\"\" \/><img class=\"skip-lazy no-lazyload noLazy\" data-lazy-src=\"\" src =\"https:\/\/citrothello.net\/blog\/images\/LES_CITROEN\/LES_RECENTES\/PLURIEL_C3_2003_VANESSA\/PLURIEL%20VAN%2040%20big.jpg\" alt=\"\" \/><img class=\"skip-lazy no-lazyload noLazy\" data-lazy-src=\"\" src =\"https:\/\/citrothello.net\/blog\/images\/LES_CITROEN\/LES_RECENTES\/PLURIEL_C3_2003_VANESSA\/PLURIEL%20VAN%2041%20big.jpg\" alt=\"\" \/><img class=\"skip-lazy no-lazyload noLazy\" data-lazy-src=\"\" src =\"https:\/\/citrothello.net\/blog\/images\/LES_CITROEN\/LES_RECENTES\/PLURIEL_C3_2003_VANESSA\/PLURIEL%20VAN%2042%20big.jpg\" alt=\"\" \/><img class=\"skip-lazy no-lazyload noLazy\" data-lazy-src=\"\" src =\"https:\/\/citrothello.net\/blog\/images\/LES_CITROEN\/LES_RECENTES\/PLURIEL_C3_2003_VANESSA\/PLURIEL%20VAN%2044%20big.jpg\" alt=\"\" \/><img class=\"skip-lazy no-lazyload noLazy\" data-lazy-src=\"\" src =\"https:\/\/citrothello.net\/blog\/images\/LES_CITROEN\/LES_RECENTES\/PLURIEL_C3_2003_VANESSA\/PLURIEL%20VAN%2045%20big.jpg\" alt=\"\" \/><img class=\"skip-lazy no-lazyload noLazy\" data-lazy-src=\"\" src =\"https:\/\/citrothello.net\/blog\/images\/LES_CITROEN\/LES_RECENTES\/PLURIEL_C3_2003_VANESSA\/PLURIEL%20VAN%2047%20big.jpg\" alt=\"\" \/><img class=\"skip-lazy no-lazyload noLazy\" data-lazy-src=\"\" src =\"https:\/\/citrothello.net\/blog\/images\/LES_CITROEN\/LES_RECENTES\/PLURIEL_C3_2003_VANESSA\/PLURIEL%20VAN%2048%20big.jpg\" alt=\"\" \/><img class=\"skip-lazy no-lazyload noLazy\" data-lazy-src=\"\" src =\"https:\/\/citrothello.net\/blog\/images\/LES_CITROEN\/LES_RECENTES\/PLURIEL_C3_2003_VANESSA\/PLURIEL%20VAN%2049%20big.jpg\" alt=\"\" \/><img class=\"skip-lazy no-lazyload noLazy\" data-lazy-src=\"\" src =\"https:\/\/citrothello.net\/blog\/images\/LES_CITROEN\/LES_RECENTES\/PLURIEL_C3_2003_VANESSA\/PLURIEL%20VAN%2050%20big.jpg\" alt=\"\" \/><img class=\"skip-lazy no-lazyload noLazy\" data-lazy-src=\"\" src =\"https:\/\/citrothello.net\/blog\/images\/LES_CITROEN\/LES_RECENTES\/PLURIEL_C3_2003_VANESSA\/PLURIEL%20VAN%2051%20big.jpg\" alt=\"\" \/><img class=\"skip-lazy no-lazyload noLazy\" data-lazy-src=\"\" src =\"https:\/\/citrothello.net\/blog\/images\/LES_CITROEN\/LES_RECENTES\/PLURIEL_C3_2003_VANESSA\/PLURIEL%20VAN%2052%20big.jpg\" alt=\"\" \/><img class=\"skip-lazy no-lazyload noLazy\" data-lazy-src=\"\" src =\"https:\/\/citrothello.net\/blog\/images\/LES_CITROEN\/LES_RECENTES\/PLURIEL_C3_2003_VANESSA\/PLURIEL%20VAN%2054%20big.jpg\" alt=\"\" \/><img class=\"skip-lazy no-lazyload noLazy\" data-lazy-src=\"\" src =\"https:\/\/citrothello.net\/blog\/images\/LES_CITROEN\/LES_RECENTES\/PLURIEL_C3_2003_VANESSA\/PLURIEL%20VAN%2055%20big.jpg\" alt=\"\" \/><img class=\"skip-lazy no-lazyload noLazy\" data-lazy-src=\"\" src =\"https:\/\/citrothello.net\/blog\/images\/LES_CITROEN\/LES_RECENTES\/PLURIEL_C3_2003_VANESSA\/PLURIEL%20VAN%2056%20big.jpg\" alt=\"\" \/><img class=\"skip-lazy no-lazyload noLazy\" data-lazy-src=\"\" src =\"https:\/\/citrothello.net\/blog\/images\/LES_CITROEN\/LES_RECENTES\/PLURIEL_C3_2003_VANESSA\/PLURIEL%20VAN%2057%20big.jpg\" alt=\"\" \/><img class=\"skip-lazy no-lazyload noLazy\" data-lazy-src=\"\" src =\"https:\/\/citrothello.net\/blog\/images\/LES_CITROEN\/LES_RECENTES\/PLURIEL_C3_2003_VANESSA\/PLURIEL%20VAN%2059%20big.jpg\" alt=\"\" \/><img class=\"skip-lazy no-lazyload noLazy\" data-lazy-src=\"\" src =\"https:\/\/citrothello.net\/blog\/images\/LES_CITROEN\/LES_RECENTES\/PLURIEL_C3_2003_VANESSA\/PLURIEL%20VAN%2060%20big.jpg\" alt=\"\" \/><img class=\"skip-lazy no-lazyload noLazy\" data-lazy-src=\"\" src =\"https:\/\/citrothello.net\/blog\/images\/LES_CITROEN\/LES_RECENTES\/PLURIEL_C3_2003_VANESSA\/PLURIEL%20VAN%2061%20big.jpg\" alt=\"\" \/><img class=\"skip-lazy no-lazyload noLazy\" data-lazy-src=\"\" src =\"https:\/\/citrothello.net\/blog\/images\/LES_CITROEN\/LES_RECENTES\/PLURIEL_C3_2003_VANESSA\/PLURIEL%20VAN%2062%20big.jpg\" alt=\"\" \/><img class=\"skip-lazy no-lazyload noLazy\" data-lazy-src=\"\" src =\"https:\/\/citrothello.net\/blog\/images\/LES_CITROEN\/LES_RECENTES\/PLURIEL_C3_2003_VANESSA\/PLURIEL%20VAN%2064%20big.jpg\" alt=\"\" \/><img class=\"skip-lazy no-lazyload noLazy\" data-lazy-src=\"\" src =\"https:\/\/citrothello.net\/blog\/images\/LES_CITROEN\/LES_RECENTES\/PLURIEL_C3_2003_VANESSA\/PLURIEL%20VAN%2065%20big.jpg\" alt=\"\" \/><img class=\"skip-lazy no-lazyload noLazy\" data-lazy-src=\"\" src =\"https:\/\/citrothello.net\/blog\/images\/LES_CITROEN\/LES_RECENTES\/PLURIEL_C3_2003_VANESSA\/PLURIEL%20VAN%2068%20big.jpg\" alt=\"\" \/><img class=\"skip-lazy no-lazyload noLazy\" data-lazy-src=\"\" src =\"https:\/\/citrothello.net\/blog\/images\/LES_CITROEN\/LES_RECENTES\/PLURIEL_C3_2003_VANESSA\/PLURIEL%20VAN%2069%20big.jpg\" alt=\"\" \/><img class=\"skip-lazy no-lazyload noLazy\" data-lazy-src=\"\" src =\"https:\/\/citrothello.net\/blog\/images\/LES_CITROEN\/LES_RECENTES\/PLURIEL_C3_2003_VANESSA\/PLURIEL%20VAN%2070%20big.jpg\" alt=\"\" \/><img class=\"skip-lazy no-lazyload noLazy\" data-lazy-src=\"\" src =\"https:\/\/citrothello.net\/blog\/images\/LES_CITROEN\/LES_RECENTES\/PLURIEL_C3_2003_VANESSA\/PLURIEL%20VAN%2071%20big.jpg\" alt=\"\" \/><\/noscript>\n","protected":false},"excerpt":{"rendered":"<p>La C3 Pluriel est sortie il y a presque 2 ans maintenant (en 2002). C&rsquo;est une auto qui brille par son originalit\u00e9 car r\u00e9ellement modulable \u00e0 souhait. Citro\u00ebn qui est r\u00e9solument tourn\u00e9 vers un esprit jeune ce qui est parfait, &hellip; <a href=\"https:\/\/citrothello.net\/blog\/c3-pluriel-2004\/\">Continue reading <span class=\"meta-nav\">&rarr;<\/span><\/a><\/p>\n","protected":false},"author":1,"featured_media":1033,"comment_status":"closed","ping_status":"closed","sticky":false,"template":"","format":"standard","meta":[],"categories":[234],"tags":[],"_links":{"self":[{"href":"https:\/\/citrothello.net\/blog\/wp-json\/wp\/v2\/posts\/1032"}],"collection":[{"href":"https:\/\/citrothello.net\/blog\/wp-json\/wp\/v2\/posts"}],"about":[{"href":"https:\/\/citrothello.net\/blog\/wp-json\/wp\/v2\/types\/post"}],"author":[{"embeddable":true,"href":"https:\/\/citrothello.net\/blog\/wp-json\/wp\/v2\/users\/1"}],"replies":[{"embeddable":true,"href":"https:\/\/citrothello.net\/blog\/wp-json\/wp\/v2\/comments?post=1032"}],"version-history":[{"count":4,"href":"https:\/\/citrothello.net\/blog\/wp-json\/wp\/v2\/posts\/1032\/revisions"}],"predecessor-version":[{"id":2142,"href":"https:\/\/citrothello.net\/blog\/wp-json\/wp\/v2\/posts\/1032\/revisions\/2142"}],"wp:featuredmedia":[{"embeddable":true,"href":"https:\/\/citrothello.net\/blog\/wp-json\/wp\/v2\/media\/1033"}],"wp:attachment":[{"href":"https:\/\/citrothello.net\/blog\/wp-json\/wp\/v2\/media?parent=1032"}],"wp:term":[{"taxonomy":"category","embeddable":true,"href":"https:\/\/citrothello.net\/blog\/wp-json\/wp\/v2\/categories?post=1032"},{"taxonomy":"post_tag","embeddable":true,"href":"https:\/\/citrothello.net\/blog\/wp-json\/wp\/v2\/tags?post=1032"}],"curies":[{"name":"wp","href":"https:\/\/api.w.org\/{rel}","templated":true}]}}