{"id":441,"date":"2013-01-04T15:16:51","date_gmt":"2013-01-04T14:16:51","guid":{"rendered":"http:\/\/citrothello.net\/blog\/?p=441"},"modified":"2013-01-16T17:44:51","modified_gmt":"2013-01-16T16:44:51","slug":"ami-6-1963-au-musee-de-vincent-en-2004","status":"publish","type":"post","link":"https:\/\/citrothello.net\/blog\/ami-6-1963-au-musee-de-vincent-en-2004\/","title":{"rendered":"AMI 6 1969 au mus\u00e9e de Vincent en 2004"},"content":{"rendered":"<p style=\"text-align: justify;\">Parmi les bi-cylindres, voici le tout premier produit par Citro\u00ebn dans le but de combler le trou entre la petite 2CV, et la bourgeoise DS. La v\u00e9ritable voiture pour cela sera la GS en 1970, mais pour l&rsquo;instant il faut bidouiller pour combler cet \u00e9norme trou. Ce sera l&rsquo; AMI 6 qui ne manquera pas de choquer par son extr\u00eame originalit\u00e9, la vitre arri\u00e8re inclin\u00e9e. Il est vrai que c&rsquo;est choquant, d&rsquo;autant plus qu&rsquo;on a l&rsquo;impression que le capot est en plastique et qu&rsquo;il a fondu sur les ailes avants&#8230;&#8230;..Pour Bertoni le dessinateur de cette auto, c&rsquo;est sa plus belle oeuvre, rappelons au passage qu&rsquo;il est le p\u00e8re de la 2CV, la traction et la DS !!!!!!! Bref cette voiture sortit en break et fait rare \u00e0 l&rsquo;\u00e9poque, c&rsquo;est gr\u00e2ce \u00e0 cette version qu&rsquo;elle connut tr\u00e8s vite un franc succ\u00e8s. Plus tard l&rsquo; AMI 6 laissa sa place \u00e0 l &lsquo; AMI 8, plus moderne et plus puissante. On peut dire que cette voiture fut d&rsquo;un grand secours pour Citro\u00ebn car avec elle ils gagnaient de l&rsquo;argent, la DS n&rsquo;\u00e9tant pas tr\u00e8s rentable&#8230;&#8230;&#8230;. Cette AMI 6 que je vous pr\u00e9sente est maintenant la propri\u00e9t\u00e9 de Vincent CRESCIA, un ami ici en Suisse qui poss\u00e8de le fameux mus\u00e9e que vous connaissez (Cliquez ici). Cette auto n&rsquo;a que 6606 kilom\u00e8tres, ABSOLUMENT D&rsquo;ORIGINE. On \u00e0 peine \u00e0 le croire mais rien ne fut repeint, tout est d&rsquo;origine, elle ne roula que 2 ans et jamais sous la pluie !!!! C&rsquo;est \u00e0 peine croyable, et pourtant. Bien s\u00fbr cette voiture qui a pass\u00e9 toute sa vie en France n&rsquo;y est pas rest\u00e9e, comme tous les beaux mod\u00e8les et la France continue de se vider de son tr\u00e9sor de voitures, encore et toujours et je le regrette bien croyez-moi. A quand le r\u00e9veil des Fran\u00e7ais ?????!!!!??????<div class=\"flagallery photobox_skin\" id=\"FlaGallery_sc1_56\" ><div class=\"flagPhotoBox_Container\"> <script type=\"text\/javascript\"> jQuery(function(){ var data = {\"thumbwidth\":\"120\",\"thumbheight\":\"68\",\"thumbsvpad\":\"18\",\"thumbshpad\":\"20\",\"history\":\"1\",\"time\":\"2000\",\"autoplay\":\"0\",\"loop\":\"0\",\"thumbs\":\"1\",\"title\":\"1\",\"counter\":\"1\",\"caption\":\"1\",\"zoomable\":\"1\",\"hideFlash\":\"1\",\"key\":\"8dd813621127091cf627a18ae62f6997\",\"name\":\"GRANDPackPlus\",\"ID\":\"sc1_56\"}; data.content = [{\"id\":\"4828\",\"image\":\"https:\\\/\\\/citrothello.net\\\/blog\\\/images\\\/LES_CITROEN\\\/LES_BICYLINDRES\\\/AMI6_VINCENT_1963\\\/webview\\\/AMI 6 CR 01 big.jpg\",\"thumb\":\"https:\\\/\\\/citrothello.net\\\/blog\\\/images\\\/LES_CITROEN\\\/LES_BICYLINDRES\\\/AMI6_VINCENT_1963\\\/thumbs\\\/thumbs_AMI 6 CR 01 big.jpg\",\"title\":\"\",\"alt\":\"\",\"text\":\"\",\"media\":\"\",\"link\":null,\"linkTarget\":\"_self\"},{\"id\":\"4829\",\"image\":\"https:\\\/\\\/citrothello.net\\\/blog\\\/images\\\/LES_CITROEN\\\/LES_BICYLINDRES\\\/AMI6_VINCENT_1963\\\/webview\\\/AMI 6 CR 02 big.jpg\",\"thumb\":\"https:\\\/\\\/citrothello.net\\\/blog\\\/images\\\/LES_CITROEN\\\/LES_BICYLINDRES\\\/AMI6_VINCENT_1963\\\/thumbs\\\/thumbs_AMI 6 CR 02 big.jpg\",\"title\":\"\",\"alt\":\"\",\"text\":\"\",\"media\":\"\",\"link\":null,\"linkTarget\":\"_self\"},{\"id\":\"4830\",\"image\":\"https:\\\/\\\/citrothello.net\\\/blog\\\/images\\\/LES_CITROEN\\\/LES_BICYLINDRES\\\/AMI6_VINCENT_1963\\\/webview\\\/AMI 6 CR 03 big.jpg\",\"thumb\":\"https:\\\/\\\/citrothello.net\\\/blog\\\/images\\\/LES_CITROEN\\\/LES_BICYLINDRES\\\/AMI6_VINCENT_1963\\\/thumbs\\\/thumbs_AMI 6 CR 03 big.jpg\",\"title\":\"\",\"alt\":\"\",\"text\":\"\",\"media\":\"\",\"link\":null,\"linkTarget\":\"_self\"},{\"id\":\"4831\",\"image\":\"https:\\\/\\\/citrothello.net\\\/blog\\\/images\\\/LES_CITROEN\\\/LES_BICYLINDRES\\\/AMI6_VINCENT_1963\\\/webview\\\/AMI 6 CR 04 big.jpg\",\"thumb\":\"https:\\\/\\\/citrothello.net\\\/blog\\\/images\\\/LES_CITROEN\\\/LES_BICYLINDRES\\\/AMI6_VINCENT_1963\\\/thumbs\\\/thumbs_AMI 6 CR 04 big.jpg\",\"title\":\"\",\"alt\":\"\",\"text\":\"\",\"media\":\"\",\"link\":null,\"linkTarget\":\"_self\"},{\"id\":\"4832\",\"image\":\"https:\\\/\\\/citrothello.net\\\/blog\\\/images\\\/LES_CITROEN\\\/LES_BICYLINDRES\\\/AMI6_VINCENT_1963\\\/webview\\\/AMI 6 CR 05 big.jpg\",\"thumb\":\"https:\\\/\\\/citrothello.net\\\/blog\\\/images\\\/LES_CITROEN\\\/LES_BICYLINDRES\\\/AMI6_VINCENT_1963\\\/thumbs\\\/thumbs_AMI 6 CR 05 big.jpg\",\"title\":\"\",\"alt\":\"\",\"text\":\"\",\"media\":\"\",\"link\":null,\"linkTarget\":\"_self\"},{\"id\":\"4833\",\"image\":\"https:\\\/\\\/citrothello.net\\\/blog\\\/images\\\/LES_CITROEN\\\/LES_BICYLINDRES\\\/AMI6_VINCENT_1963\\\/webview\\\/AMI 6 CR 06 big.jpg\",\"thumb\":\"https:\\\/\\\/citrothello.net\\\/blog\\\/images\\\/LES_CITROEN\\\/LES_BICYLINDRES\\\/AMI6_VINCENT_1963\\\/thumbs\\\/thumbs_AMI 6 CR 06 big.jpg\",\"title\":\"\",\"alt\":\"\",\"text\":\"\",\"media\":\"\",\"link\":null,\"linkTarget\":\"_self\"},{\"id\":\"4834\",\"image\":\"https:\\\/\\\/citrothello.net\\\/blog\\\/images\\\/LES_CITROEN\\\/LES_BICYLINDRES\\\/AMI6_VINCENT_1963\\\/webview\\\/AMI 6 CR 07 big.jpg\",\"thumb\":\"https:\\\/\\\/citrothello.net\\\/blog\\\/images\\\/LES_CITROEN\\\/LES_BICYLINDRES\\\/AMI6_VINCENT_1963\\\/thumbs\\\/thumbs_AMI 6 CR 07 big.jpg\",\"title\":\"\",\"alt\":\"\",\"text\":\"\",\"media\":\"\",\"link\":null,\"linkTarget\":\"_self\"},{\"id\":\"4835\",\"image\":\"https:\\\/\\\/citrothello.net\\\/blog\\\/images\\\/LES_CITROEN\\\/LES_BICYLINDRES\\\/AMI6_VINCENT_1963\\\/webview\\\/AMI 6 CR 08 big.jpg\",\"thumb\":\"https:\\\/\\\/citrothello.net\\\/blog\\\/images\\\/LES_CITROEN\\\/LES_BICYLINDRES\\\/AMI6_VINCENT_1963\\\/thumbs\\\/thumbs_AMI 6 CR 08 big.jpg\",\"title\":\"\",\"alt\":\"\",\"text\":\"\",\"media\":\"\",\"link\":null,\"linkTarget\":\"_self\"},{\"id\":\"4836\",\"image\":\"https:\\\/\\\/citrothello.net\\\/blog\\\/images\\\/LES_CITROEN\\\/LES_BICYLINDRES\\\/AMI6_VINCENT_1963\\\/webview\\\/AMI 6 CR 09 big.jpg\",\"thumb\":\"https:\\\/\\\/citrothello.net\\\/blog\\\/images\\\/LES_CITROEN\\\/LES_BICYLINDRES\\\/AMI6_VINCENT_1963\\\/thumbs\\\/thumbs_AMI 6 CR 09 big.jpg\",\"title\":\"\",\"alt\":\"\",\"text\":\"\",\"media\":\"\",\"link\":null,\"linkTarget\":\"_self\"},{\"id\":\"4837\",\"image\":\"https:\\\/\\\/citrothello.net\\\/blog\\\/images\\\/LES_CITROEN\\\/LES_BICYLINDRES\\\/AMI6_VINCENT_1963\\\/webview\\\/AMI 6 CR 10 big.jpg\",\"thumb\":\"https:\\\/\\\/citrothello.net\\\/blog\\\/images\\\/LES_CITROEN\\\/LES_BICYLINDRES\\\/AMI6_VINCENT_1963\\\/thumbs\\\/thumbs_AMI 6 CR 10 big.jpg\",\"title\":\"\",\"alt\":\"\",\"text\":\"\",\"media\":\"\",\"link\":null,\"linkTarget\":\"_self\"},{\"id\":\"4838\",\"image\":\"https:\\\/\\\/citrothello.net\\\/blog\\\/images\\\/LES_CITROEN\\\/LES_BICYLINDRES\\\/AMI6_VINCENT_1963\\\/webview\\\/AMI 6 CR 11 big.jpg\",\"thumb\":\"https:\\\/\\\/citrothello.net\\\/blog\\\/images\\\/LES_CITROEN\\\/LES_BICYLINDRES\\\/AMI6_VINCENT_1963\\\/thumbs\\\/thumbs_AMI 6 CR 11 big.jpg\",\"title\":\"\",\"alt\":\"\",\"text\":\"\",\"media\":\"\",\"link\":null,\"linkTarget\":\"_self\"},{\"id\":\"4839\",\"image\":\"https:\\\/\\\/citrothello.net\\\/blog\\\/images\\\/LES_CITROEN\\\/LES_BICYLINDRES\\\/AMI6_VINCENT_1963\\\/webview\\\/AMI 6 CR 12 big.jpg\",\"thumb\":\"https:\\\/\\\/citrothello.net\\\/blog\\\/images\\\/LES_CITROEN\\\/LES_BICYLINDRES\\\/AMI6_VINCENT_1963\\\/thumbs\\\/thumbs_AMI 6 CR 12 big.jpg\",\"title\":\"\",\"alt\":\"\",\"text\":\"\",\"media\":\"\",\"link\":null,\"linkTarget\":\"_self\"},{\"id\":\"4840\",\"image\":\"https:\\\/\\\/citrothello.net\\\/blog\\\/images\\\/LES_CITROEN\\\/LES_BICYLINDRES\\\/AMI6_VINCENT_1963\\\/webview\\\/AMI 6 CR 13 big.jpg\",\"thumb\":\"https:\\\/\\\/citrothello.net\\\/blog\\\/images\\\/LES_CITROEN\\\/LES_BICYLINDRES\\\/AMI6_VINCENT_1963\\\/thumbs\\\/thumbs_AMI 6 CR 13 big.jpg\",\"title\":\"\",\"alt\":\"\",\"text\":\"\",\"media\":\"\",\"link\":null,\"linkTarget\":\"_self\"},{\"id\":\"4841\",\"image\":\"https:\\\/\\\/citrothello.net\\\/blog\\\/images\\\/LES_CITROEN\\\/LES_BICYLINDRES\\\/AMI6_VINCENT_1963\\\/webview\\\/AMI 6 CR 14 big.jpg\",\"thumb\":\"https:\\\/\\\/citrothello.net\\\/blog\\\/images\\\/LES_CITROEN\\\/LES_BICYLINDRES\\\/AMI6_VINCENT_1963\\\/thumbs\\\/thumbs_AMI 6 CR 14 big.jpg\",\"title\":\"\",\"alt\":\"\",\"text\":\"\",\"media\":\"\",\"link\":null,\"linkTarget\":\"_self\"},{\"id\":\"4842\",\"image\":\"https:\\\/\\\/citrothello.net\\\/blog\\\/images\\\/LES_CITROEN\\\/LES_BICYLINDRES\\\/AMI6_VINCENT_1963\\\/webview\\\/AMI 6 CR 15 big.jpg\",\"thumb\":\"https:\\\/\\\/citrothello.net\\\/blog\\\/images\\\/LES_CITROEN\\\/LES_BICYLINDRES\\\/AMI6_VINCENT_1963\\\/thumbs\\\/thumbs_AMI 6 CR 15 big.jpg\",\"title\":\"\",\"alt\":\"\",\"text\":\"\",\"media\":\"\",\"link\":null,\"linkTarget\":\"_self\"},{\"id\":\"4843\",\"image\":\"https:\\\/\\\/citrothello.net\\\/blog\\\/images\\\/LES_CITROEN\\\/LES_BICYLINDRES\\\/AMI6_VINCENT_1963\\\/webview\\\/AMI 6 CR 16 big.jpg\",\"thumb\":\"https:\\\/\\\/citrothello.net\\\/blog\\\/images\\\/LES_CITROEN\\\/LES_BICYLINDRES\\\/AMI6_VINCENT_1963\\\/thumbs\\\/thumbs_AMI 6 CR 16 big.jpg\",\"title\":\"\",\"alt\":\"\",\"text\":\"\",\"media\":\"\",\"link\":null,\"linkTarget\":\"_self\"},{\"id\":\"4844\",\"image\":\"https:\\\/\\\/citrothello.net\\\/blog\\\/images\\\/LES_CITROEN\\\/LES_BICYLINDRES\\\/AMI6_VINCENT_1963\\\/webview\\\/AMI 6 CR 18 big.jpg\",\"thumb\":\"https:\\\/\\\/citrothello.net\\\/blog\\\/images\\\/LES_CITROEN\\\/LES_BICYLINDRES\\\/AMI6_VINCENT_1963\\\/thumbs\\\/thumbs_AMI 6 CR 18 big.jpg\",\"title\":\"\",\"alt\":\"\",\"text\":\"\",\"media\":\"\",\"link\":null,\"linkTarget\":\"_self\"},{\"id\":\"4845\",\"image\":\"https:\\\/\\\/citrothello.net\\\/blog\\\/images\\\/LES_CITROEN\\\/LES_BICYLINDRES\\\/AMI6_VINCENT_1963\\\/webview\\\/AMI 6 CR 19 big.jpg\",\"thumb\":\"https:\\\/\\\/citrothello.net\\\/blog\\\/images\\\/LES_CITROEN\\\/LES_BICYLINDRES\\\/AMI6_VINCENT_1963\\\/thumbs\\\/thumbs_AMI 6 CR 19 big.jpg\",\"title\":\"\",\"alt\":\"\",\"text\":\"\",\"media\":\"\",\"link\":null,\"linkTarget\":\"_self\"},{\"id\":\"4846\",\"image\":\"https:\\\/\\\/citrothello.net\\\/blog\\\/images\\\/LES_CITROEN\\\/LES_BICYLINDRES\\\/AMI6_VINCENT_1963\\\/webview\\\/AMI 6 CR 20 big.jpg\",\"thumb\":\"https:\\\/\\\/citrothello.net\\\/blog\\\/images\\\/LES_CITROEN\\\/LES_BICYLINDRES\\\/AMI6_VINCENT_1963\\\/thumbs\\\/thumbs_AMI 6 CR 20 big.jpg\",\"title\":\"\",\"alt\":\"\",\"text\":\"\",\"media\":\"\",\"link\":null,\"linkTarget\":\"_self\"},{\"id\":\"4847\",\"image\":\"https:\\\/\\\/citrothello.net\\\/blog\\\/images\\\/LES_CITROEN\\\/LES_BICYLINDRES\\\/AMI6_VINCENT_1963\\\/webview\\\/AMI 6 CR 21 big.jpg\",\"thumb\":\"https:\\\/\\\/citrothello.net\\\/blog\\\/images\\\/LES_CITROEN\\\/LES_BICYLINDRES\\\/AMI6_VINCENT_1963\\\/thumbs\\\/thumbs_AMI 6 CR 21 big.jpg\",\"title\":\"\",\"alt\":\"\",\"text\":\"\",\"media\":\"\",\"link\":null,\"linkTarget\":\"_self\"}]; jQuery('#FlaGallery_sc1_56 .flagPhotoBox_Container').photobox('a', data); }); <\/script><\/div><\/div><noscript id=\"noscript_FlaGallery_sc1_56\"><img class=\"skip-lazy no-lazyload noLazy\" data-lazy-src=\"\" src =\"https:\/\/citrothello.net\/blog\/images\/LES_CITROEN\/LES_BICYLINDRES\/AMI6_VINCENT_1963\/AMI%206%20CR%2001%20big.jpg\" alt=\"\" \/><img class=\"skip-lazy no-lazyload noLazy\" data-lazy-src=\"\" src =\"https:\/\/citrothello.net\/blog\/images\/LES_CITROEN\/LES_BICYLINDRES\/AMI6_VINCENT_1963\/AMI%206%20CR%2002%20big.jpg\" alt=\"\" \/><img class=\"skip-lazy no-lazyload noLazy\" data-lazy-src=\"\" src =\"https:\/\/citrothello.net\/blog\/images\/LES_CITROEN\/LES_BICYLINDRES\/AMI6_VINCENT_1963\/AMI%206%20CR%2003%20big.jpg\" alt=\"\" \/><img class=\"skip-lazy no-lazyload noLazy\" data-lazy-src=\"\" src =\"https:\/\/citrothello.net\/blog\/images\/LES_CITROEN\/LES_BICYLINDRES\/AMI6_VINCENT_1963\/AMI%206%20CR%2004%20big.jpg\" alt=\"\" \/><img class=\"skip-lazy no-lazyload noLazy\" data-lazy-src=\"\" src =\"https:\/\/citrothello.net\/blog\/images\/LES_CITROEN\/LES_BICYLINDRES\/AMI6_VINCENT_1963\/AMI%206%20CR%2005%20big.jpg\" alt=\"\" \/><img class=\"skip-lazy no-lazyload noLazy\" data-lazy-src=\"\" src =\"https:\/\/citrothello.net\/blog\/images\/LES_CITROEN\/LES_BICYLINDRES\/AMI6_VINCENT_1963\/AMI%206%20CR%2006%20big.jpg\" alt=\"\" \/><img class=\"skip-lazy no-lazyload noLazy\" data-lazy-src=\"\" src =\"https:\/\/citrothello.net\/blog\/images\/LES_CITROEN\/LES_BICYLINDRES\/AMI6_VINCENT_1963\/AMI%206%20CR%2007%20big.jpg\" alt=\"\" \/><img class=\"skip-lazy no-lazyload noLazy\" data-lazy-src=\"\" src =\"https:\/\/citrothello.net\/blog\/images\/LES_CITROEN\/LES_BICYLINDRES\/AMI6_VINCENT_1963\/AMI%206%20CR%2008%20big.jpg\" alt=\"\" \/><img class=\"skip-lazy no-lazyload noLazy\" data-lazy-src=\"\" src =\"https:\/\/citrothello.net\/blog\/images\/LES_CITROEN\/LES_BICYLINDRES\/AMI6_VINCENT_1963\/AMI%206%20CR%2009%20big.jpg\" alt=\"\" \/><img class=\"skip-lazy no-lazyload noLazy\" data-lazy-src=\"\" src =\"https:\/\/citrothello.net\/blog\/images\/LES_CITROEN\/LES_BICYLINDRES\/AMI6_VINCENT_1963\/AMI%206%20CR%2010%20big.jpg\" alt=\"\" \/><img class=\"skip-lazy no-lazyload noLazy\" data-lazy-src=\"\" src =\"https:\/\/citrothello.net\/blog\/images\/LES_CITROEN\/LES_BICYLINDRES\/AMI6_VINCENT_1963\/AMI%206%20CR%2011%20big.jpg\" alt=\"\" \/><img class=\"skip-lazy no-lazyload noLazy\" data-lazy-src=\"\" src =\"https:\/\/citrothello.net\/blog\/images\/LES_CITROEN\/LES_BICYLINDRES\/AMI6_VINCENT_1963\/AMI%206%20CR%2012%20big.jpg\" alt=\"\" \/><img class=\"skip-lazy no-lazyload noLazy\" data-lazy-src=\"\" src =\"https:\/\/citrothello.net\/blog\/images\/LES_CITROEN\/LES_BICYLINDRES\/AMI6_VINCENT_1963\/AMI%206%20CR%2013%20big.jpg\" alt=\"\" \/><img class=\"skip-lazy no-lazyload noLazy\" data-lazy-src=\"\" src =\"https:\/\/citrothello.net\/blog\/images\/LES_CITROEN\/LES_BICYLINDRES\/AMI6_VINCENT_1963\/AMI%206%20CR%2014%20big.jpg\" alt=\"\" \/><img class=\"skip-lazy no-lazyload noLazy\" data-lazy-src=\"\" src =\"https:\/\/citrothello.net\/blog\/images\/LES_CITROEN\/LES_BICYLINDRES\/AMI6_VINCENT_1963\/AMI%206%20CR%2015%20big.jpg\" alt=\"\" \/><img class=\"skip-lazy no-lazyload noLazy\" data-lazy-src=\"\" src =\"https:\/\/citrothello.net\/blog\/images\/LES_CITROEN\/LES_BICYLINDRES\/AMI6_VINCENT_1963\/AMI%206%20CR%2016%20big.jpg\" alt=\"\" \/><img class=\"skip-lazy no-lazyload noLazy\" data-lazy-src=\"\" src =\"https:\/\/citrothello.net\/blog\/images\/LES_CITROEN\/LES_BICYLINDRES\/AMI6_VINCENT_1963\/AMI%206%20CR%2018%20big.jpg\" alt=\"\" \/><img class=\"skip-lazy no-lazyload noLazy\" data-lazy-src=\"\" src =\"https:\/\/citrothello.net\/blog\/images\/LES_CITROEN\/LES_BICYLINDRES\/AMI6_VINCENT_1963\/AMI%206%20CR%2019%20big.jpg\" alt=\"\" \/><img class=\"skip-lazy no-lazyload noLazy\" data-lazy-src=\"\" src =\"https:\/\/citrothello.net\/blog\/images\/LES_CITROEN\/LES_BICYLINDRES\/AMI6_VINCENT_1963\/AMI%206%20CR%2020%20big.jpg\" alt=\"\" \/><img class=\"skip-lazy no-lazyload noLazy\" data-lazy-src=\"\" src =\"https:\/\/citrothello.net\/blog\/images\/LES_CITROEN\/LES_BICYLINDRES\/AMI6_VINCENT_1963\/AMI%206%20CR%2021%20big.jpg\" alt=\"\" \/><\/noscript>\n","protected":false},"excerpt":{"rendered":"<p>Parmi les bi-cylindres, voici le tout premier produit par Citro\u00ebn dans le but de combler le trou entre la petite 2CV, et la bourgeoise DS. La v\u00e9ritable voiture pour cela sera la GS en 1970, mais pour l&rsquo;instant il faut &hellip; <a href=\"https:\/\/citrothello.net\/blog\/ami-6-1963-au-musee-de-vincent-en-2004\/\">Continue reading <span class=\"meta-nav\">&rarr;<\/span><\/a><\/p>\n","protected":false},"author":1,"featured_media":443,"comment_status":"closed","ping_status":"closed","sticky":false,"template":"","format":"standard","meta":[],"categories":[233],"tags":[],"_links":{"self":[{"href":"https:\/\/citrothello.net\/blog\/wp-json\/wp\/v2\/posts\/441"}],"collection":[{"href":"https:\/\/citrothello.net\/blog\/wp-json\/wp\/v2\/posts"}],"about":[{"href":"https:\/\/citrothello.net\/blog\/wp-json\/wp\/v2\/types\/post"}],"author":[{"embeddable":true,"href":"https:\/\/citrothello.net\/blog\/wp-json\/wp\/v2\/users\/1"}],"replies":[{"embeddable":true,"href":"https:\/\/citrothello.net\/blog\/wp-json\/wp\/v2\/comments?post=441"}],"version-history":[{"count":5,"href":"https:\/\/citrothello.net\/blog\/wp-json\/wp\/v2\/posts\/441\/revisions"}],"predecessor-version":[{"id":1906,"href":"https:\/\/citrothello.net\/blog\/wp-json\/wp\/v2\/posts\/441\/revisions\/1906"}],"wp:featuredmedia":[{"embeddable":true,"href":"https:\/\/citrothello.net\/blog\/wp-json\/wp\/v2\/media\/443"}],"wp:attachment":[{"href":"https:\/\/citrothello.net\/blog\/wp-json\/wp\/v2\/media?parent=441"}],"wp:term":[{"taxonomy":"category","embeddable":true,"href":"https:\/\/citrothello.net\/blog\/wp-json\/wp\/v2\/categories?post=441"},{"taxonomy":"post_tag","embeddable":true,"href":"https:\/\/citrothello.net\/blog\/wp-json\/wp\/v2\/tags?post=441"}],"curies":[{"name":"wp","href":"https:\/\/api.w.org\/{rel}","templated":true}]}}