{"id":5546,"date":"2006-10-11T19:17:50","date_gmt":"2006-10-11T18:17:50","guid":{"rendered":"http:\/\/www.citrothello.net\/?p=5546"},"modified":"2015-06-03T19:47:14","modified_gmt":"2015-06-03T18:47:14","slug":"mes-voitures-en-octobre-2006","status":"publish","type":"post","link":"https:\/\/citrothello.net\/blog\/mes-voitures-en-octobre-2006\/","title":{"rendered":"MES VOITURES EN OCTOBRE 2006."},"content":{"rendered":"<p style=\"text-align: justify;\">R\u00e9guli\u00e8rement, je m&rsquo;amuse \u00e0 rassembler mes autos pour une petite s\u00e9ance photos. C&rsquo;est marrant de voir l&rsquo;\u00e9volution au fil des ann\u00e9es. Le nombre augmente peu ou pas, c&rsquo;est ma politique. Mais l&rsquo;une chasse l&rsquo;autre. Et puis \u00e7a rappelle des souvenirs de revoir certaines. Notre passion Citro\u00ebn est assez hallucinante..<\/p>\n<p style=\"text-align: justify;\">Photos prisent en octobre 2006.<\/p>\n<p style=\"text-align: justify;\"><div class=\"flagallery photobox_skin\" id=\"FlaGallery_sc1_274\" ><div class=\"flagPhotoBox_Container\"> <script type=\"text\/javascript\"> jQuery(function(){ var data = {\"thumbwidth\":\"120\",\"thumbheight\":\"68\",\"thumbsvpad\":\"18\",\"thumbshpad\":\"20\",\"history\":\"1\",\"time\":\"2000\",\"autoplay\":\"0\",\"loop\":\"0\",\"thumbs\":\"1\",\"title\":\"1\",\"counter\":\"1\",\"caption\":\"1\",\"zoomable\":\"1\",\"hideFlash\":\"1\",\"key\":\"8dd813621127091cf627a18ae62f6997\",\"name\":\"GRANDPackPlus\",\"ID\":\"sc1_274\"}; data.content = [{\"id\":\"31311\",\"image\":\"https:\\\/\\\/citrothello.net\\\/blog\\\/images\\\/MES_VOITURES\\\/MES AUTOS\\\/MES AUTOS 2006 OCTOBRE\\\/webview\\\/MES VOITURES 12 OCTOBRE 2006 10 big.jpg\",\"thumb\":\"https:\\\/\\\/citrothello.net\\\/blog\\\/images\\\/MES_VOITURES\\\/MES AUTOS\\\/MES AUTOS 2006 OCTOBRE\\\/thumbs\\\/thumbs_MES VOITURES 12 OCTOBRE 2006 10 big.jpg\",\"title\":\"\",\"alt\":\"\",\"text\":\"\",\"media\":\"\",\"link\":\"\",\"linkTarget\":\"_self\"},{\"id\":\"31312\",\"image\":\"https:\\\/\\\/citrothello.net\\\/blog\\\/images\\\/MES_VOITURES\\\/MES AUTOS\\\/MES AUTOS 2006 OCTOBRE\\\/webview\\\/MES VOITURES 12 OCTOBRE 2006 12 big.jpg\",\"thumb\":\"https:\\\/\\\/citrothello.net\\\/blog\\\/images\\\/MES_VOITURES\\\/MES AUTOS\\\/MES AUTOS 2006 OCTOBRE\\\/thumbs\\\/thumbs_MES VOITURES 12 OCTOBRE 2006 12 big.jpg\",\"title\":\"\",\"alt\":\"\",\"text\":\"\",\"media\":\"\",\"link\":\"\",\"linkTarget\":\"_self\"},{\"id\":\"31313\",\"image\":\"https:\\\/\\\/citrothello.net\\\/blog\\\/images\\\/MES_VOITURES\\\/MES AUTOS\\\/MES AUTOS 2006 OCTOBRE\\\/webview\\\/MES VOITURES 12 OCTOBRE 2006 13 big.jpg\",\"thumb\":\"https:\\\/\\\/citrothello.net\\\/blog\\\/images\\\/MES_VOITURES\\\/MES AUTOS\\\/MES AUTOS 2006 OCTOBRE\\\/thumbs\\\/thumbs_MES VOITURES 12 OCTOBRE 2006 13 big.jpg\",\"title\":\"\",\"alt\":\"\",\"text\":\"\",\"media\":\"\",\"link\":\"\",\"linkTarget\":\"_self\"},{\"id\":\"31314\",\"image\":\"https:\\\/\\\/citrothello.net\\\/blog\\\/images\\\/MES_VOITURES\\\/MES AUTOS\\\/MES AUTOS 2006 OCTOBRE\\\/webview\\\/MES VOITURES 12 OCTOBRE 2006 14 big.jpg\",\"thumb\":\"https:\\\/\\\/citrothello.net\\\/blog\\\/images\\\/MES_VOITURES\\\/MES AUTOS\\\/MES AUTOS 2006 OCTOBRE\\\/thumbs\\\/thumbs_MES VOITURES 12 OCTOBRE 2006 14 big.jpg\",\"title\":\"\",\"alt\":\"\",\"text\":\"\",\"media\":\"\",\"link\":\"\",\"linkTarget\":\"_self\"},{\"id\":\"31315\",\"image\":\"https:\\\/\\\/citrothello.net\\\/blog\\\/images\\\/MES_VOITURES\\\/MES AUTOS\\\/MES AUTOS 2006 OCTOBRE\\\/webview\\\/MES VOITURES 12 OCTOBRE 2006 15 big.jpg\",\"thumb\":\"https:\\\/\\\/citrothello.net\\\/blog\\\/images\\\/MES_VOITURES\\\/MES AUTOS\\\/MES AUTOS 2006 OCTOBRE\\\/thumbs\\\/thumbs_MES VOITURES 12 OCTOBRE 2006 15 big.jpg\",\"title\":\"\",\"alt\":\"\",\"text\":\"\",\"media\":\"\",\"link\":\"\",\"linkTarget\":\"_self\"},{\"id\":\"31316\",\"image\":\"https:\\\/\\\/citrothello.net\\\/blog\\\/images\\\/MES_VOITURES\\\/MES AUTOS\\\/MES AUTOS 2006 OCTOBRE\\\/webview\\\/MES VOITURES 12 OCTOBRE 2006 16 big.jpg\",\"thumb\":\"https:\\\/\\\/citrothello.net\\\/blog\\\/images\\\/MES_VOITURES\\\/MES AUTOS\\\/MES AUTOS 2006 OCTOBRE\\\/thumbs\\\/thumbs_MES VOITURES 12 OCTOBRE 2006 16 big.jpg\",\"title\":\"\",\"alt\":\"\",\"text\":\"\",\"media\":\"\",\"link\":\"\",\"linkTarget\":\"_self\"},{\"id\":\"31317\",\"image\":\"https:\\\/\\\/citrothello.net\\\/blog\\\/images\\\/MES_VOITURES\\\/MES AUTOS\\\/MES AUTOS 2006 OCTOBRE\\\/webview\\\/MES VOITURES 12 OCTOBRE 2006 17 big.jpg\",\"thumb\":\"https:\\\/\\\/citrothello.net\\\/blog\\\/images\\\/MES_VOITURES\\\/MES AUTOS\\\/MES AUTOS 2006 OCTOBRE\\\/thumbs\\\/thumbs_MES VOITURES 12 OCTOBRE 2006 17 big.jpg\",\"title\":\"\",\"alt\":\"\",\"text\":\"\",\"media\":\"\",\"link\":\"\",\"linkTarget\":\"_self\"},{\"id\":\"31318\",\"image\":\"https:\\\/\\\/citrothello.net\\\/blog\\\/images\\\/MES_VOITURES\\\/MES AUTOS\\\/MES AUTOS 2006 OCTOBRE\\\/webview\\\/MES VOITURES 12 OCTOBRE 2006 18 big.jpg\",\"thumb\":\"https:\\\/\\\/citrothello.net\\\/blog\\\/images\\\/MES_VOITURES\\\/MES AUTOS\\\/MES AUTOS 2006 OCTOBRE\\\/thumbs\\\/thumbs_MES VOITURES 12 OCTOBRE 2006 18 big.jpg\",\"title\":\"\",\"alt\":\"\",\"text\":\"\",\"media\":\"\",\"link\":\"\",\"linkTarget\":\"_self\"},{\"id\":\"31319\",\"image\":\"https:\\\/\\\/citrothello.net\\\/blog\\\/images\\\/MES_VOITURES\\\/MES AUTOS\\\/MES AUTOS 2006 OCTOBRE\\\/webview\\\/MES VOITURES 12 OCTOBRE 2006 19 big.jpg\",\"thumb\":\"https:\\\/\\\/citrothello.net\\\/blog\\\/images\\\/MES_VOITURES\\\/MES AUTOS\\\/MES AUTOS 2006 OCTOBRE\\\/thumbs\\\/thumbs_MES VOITURES 12 OCTOBRE 2006 19 big.jpg\",\"title\":\"\",\"alt\":\"\",\"text\":\"\",\"media\":\"\",\"link\":\"\",\"linkTarget\":\"_self\"},{\"id\":\"31320\",\"image\":\"https:\\\/\\\/citrothello.net\\\/blog\\\/images\\\/MES_VOITURES\\\/MES AUTOS\\\/MES AUTOS 2006 OCTOBRE\\\/webview\\\/MES VOITURES 12 OCTOBRE 2006 20 big.jpg\",\"thumb\":\"https:\\\/\\\/citrothello.net\\\/blog\\\/images\\\/MES_VOITURES\\\/MES AUTOS\\\/MES AUTOS 2006 OCTOBRE\\\/thumbs\\\/thumbs_MES VOITURES 12 OCTOBRE 2006 20 big.jpg\",\"title\":\"\",\"alt\":\"\",\"text\":\"\",\"media\":\"\",\"link\":\"\",\"linkTarget\":\"_self\"},{\"id\":\"31321\",\"image\":\"https:\\\/\\\/citrothello.net\\\/blog\\\/images\\\/MES_VOITURES\\\/MES AUTOS\\\/MES AUTOS 2006 OCTOBRE\\\/webview\\\/MES VOITURES 12 OCTOBRE 2006 21 big.jpg\",\"thumb\":\"https:\\\/\\\/citrothello.net\\\/blog\\\/images\\\/MES_VOITURES\\\/MES AUTOS\\\/MES AUTOS 2006 OCTOBRE\\\/thumbs\\\/thumbs_MES VOITURES 12 OCTOBRE 2006 21 big.jpg\",\"title\":\"\",\"alt\":\"\",\"text\":\"\",\"media\":\"\",\"link\":\"\",\"linkTarget\":\"_self\"},{\"id\":\"31322\",\"image\":\"https:\\\/\\\/citrothello.net\\\/blog\\\/images\\\/MES_VOITURES\\\/MES AUTOS\\\/MES AUTOS 2006 OCTOBRE\\\/webview\\\/MES VOITURES 12 OCTOBRE 2006 22 big.jpg\",\"thumb\":\"https:\\\/\\\/citrothello.net\\\/blog\\\/images\\\/MES_VOITURES\\\/MES AUTOS\\\/MES AUTOS 2006 OCTOBRE\\\/thumbs\\\/thumbs_MES VOITURES 12 OCTOBRE 2006 22 big.jpg\",\"title\":\"\",\"alt\":\"\",\"text\":\"\",\"media\":\"\",\"link\":\"\",\"linkTarget\":\"_self\"},{\"id\":\"31323\",\"image\":\"https:\\\/\\\/citrothello.net\\\/blog\\\/images\\\/MES_VOITURES\\\/MES AUTOS\\\/MES AUTOS 2006 OCTOBRE\\\/webview\\\/MES VOITURES 12 OCTOBRE 2006 23 big.jpg\",\"thumb\":\"https:\\\/\\\/citrothello.net\\\/blog\\\/images\\\/MES_VOITURES\\\/MES AUTOS\\\/MES AUTOS 2006 OCTOBRE\\\/thumbs\\\/thumbs_MES VOITURES 12 OCTOBRE 2006 23 big.jpg\",\"title\":\"\",\"alt\":\"\",\"text\":\"\",\"media\":\"\",\"link\":\"\",\"linkTarget\":\"_self\"},{\"id\":\"31324\",\"image\":\"https:\\\/\\\/citrothello.net\\\/blog\\\/images\\\/MES_VOITURES\\\/MES AUTOS\\\/MES AUTOS 2006 OCTOBRE\\\/webview\\\/MES VOITURES 12 OCTOBRE 2006 24 big.jpg\",\"thumb\":\"https:\\\/\\\/citrothello.net\\\/blog\\\/images\\\/MES_VOITURES\\\/MES AUTOS\\\/MES AUTOS 2006 OCTOBRE\\\/thumbs\\\/thumbs_MES VOITURES 12 OCTOBRE 2006 24 big.jpg\",\"title\":\"\",\"alt\":\"\",\"text\":\"\",\"media\":\"\",\"link\":\"\",\"linkTarget\":\"_self\"},{\"id\":\"31325\",\"image\":\"https:\\\/\\\/citrothello.net\\\/blog\\\/images\\\/MES_VOITURES\\\/MES AUTOS\\\/MES AUTOS 2006 OCTOBRE\\\/webview\\\/MES VOITURES 12 OCTOBRE 2006 25 big.jpg\",\"thumb\":\"https:\\\/\\\/citrothello.net\\\/blog\\\/images\\\/MES_VOITURES\\\/MES AUTOS\\\/MES AUTOS 2006 OCTOBRE\\\/thumbs\\\/thumbs_MES VOITURES 12 OCTOBRE 2006 25 big.jpg\",\"title\":\"\",\"alt\":\"\",\"text\":\"\",\"media\":\"\",\"link\":\"\",\"linkTarget\":\"_self\"},{\"id\":\"31326\",\"image\":\"https:\\\/\\\/citrothello.net\\\/blog\\\/images\\\/MES_VOITURES\\\/MES AUTOS\\\/MES AUTOS 2006 OCTOBRE\\\/webview\\\/MES VOITURES 12 OCTOBRE 2006 27 big.jpg\",\"thumb\":\"https:\\\/\\\/citrothello.net\\\/blog\\\/images\\\/MES_VOITURES\\\/MES AUTOS\\\/MES AUTOS 2006 OCTOBRE\\\/thumbs\\\/thumbs_MES VOITURES 12 OCTOBRE 2006 27 big.jpg\",\"title\":\"\",\"alt\":\"\",\"text\":\"\",\"media\":\"\",\"link\":\"\",\"linkTarget\":\"_self\"},{\"id\":\"31327\",\"image\":\"https:\\\/\\\/citrothello.net\\\/blog\\\/images\\\/MES_VOITURES\\\/MES AUTOS\\\/MES AUTOS 2006 OCTOBRE\\\/webview\\\/MES VOITURES 12 OCTOBRE 2006 28 big.jpg\",\"thumb\":\"https:\\\/\\\/citrothello.net\\\/blog\\\/images\\\/MES_VOITURES\\\/MES AUTOS\\\/MES AUTOS 2006 OCTOBRE\\\/thumbs\\\/thumbs_MES VOITURES 12 OCTOBRE 2006 28 big.jpg\",\"title\":\"\",\"alt\":\"\",\"text\":\"\",\"media\":\"\",\"link\":\"\",\"linkTarget\":\"_self\"},{\"id\":\"31328\",\"image\":\"https:\\\/\\\/citrothello.net\\\/blog\\\/images\\\/MES_VOITURES\\\/MES AUTOS\\\/MES AUTOS 2006 OCTOBRE\\\/webview\\\/MES VOITURES 12 OCTOBRE 2006 29 big.jpg\",\"thumb\":\"https:\\\/\\\/citrothello.net\\\/blog\\\/images\\\/MES_VOITURES\\\/MES AUTOS\\\/MES AUTOS 2006 OCTOBRE\\\/thumbs\\\/thumbs_MES VOITURES 12 OCTOBRE 2006 29 big.jpg\",\"title\":\"\",\"alt\":\"\",\"text\":\"\",\"media\":\"\",\"link\":\"\",\"linkTarget\":\"_self\"},{\"id\":\"31329\",\"image\":\"https:\\\/\\\/citrothello.net\\\/blog\\\/images\\\/MES_VOITURES\\\/MES AUTOS\\\/MES AUTOS 2006 OCTOBRE\\\/webview\\\/MES VOITURES 12 OCTOBRE 2006 30 big.jpg\",\"thumb\":\"https:\\\/\\\/citrothello.net\\\/blog\\\/images\\\/MES_VOITURES\\\/MES AUTOS\\\/MES AUTOS 2006 OCTOBRE\\\/thumbs\\\/thumbs_MES VOITURES 12 OCTOBRE 2006 30 big.jpg\",\"title\":\"\",\"alt\":\"\",\"text\":\"\",\"media\":\"\",\"link\":\"\",\"linkTarget\":\"_self\"},{\"id\":\"31330\",\"image\":\"https:\\\/\\\/citrothello.net\\\/blog\\\/images\\\/MES_VOITURES\\\/MES AUTOS\\\/MES AUTOS 2006 OCTOBRE\\\/webview\\\/MES VOITURES 12 OCTOBRE 2006 33 big.jpg\",\"thumb\":\"https:\\\/\\\/citrothello.net\\\/blog\\\/images\\\/MES_VOITURES\\\/MES AUTOS\\\/MES AUTOS 2006 OCTOBRE\\\/thumbs\\\/thumbs_MES VOITURES 12 OCTOBRE 2006 33 big.jpg\",\"title\":\"\",\"alt\":\"\",\"text\":\"\",\"media\":\"\",\"link\":\"\",\"linkTarget\":\"_self\"},{\"id\":\"31331\",\"image\":\"https:\\\/\\\/citrothello.net\\\/blog\\\/images\\\/MES_VOITURES\\\/MES AUTOS\\\/MES AUTOS 2006 OCTOBRE\\\/webview\\\/MES VOITURES 12 OCTOBRE 2006 34 big.jpg\",\"thumb\":\"https:\\\/\\\/citrothello.net\\\/blog\\\/images\\\/MES_VOITURES\\\/MES AUTOS\\\/MES AUTOS 2006 OCTOBRE\\\/thumbs\\\/thumbs_MES VOITURES 12 OCTOBRE 2006 34 big.jpg\",\"title\":\"\",\"alt\":\"\",\"text\":\"\",\"media\":\"\",\"link\":\"\",\"linkTarget\":\"_self\"},{\"id\":\"31332\",\"image\":\"https:\\\/\\\/citrothello.net\\\/blog\\\/images\\\/MES_VOITURES\\\/MES AUTOS\\\/MES AUTOS 2006 OCTOBRE\\\/webview\\\/MES VOITURES 12 OCTOBRE 2006 35 big.jpg\",\"thumb\":\"https:\\\/\\\/citrothello.net\\\/blog\\\/images\\\/MES_VOITURES\\\/MES AUTOS\\\/MES AUTOS 2006 OCTOBRE\\\/thumbs\\\/thumbs_MES VOITURES 12 OCTOBRE 2006 35 big.jpg\",\"title\":\"\",\"alt\":\"\",\"text\":\"\",\"media\":\"\",\"link\":\"\",\"linkTarget\":\"_self\"},{\"id\":\"31333\",\"image\":\"https:\\\/\\\/citrothello.net\\\/blog\\\/images\\\/MES_VOITURES\\\/MES AUTOS\\\/MES AUTOS 2006 OCTOBRE\\\/webview\\\/MES VOITURES 12 OCTOBRE 2006 36 big.jpg\",\"thumb\":\"https:\\\/\\\/citrothello.net\\\/blog\\\/images\\\/MES_VOITURES\\\/MES AUTOS\\\/MES AUTOS 2006 OCTOBRE\\\/thumbs\\\/thumbs_MES VOITURES 12 OCTOBRE 2006 36 big.jpg\",\"title\":\"\",\"alt\":\"\",\"text\":\"\",\"media\":\"\",\"link\":\"\",\"linkTarget\":\"_self\"},{\"id\":\"31334\",\"image\":\"https:\\\/\\\/citrothello.net\\\/blog\\\/images\\\/MES_VOITURES\\\/MES AUTOS\\\/MES AUTOS 2006 OCTOBRE\\\/webview\\\/MES VOITURES 12 OCTOBRE 2006 37 big.jpg\",\"thumb\":\"https:\\\/\\\/citrothello.net\\\/blog\\\/images\\\/MES_VOITURES\\\/MES AUTOS\\\/MES AUTOS 2006 OCTOBRE\\\/thumbs\\\/thumbs_MES VOITURES 12 OCTOBRE 2006 37 big.jpg\",\"title\":\"\",\"alt\":\"\",\"text\":\"\",\"media\":\"\",\"link\":\"\",\"linkTarget\":\"_self\"},{\"id\":\"31335\",\"image\":\"https:\\\/\\\/citrothello.net\\\/blog\\\/images\\\/MES_VOITURES\\\/MES AUTOS\\\/MES AUTOS 2006 OCTOBRE\\\/webview\\\/MES VOITURES 12 OCTOBRE 2006 38 big.jpg\",\"thumb\":\"https:\\\/\\\/citrothello.net\\\/blog\\\/images\\\/MES_VOITURES\\\/MES AUTOS\\\/MES AUTOS 2006 OCTOBRE\\\/thumbs\\\/thumbs_MES VOITURES 12 OCTOBRE 2006 38 big.jpg\",\"title\":\"\",\"alt\":\"\",\"text\":\"\",\"media\":\"\",\"link\":\"\",\"linkTarget\":\"_self\"},{\"id\":\"31336\",\"image\":\"https:\\\/\\\/citrothello.net\\\/blog\\\/images\\\/MES_VOITURES\\\/MES AUTOS\\\/MES AUTOS 2006 OCTOBRE\\\/webview\\\/MES VOITURES 12 OCTOBRE 2006 39 big.jpg\",\"thumb\":\"https:\\\/\\\/citrothello.net\\\/blog\\\/images\\\/MES_VOITURES\\\/MES AUTOS\\\/MES AUTOS 2006 OCTOBRE\\\/thumbs\\\/thumbs_MES VOITURES 12 OCTOBRE 2006 39 big.jpg\",\"title\":\"\",\"alt\":\"\",\"text\":\"\",\"media\":\"\",\"link\":\"\",\"linkTarget\":\"_self\"},{\"id\":\"31337\",\"image\":\"https:\\\/\\\/citrothello.net\\\/blog\\\/images\\\/MES_VOITURES\\\/MES AUTOS\\\/MES AUTOS 2006 OCTOBRE\\\/webview\\\/MES VOITURES 12 OCTOBRE 2006 40 big.jpg\",\"thumb\":\"https:\\\/\\\/citrothello.net\\\/blog\\\/images\\\/MES_VOITURES\\\/MES AUTOS\\\/MES AUTOS 2006 OCTOBRE\\\/thumbs\\\/thumbs_MES VOITURES 12 OCTOBRE 2006 40 big.jpg\",\"title\":\"\",\"alt\":\"\",\"text\":\"\",\"media\":\"\",\"link\":\"\",\"linkTarget\":\"_self\"},{\"id\":\"31338\",\"image\":\"https:\\\/\\\/citrothello.net\\\/blog\\\/images\\\/MES_VOITURES\\\/MES AUTOS\\\/MES AUTOS 2006 OCTOBRE\\\/webview\\\/MES VOITURES 12 OCTOBRE 2006 41 big.jpg\",\"thumb\":\"https:\\\/\\\/citrothello.net\\\/blog\\\/images\\\/MES_VOITURES\\\/MES AUTOS\\\/MES AUTOS 2006 OCTOBRE\\\/thumbs\\\/thumbs_MES VOITURES 12 OCTOBRE 2006 41 big.jpg\",\"title\":\"\",\"alt\":\"\",\"text\":\"\",\"media\":\"\",\"link\":\"\",\"linkTarget\":\"_self\"},{\"id\":\"31339\",\"image\":\"https:\\\/\\\/citrothello.net\\\/blog\\\/images\\\/MES_VOITURES\\\/MES AUTOS\\\/MES AUTOS 2006 OCTOBRE\\\/webview\\\/MES VOITURES 12 OCTOBRE 2006 42 big.jpg\",\"thumb\":\"https:\\\/\\\/citrothello.net\\\/blog\\\/images\\\/MES_VOITURES\\\/MES AUTOS\\\/MES AUTOS 2006 OCTOBRE\\\/thumbs\\\/thumbs_MES VOITURES 12 OCTOBRE 2006 42 big.jpg\",\"title\":\"\",\"alt\":\"\",\"text\":\"\",\"media\":\"\",\"link\":\"\",\"linkTarget\":\"_self\"},{\"id\":\"31340\",\"image\":\"https:\\\/\\\/citrothello.net\\\/blog\\\/images\\\/MES_VOITURES\\\/MES AUTOS\\\/MES AUTOS 2006 OCTOBRE\\\/webview\\\/MES VOITURES 12 OCTOBRE 2006 43 big.jpg\",\"thumb\":\"https:\\\/\\\/citrothello.net\\\/blog\\\/images\\\/MES_VOITURES\\\/MES AUTOS\\\/MES AUTOS 2006 OCTOBRE\\\/thumbs\\\/thumbs_MES VOITURES 12 OCTOBRE 2006 43 big.jpg\",\"title\":\"\",\"alt\":\"\",\"text\":\"\",\"media\":\"\",\"link\":\"\",\"linkTarget\":\"_self\"},{\"id\":\"31341\",\"image\":\"https:\\\/\\\/citrothello.net\\\/blog\\\/images\\\/MES_VOITURES\\\/MES AUTOS\\\/MES AUTOS 2006 OCTOBRE\\\/webview\\\/MES VOITURES 12 OCTOBRE 2006 44 big.jpg\",\"thumb\":\"https:\\\/\\\/citrothello.net\\\/blog\\\/images\\\/MES_VOITURES\\\/MES AUTOS\\\/MES AUTOS 2006 OCTOBRE\\\/thumbs\\\/thumbs_MES VOITURES 12 OCTOBRE 2006 44 big.jpg\",\"title\":\"\",\"alt\":\"\",\"text\":\"\",\"media\":\"\",\"link\":\"\",\"linkTarget\":\"_self\"},{\"id\":\"31342\",\"image\":\"https:\\\/\\\/citrothello.net\\\/blog\\\/images\\\/MES_VOITURES\\\/MES AUTOS\\\/MES AUTOS 2006 OCTOBRE\\\/webview\\\/MES VOITURES 12 OCTOBRE 2006 45 big.jpg\",\"thumb\":\"https:\\\/\\\/citrothello.net\\\/blog\\\/images\\\/MES_VOITURES\\\/MES AUTOS\\\/MES AUTOS 2006 OCTOBRE\\\/thumbs\\\/thumbs_MES VOITURES 12 OCTOBRE 2006 45 big.jpg\",\"title\":\"\",\"alt\":\"\",\"text\":\"\",\"media\":\"\",\"link\":\"\",\"linkTarget\":\"_self\"},{\"id\":\"31343\",\"image\":\"https:\\\/\\\/citrothello.net\\\/blog\\\/images\\\/MES_VOITURES\\\/MES AUTOS\\\/MES AUTOS 2006 OCTOBRE\\\/webview\\\/MES VOITURES 12 OCTOBRE 2006 46 big.jpg\",\"thumb\":\"https:\\\/\\\/citrothello.net\\\/blog\\\/images\\\/MES_VOITURES\\\/MES AUTOS\\\/MES AUTOS 2006 OCTOBRE\\\/thumbs\\\/thumbs_MES VOITURES 12 OCTOBRE 2006 46 big.jpg\",\"title\":\"\",\"alt\":\"\",\"text\":\"\",\"media\":\"\",\"link\":\"\",\"linkTarget\":\"_self\"},{\"id\":\"31344\",\"image\":\"https:\\\/\\\/citrothello.net\\\/blog\\\/images\\\/MES_VOITURES\\\/MES AUTOS\\\/MES AUTOS 2006 OCTOBRE\\\/webview\\\/MES VOITURES 12 OCTOBRE 2006 47 big.jpg\",\"thumb\":\"https:\\\/\\\/citrothello.net\\\/blog\\\/images\\\/MES_VOITURES\\\/MES AUTOS\\\/MES AUTOS 2006 OCTOBRE\\\/thumbs\\\/thumbs_MES VOITURES 12 OCTOBRE 2006 47 big.jpg\",\"title\":\"\",\"alt\":\"\",\"text\":\"\",\"media\":\"\",\"link\":\"\",\"linkTarget\":\"_self\"},{\"id\":\"31345\",\"image\":\"https:\\\/\\\/citrothello.net\\\/blog\\\/images\\\/MES_VOITURES\\\/MES AUTOS\\\/MES AUTOS 2006 OCTOBRE\\\/webview\\\/MES VOITURES 12 OCTOBRE 2006 50 big.jpg\",\"thumb\":\"https:\\\/\\\/citrothello.net\\\/blog\\\/images\\\/MES_VOITURES\\\/MES AUTOS\\\/MES AUTOS 2006 OCTOBRE\\\/thumbs\\\/thumbs_MES VOITURES 12 OCTOBRE 2006 50 big.jpg\",\"title\":\"\",\"alt\":\"\",\"text\":\"\",\"media\":\"\",\"link\":\"\",\"linkTarget\":\"_self\"},{\"id\":\"31346\",\"image\":\"https:\\\/\\\/citrothello.net\\\/blog\\\/images\\\/MES_VOITURES\\\/MES AUTOS\\\/MES AUTOS 2006 OCTOBRE\\\/webview\\\/MES VOITURES 12 OCTOBRE 2006 51 big.jpg\",\"thumb\":\"https:\\\/\\\/citrothello.net\\\/blog\\\/images\\\/MES_VOITURES\\\/MES AUTOS\\\/MES AUTOS 2006 OCTOBRE\\\/thumbs\\\/thumbs_MES VOITURES 12 OCTOBRE 2006 51 big.jpg\",\"title\":\"\",\"alt\":\"\",\"text\":\"\",\"media\":\"\",\"link\":\"\",\"linkTarget\":\"_self\"},{\"id\":\"31347\",\"image\":\"https:\\\/\\\/citrothello.net\\\/blog\\\/images\\\/MES_VOITURES\\\/MES AUTOS\\\/MES AUTOS 2006 OCTOBRE\\\/webview\\\/MES VOITURES 12 OCTOBRE 2006 52 big.jpg\",\"thumb\":\"https:\\\/\\\/citrothello.net\\\/blog\\\/images\\\/MES_VOITURES\\\/MES AUTOS\\\/MES AUTOS 2006 OCTOBRE\\\/thumbs\\\/thumbs_MES VOITURES 12 OCTOBRE 2006 52 big.jpg\",\"title\":\"\",\"alt\":\"\",\"text\":\"\",\"media\":\"\",\"link\":\"\",\"linkTarget\":\"_self\"},{\"id\":\"31348\",\"image\":\"https:\\\/\\\/citrothello.net\\\/blog\\\/images\\\/MES_VOITURES\\\/MES AUTOS\\\/MES AUTOS 2006 OCTOBRE\\\/webview\\\/MES VOITURES 12 OCTOBRE 2006 54 big.jpg\",\"thumb\":\"https:\\\/\\\/citrothello.net\\\/blog\\\/images\\\/MES_VOITURES\\\/MES AUTOS\\\/MES AUTOS 2006 OCTOBRE\\\/thumbs\\\/thumbs_MES VOITURES 12 OCTOBRE 2006 54 big.jpg\",\"title\":\"\",\"alt\":\"\",\"text\":\"\",\"media\":\"\",\"link\":\"\",\"linkTarget\":\"_self\"},{\"id\":\"31349\",\"image\":\"https:\\\/\\\/citrothello.net\\\/blog\\\/images\\\/MES_VOITURES\\\/MES AUTOS\\\/MES AUTOS 2006 OCTOBRE\\\/webview\\\/MES VOITURES 12 OCTOBRE 2006 55 big.jpg\",\"thumb\":\"https:\\\/\\\/citrothello.net\\\/blog\\\/images\\\/MES_VOITURES\\\/MES AUTOS\\\/MES AUTOS 2006 OCTOBRE\\\/thumbs\\\/thumbs_MES VOITURES 12 OCTOBRE 2006 55 big.jpg\",\"title\":\"\",\"alt\":\"\",\"text\":\"\",\"media\":\"\",\"link\":\"\",\"linkTarget\":\"_self\"},{\"id\":\"31350\",\"image\":\"https:\\\/\\\/citrothello.net\\\/blog\\\/images\\\/MES_VOITURES\\\/MES AUTOS\\\/MES AUTOS 2006 OCTOBRE\\\/webview\\\/MES VOITURES 12 OCTOBRE 2006 56 big.jpg\",\"thumb\":\"https:\\\/\\\/citrothello.net\\\/blog\\\/images\\\/MES_VOITURES\\\/MES AUTOS\\\/MES AUTOS 2006 OCTOBRE\\\/thumbs\\\/thumbs_MES VOITURES 12 OCTOBRE 2006 56 big.jpg\",\"title\":\"\",\"alt\":\"\",\"text\":\"\",\"media\":\"\",\"link\":\"\",\"linkTarget\":\"_self\"},{\"id\":\"31351\",\"image\":\"https:\\\/\\\/citrothello.net\\\/blog\\\/images\\\/MES_VOITURES\\\/MES AUTOS\\\/MES AUTOS 2006 OCTOBRE\\\/webview\\\/MES VOITURES 12 OCTOBRE 2006 57 big.jpg\",\"thumb\":\"https:\\\/\\\/citrothello.net\\\/blog\\\/images\\\/MES_VOITURES\\\/MES AUTOS\\\/MES AUTOS 2006 OCTOBRE\\\/thumbs\\\/thumbs_MES VOITURES 12 OCTOBRE 2006 57 big.jpg\",\"title\":\"\",\"alt\":\"\",\"text\":\"\",\"media\":\"\",\"link\":\"\",\"linkTarget\":\"_self\"},{\"id\":\"31352\",\"image\":\"https:\\\/\\\/citrothello.net\\\/blog\\\/images\\\/MES_VOITURES\\\/MES AUTOS\\\/MES AUTOS 2006 OCTOBRE\\\/webview\\\/MES VOITURES 12 OCTOBRE 2006 59 big.jpg\",\"thumb\":\"https:\\\/\\\/citrothello.net\\\/blog\\\/images\\\/MES_VOITURES\\\/MES AUTOS\\\/MES AUTOS 2006 OCTOBRE\\\/thumbs\\\/thumbs_MES VOITURES 12 OCTOBRE 2006 59 big.jpg\",\"title\":\"\",\"alt\":\"\",\"text\":\"\",\"media\":\"\",\"link\":\"\",\"linkTarget\":\"_self\"},{\"id\":\"31353\",\"image\":\"https:\\\/\\\/citrothello.net\\\/blog\\\/images\\\/MES_VOITURES\\\/MES AUTOS\\\/MES AUTOS 2006 OCTOBRE\\\/webview\\\/MES VOITURES 12 OCTOBRE 2006 60 big.jpg\",\"thumb\":\"https:\\\/\\\/citrothello.net\\\/blog\\\/images\\\/MES_VOITURES\\\/MES AUTOS\\\/MES AUTOS 2006 OCTOBRE\\\/thumbs\\\/thumbs_MES VOITURES 12 OCTOBRE 2006 60 big.jpg\",\"title\":\"\",\"alt\":\"\",\"text\":\"\",\"media\":\"\",\"link\":\"\",\"linkTarget\":\"_self\"},{\"id\":\"31354\",\"image\":\"https:\\\/\\\/citrothello.net\\\/blog\\\/images\\\/MES_VOITURES\\\/MES AUTOS\\\/MES AUTOS 2006 OCTOBRE\\\/webview\\\/MES VOITURES 12 OCTOBRE 2006 61 big.jpg\",\"thumb\":\"https:\\\/\\\/citrothello.net\\\/blog\\\/images\\\/MES_VOITURES\\\/MES AUTOS\\\/MES AUTOS 2006 OCTOBRE\\\/thumbs\\\/thumbs_MES VOITURES 12 OCTOBRE 2006 61 big.jpg\",\"title\":\"\",\"alt\":\"\",\"text\":\"\",\"media\":\"\",\"link\":\"\",\"linkTarget\":\"_self\"},{\"id\":\"31355\",\"image\":\"https:\\\/\\\/citrothello.net\\\/blog\\\/images\\\/MES_VOITURES\\\/MES AUTOS\\\/MES AUTOS 2006 OCTOBRE\\\/webview\\\/MES VOITURES 12 OCTOBRE 2006 62 big.jpg\",\"thumb\":\"https:\\\/\\\/citrothello.net\\\/blog\\\/images\\\/MES_VOITURES\\\/MES AUTOS\\\/MES AUTOS 2006 OCTOBRE\\\/thumbs\\\/thumbs_MES VOITURES 12 OCTOBRE 2006 62 big.jpg\",\"title\":\"\",\"alt\":\"\",\"text\":\"\",\"media\":\"\",\"link\":\"\",\"linkTarget\":\"_self\"},{\"id\":\"31356\",\"image\":\"https:\\\/\\\/citrothello.net\\\/blog\\\/images\\\/MES_VOITURES\\\/MES AUTOS\\\/MES AUTOS 2006 OCTOBRE\\\/webview\\\/MES VOITURES 12 OCTOBRE 2006 63 big.jpg\",\"thumb\":\"https:\\\/\\\/citrothello.net\\\/blog\\\/images\\\/MES_VOITURES\\\/MES AUTOS\\\/MES AUTOS 2006 OCTOBRE\\\/thumbs\\\/thumbs_MES VOITURES 12 OCTOBRE 2006 63 big.jpg\",\"title\":\"\",\"alt\":\"\",\"text\":\"\",\"media\":\"\",\"link\":\"\",\"linkTarget\":\"_self\"},{\"id\":\"31357\",\"image\":\"https:\\\/\\\/citrothello.net\\\/blog\\\/images\\\/MES_VOITURES\\\/MES AUTOS\\\/MES AUTOS 2006 OCTOBRE\\\/webview\\\/MES VOITURES 12 OCTOBRE 2006 64 big.jpg\",\"thumb\":\"https:\\\/\\\/citrothello.net\\\/blog\\\/images\\\/MES_VOITURES\\\/MES AUTOS\\\/MES AUTOS 2006 OCTOBRE\\\/thumbs\\\/thumbs_MES VOITURES 12 OCTOBRE 2006 64 big.jpg\",\"title\":\"\",\"alt\":\"\",\"text\":\"\",\"media\":\"\",\"link\":\"\",\"linkTarget\":\"_self\"},{\"id\":\"31358\",\"image\":\"https:\\\/\\\/citrothello.net\\\/blog\\\/images\\\/MES_VOITURES\\\/MES AUTOS\\\/MES AUTOS 2006 OCTOBRE\\\/webview\\\/MES VOITURES 12 OCTOBRE 2006 65 big.jpg\",\"thumb\":\"https:\\\/\\\/citrothello.net\\\/blog\\\/images\\\/MES_VOITURES\\\/MES AUTOS\\\/MES AUTOS 2006 OCTOBRE\\\/thumbs\\\/thumbs_MES VOITURES 12 OCTOBRE 2006 65 big.jpg\",\"title\":\"\",\"alt\":\"\",\"text\":\"\",\"media\":\"\",\"link\":\"\",\"linkTarget\":\"_self\"},{\"id\":\"31359\",\"image\":\"https:\\\/\\\/citrothello.net\\\/blog\\\/images\\\/MES_VOITURES\\\/MES AUTOS\\\/MES AUTOS 2006 OCTOBRE\\\/webview\\\/MES VOITURES 12 OCTOBRE 2006 66 big.jpg\",\"thumb\":\"https:\\\/\\\/citrothello.net\\\/blog\\\/images\\\/MES_VOITURES\\\/MES AUTOS\\\/MES AUTOS 2006 OCTOBRE\\\/thumbs\\\/thumbs_MES VOITURES 12 OCTOBRE 2006 66 big.jpg\",\"title\":\"\",\"alt\":\"\",\"text\":\"\",\"media\":\"\",\"link\":\"\",\"linkTarget\":\"_self\"},{\"id\":\"31360\",\"image\":\"https:\\\/\\\/citrothello.net\\\/blog\\\/images\\\/MES_VOITURES\\\/MES AUTOS\\\/MES AUTOS 2006 OCTOBRE\\\/webview\\\/MES VOITURES 12 OCTOBRE 2006 67 big.jpg\",\"thumb\":\"https:\\\/\\\/citrothello.net\\\/blog\\\/images\\\/MES_VOITURES\\\/MES AUTOS\\\/MES AUTOS 2006 OCTOBRE\\\/thumbs\\\/thumbs_MES VOITURES 12 OCTOBRE 2006 67 big.jpg\",\"title\":\"\",\"alt\":\"\",\"text\":\"\",\"media\":\"\",\"link\":\"\",\"linkTarget\":\"_self\"},{\"id\":\"31361\",\"image\":\"https:\\\/\\\/citrothello.net\\\/blog\\\/images\\\/MES_VOITURES\\\/MES AUTOS\\\/MES AUTOS 2006 OCTOBRE\\\/webview\\\/MES VOITURES 12 OCTOBRE 2006 68 big.jpg\",\"thumb\":\"https:\\\/\\\/citrothello.net\\\/blog\\\/images\\\/MES_VOITURES\\\/MES AUTOS\\\/MES AUTOS 2006 OCTOBRE\\\/thumbs\\\/thumbs_MES VOITURES 12 OCTOBRE 2006 68 big.jpg\",\"title\":\"\",\"alt\":\"\",\"text\":\"\",\"media\":\"\",\"link\":null,\"linkTarget\":\"_self\"},{\"id\":\"31362\",\"image\":\"https:\\\/\\\/citrothello.net\\\/blog\\\/images\\\/MES_VOITURES\\\/MES AUTOS\\\/MES AUTOS 2006 OCTOBRE\\\/webview\\\/MES VOITURES 12 OCTOBRE 2006 69 big.jpg\",\"thumb\":\"https:\\\/\\\/citrothello.net\\\/blog\\\/images\\\/MES_VOITURES\\\/MES AUTOS\\\/MES AUTOS 2006 OCTOBRE\\\/thumbs\\\/thumbs_MES VOITURES 12 OCTOBRE 2006 69 big.jpg\",\"title\":\"\",\"alt\":\"\",\"text\":\"\",\"media\":\"\",\"link\":null,\"linkTarget\":\"_self\"},{\"id\":\"31363\",\"image\":\"https:\\\/\\\/citrothello.net\\\/blog\\\/images\\\/MES_VOITURES\\\/MES AUTOS\\\/MES AUTOS 2006 OCTOBRE\\\/webview\\\/MES VOITURES 12 OCTOBRE 2006 70 big.jpg\",\"thumb\":\"https:\\\/\\\/citrothello.net\\\/blog\\\/images\\\/MES_VOITURES\\\/MES AUTOS\\\/MES AUTOS 2006 OCTOBRE\\\/thumbs\\\/thumbs_MES VOITURES 12 OCTOBRE 2006 70 big.jpg\",\"title\":\"\",\"alt\":\"\",\"text\":\"\",\"media\":\"\",\"link\":null,\"linkTarget\":\"_self\"},{\"id\":\"31364\",\"image\":\"https:\\\/\\\/citrothello.net\\\/blog\\\/images\\\/MES_VOITURES\\\/MES AUTOS\\\/MES AUTOS 2006 OCTOBRE\\\/webview\\\/MES VOITURES 12 OCTOBRE 2006 71 big.jpg\",\"thumb\":\"https:\\\/\\\/citrothello.net\\\/blog\\\/images\\\/MES_VOITURES\\\/MES AUTOS\\\/MES AUTOS 2006 OCTOBRE\\\/thumbs\\\/thumbs_MES VOITURES 12 OCTOBRE 2006 71 big.jpg\",\"title\":\"\",\"alt\":\"\",\"text\":\"\",\"media\":\"\",\"link\":null,\"linkTarget\":\"_self\"},{\"id\":\"31365\",\"image\":\"https:\\\/\\\/citrothello.net\\\/blog\\\/images\\\/MES_VOITURES\\\/MES AUTOS\\\/MES AUTOS 2006 OCTOBRE\\\/webview\\\/MES VOITURES 12 OCTOBRE 2006 72 big.jpg\",\"thumb\":\"https:\\\/\\\/citrothello.net\\\/blog\\\/images\\\/MES_VOITURES\\\/MES AUTOS\\\/MES AUTOS 2006 OCTOBRE\\\/thumbs\\\/thumbs_MES VOITURES 12 OCTOBRE 2006 72 big.jpg\",\"title\":\"\",\"alt\":\"\",\"text\":\"\",\"media\":\"\",\"link\":null,\"linkTarget\":\"_self\"},{\"id\":\"31366\",\"image\":\"https:\\\/\\\/citrothello.net\\\/blog\\\/images\\\/MES_VOITURES\\\/MES AUTOS\\\/MES AUTOS 2006 OCTOBRE\\\/webview\\\/MES VOITURES 12 OCTOBRE 2006 73 big.jpg\",\"thumb\":\"https:\\\/\\\/citrothello.net\\\/blog\\\/images\\\/MES_VOITURES\\\/MES AUTOS\\\/MES AUTOS 2006 OCTOBRE\\\/thumbs\\\/thumbs_MES VOITURES 12 OCTOBRE 2006 73 big.jpg\",\"title\":\"\",\"alt\":\"\",\"text\":\"\",\"media\":\"\",\"link\":null,\"linkTarget\":\"_self\"},{\"id\":\"31367\",\"image\":\"https:\\\/\\\/citrothello.net\\\/blog\\\/images\\\/MES_VOITURES\\\/MES AUTOS\\\/MES AUTOS 2006 OCTOBRE\\\/webview\\\/MES VOITURES 12 OCTOBRE 2006 74 big.jpg\",\"thumb\":\"https:\\\/\\\/citrothello.net\\\/blog\\\/images\\\/MES_VOITURES\\\/MES AUTOS\\\/MES AUTOS 2006 OCTOBRE\\\/thumbs\\\/thumbs_MES VOITURES 12 OCTOBRE 2006 74 big.jpg\",\"title\":\"\",\"alt\":\"\",\"text\":\"\",\"media\":\"\",\"link\":null,\"linkTarget\":\"_self\"},{\"id\":\"31368\",\"image\":\"https:\\\/\\\/citrothello.net\\\/blog\\\/images\\\/MES_VOITURES\\\/MES AUTOS\\\/MES AUTOS 2006 OCTOBRE\\\/webview\\\/MES VOITURES 12 OCTOBRE 2006 75 big.jpg\",\"thumb\":\"https:\\\/\\\/citrothello.net\\\/blog\\\/images\\\/MES_VOITURES\\\/MES AUTOS\\\/MES AUTOS 2006 OCTOBRE\\\/thumbs\\\/thumbs_MES VOITURES 12 OCTOBRE 2006 75 big.jpg\",\"title\":\"\",\"alt\":\"\",\"text\":\"\",\"media\":\"\",\"link\":null,\"linkTarget\":\"_self\"},{\"id\":\"31369\",\"image\":\"https:\\\/\\\/citrothello.net\\\/blog\\\/images\\\/MES_VOITURES\\\/MES AUTOS\\\/MES AUTOS 2006 OCTOBRE\\\/webview\\\/MES VOITURES 12 OCTOBRE 2006 76 big.jpg\",\"thumb\":\"https:\\\/\\\/citrothello.net\\\/blog\\\/images\\\/MES_VOITURES\\\/MES AUTOS\\\/MES AUTOS 2006 OCTOBRE\\\/thumbs\\\/thumbs_MES VOITURES 12 OCTOBRE 2006 76 big.jpg\",\"title\":\"\",\"alt\":\"\",\"text\":\"\",\"media\":\"\",\"link\":null,\"linkTarget\":\"_self\"},{\"id\":\"31370\",\"image\":\"https:\\\/\\\/citrothello.net\\\/blog\\\/images\\\/MES_VOITURES\\\/MES AUTOS\\\/MES AUTOS 2006 OCTOBRE\\\/webview\\\/MES VOITURES 12 OCTOBRE 2006 77 big.jpg\",\"thumb\":\"https:\\\/\\\/citrothello.net\\\/blog\\\/images\\\/MES_VOITURES\\\/MES AUTOS\\\/MES AUTOS 2006 OCTOBRE\\\/thumbs\\\/thumbs_MES VOITURES 12 OCTOBRE 2006 77 big.jpg\",\"title\":\"\",\"alt\":\"\",\"text\":\"\",\"media\":\"\",\"link\":null,\"linkTarget\":\"_self\"},{\"id\":\"31371\",\"image\":\"https:\\\/\\\/citrothello.net\\\/blog\\\/images\\\/MES_VOITURES\\\/MES AUTOS\\\/MES AUTOS 2006 OCTOBRE\\\/webview\\\/MES VOITURES 12 OCTOBRE 2006 78 big.jpg\",\"thumb\":\"https:\\\/\\\/citrothello.net\\\/blog\\\/images\\\/MES_VOITURES\\\/MES AUTOS\\\/MES AUTOS 2006 OCTOBRE\\\/thumbs\\\/thumbs_MES VOITURES 12 OCTOBRE 2006 78 big.jpg\",\"title\":\"\",\"alt\":\"\",\"text\":\"\",\"media\":\"\",\"link\":null,\"linkTarget\":\"_self\"},{\"id\":\"31372\",\"image\":\"https:\\\/\\\/citrothello.net\\\/blog\\\/images\\\/MES_VOITURES\\\/MES AUTOS\\\/MES AUTOS 2006 OCTOBRE\\\/webview\\\/MES VOITURES 12 OCTOBRE 2006 79 big.jpg\",\"thumb\":\"https:\\\/\\\/citrothello.net\\\/blog\\\/images\\\/MES_VOITURES\\\/MES AUTOS\\\/MES AUTOS 2006 OCTOBRE\\\/thumbs\\\/thumbs_MES VOITURES 12 OCTOBRE 2006 79 big.jpg\",\"title\":\"\",\"alt\":\"\",\"text\":\"\",\"media\":\"\",\"link\":null,\"linkTarget\":\"_self\"},{\"id\":\"31373\",\"image\":\"https:\\\/\\\/citrothello.net\\\/blog\\\/images\\\/MES_VOITURES\\\/MES AUTOS\\\/MES AUTOS 2006 OCTOBRE\\\/webview\\\/MES VOITURES 12 OCTOBRE 2006 80 big.jpg\",\"thumb\":\"https:\\\/\\\/citrothello.net\\\/blog\\\/images\\\/MES_VOITURES\\\/MES AUTOS\\\/MES AUTOS 2006 OCTOBRE\\\/thumbs\\\/thumbs_MES VOITURES 12 OCTOBRE 2006 80 big.jpg\",\"title\":\"\",\"alt\":\"\",\"text\":\"\",\"media\":\"\",\"link\":null,\"linkTarget\":\"_self\"},{\"id\":\"31374\",\"image\":\"https:\\\/\\\/citrothello.net\\\/blog\\\/images\\\/MES_VOITURES\\\/MES AUTOS\\\/MES AUTOS 2006 OCTOBRE\\\/webview\\\/MES VOITURES 12 OCTOBRE 2006 81 big.jpg\",\"thumb\":\"https:\\\/\\\/citrothello.net\\\/blog\\\/images\\\/MES_VOITURES\\\/MES AUTOS\\\/MES AUTOS 2006 OCTOBRE\\\/thumbs\\\/thumbs_MES VOITURES 12 OCTOBRE 2006 81 big.jpg\",\"title\":\"\",\"alt\":\"\",\"text\":\"\",\"media\":\"\",\"link\":null,\"linkTarget\":\"_self\"},{\"id\":\"31375\",\"image\":\"https:\\\/\\\/citrothello.net\\\/blog\\\/images\\\/MES_VOITURES\\\/MES AUTOS\\\/MES AUTOS 2006 OCTOBRE\\\/webview\\\/MES VOITURES 12 OCTOBRE 2006 82 big.jpg\",\"thumb\":\"https:\\\/\\\/citrothello.net\\\/blog\\\/images\\\/MES_VOITURES\\\/MES AUTOS\\\/MES AUTOS 2006 OCTOBRE\\\/thumbs\\\/thumbs_MES VOITURES 12 OCTOBRE 2006 82 big.jpg\",\"title\":\"\",\"alt\":\"\",\"text\":\"\",\"media\":\"\",\"link\":null,\"linkTarget\":\"_self\"},{\"id\":\"31376\",\"image\":\"https:\\\/\\\/citrothello.net\\\/blog\\\/images\\\/MES_VOITURES\\\/MES AUTOS\\\/MES AUTOS 2006 OCTOBRE\\\/webview\\\/MES VOITURES 12 OCTOBRE 2006 83 big.jpg\",\"thumb\":\"https:\\\/\\\/citrothello.net\\\/blog\\\/images\\\/MES_VOITURES\\\/MES AUTOS\\\/MES AUTOS 2006 OCTOBRE\\\/thumbs\\\/thumbs_MES VOITURES 12 OCTOBRE 2006 83 big.jpg\",\"title\":\"\",\"alt\":\"\",\"text\":\"\",\"media\":\"\",\"link\":null,\"linkTarget\":\"_self\"},{\"id\":\"31377\",\"image\":\"https:\\\/\\\/citrothello.net\\\/blog\\\/images\\\/MES_VOITURES\\\/MES AUTOS\\\/MES AUTOS 2006 OCTOBRE\\\/webview\\\/MES VOITURES 12 OCTOBRE 2006 84 big.jpg\",\"thumb\":\"https:\\\/\\\/citrothello.net\\\/blog\\\/images\\\/MES_VOITURES\\\/MES AUTOS\\\/MES AUTOS 2006 OCTOBRE\\\/thumbs\\\/thumbs_MES VOITURES 12 OCTOBRE 2006 84 big.jpg\",\"title\":\"\",\"alt\":\"\",\"text\":\"\",\"media\":\"\",\"link\":null,\"linkTarget\":\"_self\"},{\"id\":\"31378\",\"image\":\"https:\\\/\\\/citrothello.net\\\/blog\\\/images\\\/MES_VOITURES\\\/MES AUTOS\\\/MES AUTOS 2006 OCTOBRE\\\/webview\\\/MES VOITURES 12 OCTOBRE 2006 85 big.jpg\",\"thumb\":\"https:\\\/\\\/citrothello.net\\\/blog\\\/images\\\/MES_VOITURES\\\/MES AUTOS\\\/MES AUTOS 2006 OCTOBRE\\\/thumbs\\\/thumbs_MES VOITURES 12 OCTOBRE 2006 85 big.jpg\",\"title\":\"\",\"alt\":\"\",\"text\":\"\",\"media\":\"\",\"link\":null,\"linkTarget\":\"_self\"}]; jQuery('#FlaGallery_sc1_274 .flagPhotoBox_Container').photobox('a', data); }); <\/script><\/div><\/div><noscript id=\"noscript_FlaGallery_sc1_274\"><img class=\"skip-lazy no-lazyload noLazy\" data-lazy-src=\"\" src =\"https:\/\/citrothello.net\/blog\/images\/MES_VOITURES\/MES%20AUTOS\/MES%20AUTOS%202006%20OCTOBRE\/MES%20VOITURES%2012%20OCTOBRE%202006%2010%20big.jpg\" alt=\"\" \/><img class=\"skip-lazy no-lazyload noLazy\" data-lazy-src=\"\" src =\"https:\/\/citrothello.net\/blog\/images\/MES_VOITURES\/MES%20AUTOS\/MES%20AUTOS%202006%20OCTOBRE\/MES%20VOITURES%2012%20OCTOBRE%202006%2012%20big.jpg\" alt=\"\" \/><img class=\"skip-lazy no-lazyload noLazy\" data-lazy-src=\"\" src =\"https:\/\/citrothello.net\/blog\/images\/MES_VOITURES\/MES%20AUTOS\/MES%20AUTOS%202006%20OCTOBRE\/MES%20VOITURES%2012%20OCTOBRE%202006%2013%20big.jpg\" alt=\"\" \/><img class=\"skip-lazy no-lazyload noLazy\" data-lazy-src=\"\" src =\"https:\/\/citrothello.net\/blog\/images\/MES_VOITURES\/MES%20AUTOS\/MES%20AUTOS%202006%20OCTOBRE\/MES%20VOITURES%2012%20OCTOBRE%202006%2014%20big.jpg\" alt=\"\" \/><img class=\"skip-lazy no-lazyload noLazy\" data-lazy-src=\"\" src =\"https:\/\/citrothello.net\/blog\/images\/MES_VOITURES\/MES%20AUTOS\/MES%20AUTOS%202006%20OCTOBRE\/MES%20VOITURES%2012%20OCTOBRE%202006%2015%20big.jpg\" alt=\"\" \/><img class=\"skip-lazy no-lazyload noLazy\" data-lazy-src=\"\" src =\"https:\/\/citrothello.net\/blog\/images\/MES_VOITURES\/MES%20AUTOS\/MES%20AUTOS%202006%20OCTOBRE\/MES%20VOITURES%2012%20OCTOBRE%202006%2016%20big.jpg\" alt=\"\" \/><img class=\"skip-lazy no-lazyload noLazy\" data-lazy-src=\"\" src =\"https:\/\/citrothello.net\/blog\/images\/MES_VOITURES\/MES%20AUTOS\/MES%20AUTOS%202006%20OCTOBRE\/MES%20VOITURES%2012%20OCTOBRE%202006%2017%20big.jpg\" alt=\"\" \/><img class=\"skip-lazy no-lazyload noLazy\" data-lazy-src=\"\" src =\"https:\/\/citrothello.net\/blog\/images\/MES_VOITURES\/MES%20AUTOS\/MES%20AUTOS%202006%20OCTOBRE\/MES%20VOITURES%2012%20OCTOBRE%202006%2018%20big.jpg\" alt=\"\" \/><img class=\"skip-lazy no-lazyload noLazy\" data-lazy-src=\"\" src =\"https:\/\/citrothello.net\/blog\/images\/MES_VOITURES\/MES%20AUTOS\/MES%20AUTOS%202006%20OCTOBRE\/MES%20VOITURES%2012%20OCTOBRE%202006%2019%20big.jpg\" alt=\"\" \/><img class=\"skip-lazy no-lazyload noLazy\" data-lazy-src=\"\" src =\"https:\/\/citrothello.net\/blog\/images\/MES_VOITURES\/MES%20AUTOS\/MES%20AUTOS%202006%20OCTOBRE\/MES%20VOITURES%2012%20OCTOBRE%202006%2020%20big.jpg\" alt=\"\" \/><img class=\"skip-lazy no-lazyload noLazy\" data-lazy-src=\"\" src =\"https:\/\/citrothello.net\/blog\/images\/MES_VOITURES\/MES%20AUTOS\/MES%20AUTOS%202006%20OCTOBRE\/MES%20VOITURES%2012%20OCTOBRE%202006%2021%20big.jpg\" alt=\"\" \/><img class=\"skip-lazy no-lazyload noLazy\" data-lazy-src=\"\" src =\"https:\/\/citrothello.net\/blog\/images\/MES_VOITURES\/MES%20AUTOS\/MES%20AUTOS%202006%20OCTOBRE\/MES%20VOITURES%2012%20OCTOBRE%202006%2022%20big.jpg\" alt=\"\" \/><img class=\"skip-lazy no-lazyload noLazy\" data-lazy-src=\"\" src =\"https:\/\/citrothello.net\/blog\/images\/MES_VOITURES\/MES%20AUTOS\/MES%20AUTOS%202006%20OCTOBRE\/MES%20VOITURES%2012%20OCTOBRE%202006%2023%20big.jpg\" alt=\"\" \/><img class=\"skip-lazy no-lazyload noLazy\" data-lazy-src=\"\" src =\"https:\/\/citrothello.net\/blog\/images\/MES_VOITURES\/MES%20AUTOS\/MES%20AUTOS%202006%20OCTOBRE\/MES%20VOITURES%2012%20OCTOBRE%202006%2024%20big.jpg\" alt=\"\" \/><img class=\"skip-lazy no-lazyload noLazy\" data-lazy-src=\"\" src =\"https:\/\/citrothello.net\/blog\/images\/MES_VOITURES\/MES%20AUTOS\/MES%20AUTOS%202006%20OCTOBRE\/MES%20VOITURES%2012%20OCTOBRE%202006%2025%20big.jpg\" alt=\"\" \/><img class=\"skip-lazy no-lazyload noLazy\" data-lazy-src=\"\" src =\"https:\/\/citrothello.net\/blog\/images\/MES_VOITURES\/MES%20AUTOS\/MES%20AUTOS%202006%20OCTOBRE\/MES%20VOITURES%2012%20OCTOBRE%202006%2027%20big.jpg\" alt=\"\" \/><img class=\"skip-lazy no-lazyload noLazy\" data-lazy-src=\"\" src =\"https:\/\/citrothello.net\/blog\/images\/MES_VOITURES\/MES%20AUTOS\/MES%20AUTOS%202006%20OCTOBRE\/MES%20VOITURES%2012%20OCTOBRE%202006%2028%20big.jpg\" alt=\"\" \/><img class=\"skip-lazy no-lazyload noLazy\" data-lazy-src=\"\" src =\"https:\/\/citrothello.net\/blog\/images\/MES_VOITURES\/MES%20AUTOS\/MES%20AUTOS%202006%20OCTOBRE\/MES%20VOITURES%2012%20OCTOBRE%202006%2029%20big.jpg\" alt=\"\" \/><img class=\"skip-lazy no-lazyload noLazy\" data-lazy-src=\"\" src =\"https:\/\/citrothello.net\/blog\/images\/MES_VOITURES\/MES%20AUTOS\/MES%20AUTOS%202006%20OCTOBRE\/MES%20VOITURES%2012%20OCTOBRE%202006%2030%20big.jpg\" alt=\"\" \/><img class=\"skip-lazy no-lazyload noLazy\" data-lazy-src=\"\" src =\"https:\/\/citrothello.net\/blog\/images\/MES_VOITURES\/MES%20AUTOS\/MES%20AUTOS%202006%20OCTOBRE\/MES%20VOITURES%2012%20OCTOBRE%202006%2033%20big.jpg\" alt=\"\" \/><img class=\"skip-lazy no-lazyload noLazy\" data-lazy-src=\"\" src =\"https:\/\/citrothello.net\/blog\/images\/MES_VOITURES\/MES%20AUTOS\/MES%20AUTOS%202006%20OCTOBRE\/MES%20VOITURES%2012%20OCTOBRE%202006%2034%20big.jpg\" alt=\"\" \/><img class=\"skip-lazy no-lazyload noLazy\" data-lazy-src=\"\" src =\"https:\/\/citrothello.net\/blog\/images\/MES_VOITURES\/MES%20AUTOS\/MES%20AUTOS%202006%20OCTOBRE\/MES%20VOITURES%2012%20OCTOBRE%202006%2035%20big.jpg\" alt=\"\" \/><img class=\"skip-lazy no-lazyload noLazy\" data-lazy-src=\"\" src =\"https:\/\/citrothello.net\/blog\/images\/MES_VOITURES\/MES%20AUTOS\/MES%20AUTOS%202006%20OCTOBRE\/MES%20VOITURES%2012%20OCTOBRE%202006%2036%20big.jpg\" alt=\"\" \/><img class=\"skip-lazy no-lazyload noLazy\" data-lazy-src=\"\" src =\"https:\/\/citrothello.net\/blog\/images\/MES_VOITURES\/MES%20AUTOS\/MES%20AUTOS%202006%20OCTOBRE\/MES%20VOITURES%2012%20OCTOBRE%202006%2037%20big.jpg\" alt=\"\" \/><img class=\"skip-lazy no-lazyload noLazy\" data-lazy-src=\"\" src =\"https:\/\/citrothello.net\/blog\/images\/MES_VOITURES\/MES%20AUTOS\/MES%20AUTOS%202006%20OCTOBRE\/MES%20VOITURES%2012%20OCTOBRE%202006%2038%20big.jpg\" alt=\"\" \/><img class=\"skip-lazy no-lazyload noLazy\" data-lazy-src=\"\" src =\"https:\/\/citrothello.net\/blog\/images\/MES_VOITURES\/MES%20AUTOS\/MES%20AUTOS%202006%20OCTOBRE\/MES%20VOITURES%2012%20OCTOBRE%202006%2039%20big.jpg\" alt=\"\" \/><img class=\"skip-lazy no-lazyload noLazy\" data-lazy-src=\"\" src =\"https:\/\/citrothello.net\/blog\/images\/MES_VOITURES\/MES%20AUTOS\/MES%20AUTOS%202006%20OCTOBRE\/MES%20VOITURES%2012%20OCTOBRE%202006%2040%20big.jpg\" alt=\"\" \/><img class=\"skip-lazy no-lazyload noLazy\" data-lazy-src=\"\" src =\"https:\/\/citrothello.net\/blog\/images\/MES_VOITURES\/MES%20AUTOS\/MES%20AUTOS%202006%20OCTOBRE\/MES%20VOITURES%2012%20OCTOBRE%202006%2041%20big.jpg\" alt=\"\" \/><img class=\"skip-lazy no-lazyload noLazy\" data-lazy-src=\"\" src =\"https:\/\/citrothello.net\/blog\/images\/MES_VOITURES\/MES%20AUTOS\/MES%20AUTOS%202006%20OCTOBRE\/MES%20VOITURES%2012%20OCTOBRE%202006%2042%20big.jpg\" alt=\"\" \/><img class=\"skip-lazy no-lazyload noLazy\" data-lazy-src=\"\" src =\"https:\/\/citrothello.net\/blog\/images\/MES_VOITURES\/MES%20AUTOS\/MES%20AUTOS%202006%20OCTOBRE\/MES%20VOITURES%2012%20OCTOBRE%202006%2043%20big.jpg\" alt=\"\" \/><img class=\"skip-lazy no-lazyload noLazy\" data-lazy-src=\"\" src =\"https:\/\/citrothello.net\/blog\/images\/MES_VOITURES\/MES%20AUTOS\/MES%20AUTOS%202006%20OCTOBRE\/MES%20VOITURES%2012%20OCTOBRE%202006%2044%20big.jpg\" alt=\"\" \/><img class=\"skip-lazy no-lazyload noLazy\" data-lazy-src=\"\" src =\"https:\/\/citrothello.net\/blog\/images\/MES_VOITURES\/MES%20AUTOS\/MES%20AUTOS%202006%20OCTOBRE\/MES%20VOITURES%2012%20OCTOBRE%202006%2045%20big.jpg\" alt=\"\" \/><img class=\"skip-lazy no-lazyload noLazy\" data-lazy-src=\"\" src =\"https:\/\/citrothello.net\/blog\/images\/MES_VOITURES\/MES%20AUTOS\/MES%20AUTOS%202006%20OCTOBRE\/MES%20VOITURES%2012%20OCTOBRE%202006%2046%20big.jpg\" alt=\"\" \/><img class=\"skip-lazy no-lazyload noLazy\" data-lazy-src=\"\" src =\"https:\/\/citrothello.net\/blog\/images\/MES_VOITURES\/MES%20AUTOS\/MES%20AUTOS%202006%20OCTOBRE\/MES%20VOITURES%2012%20OCTOBRE%202006%2047%20big.jpg\" alt=\"\" \/><img class=\"skip-lazy no-lazyload noLazy\" data-lazy-src=\"\" src =\"https:\/\/citrothello.net\/blog\/images\/MES_VOITURES\/MES%20AUTOS\/MES%20AUTOS%202006%20OCTOBRE\/MES%20VOITURES%2012%20OCTOBRE%202006%2050%20big.jpg\" alt=\"\" \/><img class=\"skip-lazy no-lazyload noLazy\" data-lazy-src=\"\" src =\"https:\/\/citrothello.net\/blog\/images\/MES_VOITURES\/MES%20AUTOS\/MES%20AUTOS%202006%20OCTOBRE\/MES%20VOITURES%2012%20OCTOBRE%202006%2051%20big.jpg\" alt=\"\" \/><img class=\"skip-lazy no-lazyload noLazy\" data-lazy-src=\"\" src =\"https:\/\/citrothello.net\/blog\/images\/MES_VOITURES\/MES%20AUTOS\/MES%20AUTOS%202006%20OCTOBRE\/MES%20VOITURES%2012%20OCTOBRE%202006%2052%20big.jpg\" alt=\"\" \/><img class=\"skip-lazy no-lazyload noLazy\" data-lazy-src=\"\" src =\"https:\/\/citrothello.net\/blog\/images\/MES_VOITURES\/MES%20AUTOS\/MES%20AUTOS%202006%20OCTOBRE\/MES%20VOITURES%2012%20OCTOBRE%202006%2054%20big.jpg\" alt=\"\" \/><img class=\"skip-lazy no-lazyload noLazy\" data-lazy-src=\"\" src =\"https:\/\/citrothello.net\/blog\/images\/MES_VOITURES\/MES%20AUTOS\/MES%20AUTOS%202006%20OCTOBRE\/MES%20VOITURES%2012%20OCTOBRE%202006%2055%20big.jpg\" alt=\"\" \/><img class=\"skip-lazy no-lazyload noLazy\" data-lazy-src=\"\" src =\"https:\/\/citrothello.net\/blog\/images\/MES_VOITURES\/MES%20AUTOS\/MES%20AUTOS%202006%20OCTOBRE\/MES%20VOITURES%2012%20OCTOBRE%202006%2056%20big.jpg\" alt=\"\" \/><img class=\"skip-lazy no-lazyload noLazy\" data-lazy-src=\"\" src =\"https:\/\/citrothello.net\/blog\/images\/MES_VOITURES\/MES%20AUTOS\/MES%20AUTOS%202006%20OCTOBRE\/MES%20VOITURES%2012%20OCTOBRE%202006%2057%20big.jpg\" alt=\"\" \/><img class=\"skip-lazy no-lazyload noLazy\" data-lazy-src=\"\" src =\"https:\/\/citrothello.net\/blog\/images\/MES_VOITURES\/MES%20AUTOS\/MES%20AUTOS%202006%20OCTOBRE\/MES%20VOITURES%2012%20OCTOBRE%202006%2059%20big.jpg\" alt=\"\" \/><img class=\"skip-lazy no-lazyload noLazy\" data-lazy-src=\"\" src =\"https:\/\/citrothello.net\/blog\/images\/MES_VOITURES\/MES%20AUTOS\/MES%20AUTOS%202006%20OCTOBRE\/MES%20VOITURES%2012%20OCTOBRE%202006%2060%20big.jpg\" alt=\"\" \/><img class=\"skip-lazy no-lazyload noLazy\" data-lazy-src=\"\" src =\"https:\/\/citrothello.net\/blog\/images\/MES_VOITURES\/MES%20AUTOS\/MES%20AUTOS%202006%20OCTOBRE\/MES%20VOITURES%2012%20OCTOBRE%202006%2061%20big.jpg\" alt=\"\" \/><img class=\"skip-lazy no-lazyload noLazy\" data-lazy-src=\"\" src =\"https:\/\/citrothello.net\/blog\/images\/MES_VOITURES\/MES%20AUTOS\/MES%20AUTOS%202006%20OCTOBRE\/MES%20VOITURES%2012%20OCTOBRE%202006%2062%20big.jpg\" alt=\"\" \/><img class=\"skip-lazy no-lazyload noLazy\" data-lazy-src=\"\" src =\"https:\/\/citrothello.net\/blog\/images\/MES_VOITURES\/MES%20AUTOS\/MES%20AUTOS%202006%20OCTOBRE\/MES%20VOITURES%2012%20OCTOBRE%202006%2063%20big.jpg\" alt=\"\" \/><img class=\"skip-lazy no-lazyload noLazy\" data-lazy-src=\"\" src =\"https:\/\/citrothello.net\/blog\/images\/MES_VOITURES\/MES%20AUTOS\/MES%20AUTOS%202006%20OCTOBRE\/MES%20VOITURES%2012%20OCTOBRE%202006%2064%20big.jpg\" alt=\"\" \/><img class=\"skip-lazy no-lazyload noLazy\" data-lazy-src=\"\" src =\"https:\/\/citrothello.net\/blog\/images\/MES_VOITURES\/MES%20AUTOS\/MES%20AUTOS%202006%20OCTOBRE\/MES%20VOITURES%2012%20OCTOBRE%202006%2065%20big.jpg\" alt=\"\" \/><img class=\"skip-lazy no-lazyload noLazy\" data-lazy-src=\"\" src =\"https:\/\/citrothello.net\/blog\/images\/MES_VOITURES\/MES%20AUTOS\/MES%20AUTOS%202006%20OCTOBRE\/MES%20VOITURES%2012%20OCTOBRE%202006%2066%20big.jpg\" alt=\"\" \/><img class=\"skip-lazy no-lazyload noLazy\" data-lazy-src=\"\" src =\"https:\/\/citrothello.net\/blog\/images\/MES_VOITURES\/MES%20AUTOS\/MES%20AUTOS%202006%20OCTOBRE\/MES%20VOITURES%2012%20OCTOBRE%202006%2067%20big.jpg\" alt=\"\" \/><img class=\"skip-lazy no-lazyload noLazy\" data-lazy-src=\"\" src =\"https:\/\/citrothello.net\/blog\/images\/MES_VOITURES\/MES%20AUTOS\/MES%20AUTOS%202006%20OCTOBRE\/MES%20VOITURES%2012%20OCTOBRE%202006%2068%20big.jpg\" alt=\"\" \/><img class=\"skip-lazy no-lazyload noLazy\" data-lazy-src=\"\" src =\"https:\/\/citrothello.net\/blog\/images\/MES_VOITURES\/MES%20AUTOS\/MES%20AUTOS%202006%20OCTOBRE\/MES%20VOITURES%2012%20OCTOBRE%202006%2069%20big.jpg\" alt=\"\" \/><img class=\"skip-lazy no-lazyload noLazy\" data-lazy-src=\"\" src =\"https:\/\/citrothello.net\/blog\/images\/MES_VOITURES\/MES%20AUTOS\/MES%20AUTOS%202006%20OCTOBRE\/MES%20VOITURES%2012%20OCTOBRE%202006%2070%20big.jpg\" alt=\"\" \/><img class=\"skip-lazy no-lazyload noLazy\" data-lazy-src=\"\" src =\"https:\/\/citrothello.net\/blog\/images\/MES_VOITURES\/MES%20AUTOS\/MES%20AUTOS%202006%20OCTOBRE\/MES%20VOITURES%2012%20OCTOBRE%202006%2071%20big.jpg\" alt=\"\" \/><img class=\"skip-lazy no-lazyload noLazy\" data-lazy-src=\"\" src =\"https:\/\/citrothello.net\/blog\/images\/MES_VOITURES\/MES%20AUTOS\/MES%20AUTOS%202006%20OCTOBRE\/MES%20VOITURES%2012%20OCTOBRE%202006%2072%20big.jpg\" alt=\"\" \/><img class=\"skip-lazy no-lazyload noLazy\" data-lazy-src=\"\" src =\"https:\/\/citrothello.net\/blog\/images\/MES_VOITURES\/MES%20AUTOS\/MES%20AUTOS%202006%20OCTOBRE\/MES%20VOITURES%2012%20OCTOBRE%202006%2073%20big.jpg\" alt=\"\" \/><img class=\"skip-lazy no-lazyload noLazy\" data-lazy-src=\"\" src =\"https:\/\/citrothello.net\/blog\/images\/MES_VOITURES\/MES%20AUTOS\/MES%20AUTOS%202006%20OCTOBRE\/MES%20VOITURES%2012%20OCTOBRE%202006%2074%20big.jpg\" alt=\"\" \/><img class=\"skip-lazy no-lazyload noLazy\" data-lazy-src=\"\" src =\"https:\/\/citrothello.net\/blog\/images\/MES_VOITURES\/MES%20AUTOS\/MES%20AUTOS%202006%20OCTOBRE\/MES%20VOITURES%2012%20OCTOBRE%202006%2075%20big.jpg\" alt=\"\" \/><img class=\"skip-lazy no-lazyload noLazy\" data-lazy-src=\"\" src =\"https:\/\/citrothello.net\/blog\/images\/MES_VOITURES\/MES%20AUTOS\/MES%20AUTOS%202006%20OCTOBRE\/MES%20VOITURES%2012%20OCTOBRE%202006%2076%20big.jpg\" alt=\"\" \/><img class=\"skip-lazy no-lazyload noLazy\" data-lazy-src=\"\" src =\"https:\/\/citrothello.net\/blog\/images\/MES_VOITURES\/MES%20AUTOS\/MES%20AUTOS%202006%20OCTOBRE\/MES%20VOITURES%2012%20OCTOBRE%202006%2077%20big.jpg\" alt=\"\" \/><img class=\"skip-lazy no-lazyload noLazy\" data-lazy-src=\"\" src =\"https:\/\/citrothello.net\/blog\/images\/MES_VOITURES\/MES%20AUTOS\/MES%20AUTOS%202006%20OCTOBRE\/MES%20VOITURES%2012%20OCTOBRE%202006%2078%20big.jpg\" alt=\"\" \/><img class=\"skip-lazy no-lazyload noLazy\" data-lazy-src=\"\" src =\"https:\/\/citrothello.net\/blog\/images\/MES_VOITURES\/MES%20AUTOS\/MES%20AUTOS%202006%20OCTOBRE\/MES%20VOITURES%2012%20OCTOBRE%202006%2079%20big.jpg\" alt=\"\" \/><img class=\"skip-lazy no-lazyload noLazy\" data-lazy-src=\"\" src =\"https:\/\/citrothello.net\/blog\/images\/MES_VOITURES\/MES%20AUTOS\/MES%20AUTOS%202006%20OCTOBRE\/MES%20VOITURES%2012%20OCTOBRE%202006%2080%20big.jpg\" alt=\"\" \/><img class=\"skip-lazy no-lazyload noLazy\" data-lazy-src=\"\" src =\"https:\/\/citrothello.net\/blog\/images\/MES_VOITURES\/MES%20AUTOS\/MES%20AUTOS%202006%20OCTOBRE\/MES%20VOITURES%2012%20OCTOBRE%202006%2081%20big.jpg\" alt=\"\" \/><img class=\"skip-lazy no-lazyload noLazy\" data-lazy-src=\"\" src =\"https:\/\/citrothello.net\/blog\/images\/MES_VOITURES\/MES%20AUTOS\/MES%20AUTOS%202006%20OCTOBRE\/MES%20VOITURES%2012%20OCTOBRE%202006%2082%20big.jpg\" alt=\"\" \/><img class=\"skip-lazy no-lazyload noLazy\" data-lazy-src=\"\" src =\"https:\/\/citrothello.net\/blog\/images\/MES_VOITURES\/MES%20AUTOS\/MES%20AUTOS%202006%20OCTOBRE\/MES%20VOITURES%2012%20OCTOBRE%202006%2083%20big.jpg\" alt=\"\" \/><img class=\"skip-lazy no-lazyload noLazy\" data-lazy-src=\"\" src =\"https:\/\/citrothello.net\/blog\/images\/MES_VOITURES\/MES%20AUTOS\/MES%20AUTOS%202006%20OCTOBRE\/MES%20VOITURES%2012%20OCTOBRE%202006%2084%20big.jpg\" alt=\"\" \/><img class=\"skip-lazy no-lazyload noLazy\" data-lazy-src=\"\" src =\"https:\/\/citrothello.net\/blog\/images\/MES_VOITURES\/MES%20AUTOS\/MES%20AUTOS%202006%20OCTOBRE\/MES%20VOITURES%2012%20OCTOBRE%202006%2085%20big.jpg\" alt=\"\" \/><\/noscript>\n<p>LES AUTRES PUBLICATIONS CONCERNANT CETTE VOITURE :<\/p>\n<div class='thumbnailblock'><div id='thumbnailgridcontainer' class=\"thumbnailgridcontainer tbdgrd_5546 responsive-grid\" ><div data-postid='10179'  class=\"griditemleft\" >\n                <div  class=\"postimage\" >\n                    <a href='https:\/\/citrothello.net\/blog\/mes-autos-avril-2020\/' title='MA COLLECTION DE VOITURES EN JUILLET 2020.'  ><img alt='MA COLLECTION DE VOITURES EN JUILLET 2020.'  src='https:\/\/citrothello.net\/blog\/wp-content\/uploads\/2020\/07\/MES-AUTOS-JUILLET-2020-0004-160x150.jpg' \/><\/a>\n\t            <\/div>\n                <div  class=\"postimage-title\" >\n                    <a  href='https:\/\/citrothello.net\/blog\/mes-autos-avril-2020\/' title='MA COLLECTION DE VOITURES EN JUILLET 2020.'  >MA COLLECTION DE VOITURES EN JUILLET 2020.<\/a>\n\t            <\/div>\n            <\/div><div data-postid='9304'  class=\"griditemleft\" >\n                <div  class=\"postimage\" >\n                    <a href='https:\/\/citrothello.net\/blog\/de-hibernation-de-mes-autos-printemps-2019\/' title='DE-HIBERNATION DE MES AUTOS PRINTEMPS 2019.'  ><img alt='DE-HIBERNATION DE MES AUTOS PRINTEMPS 2019.'  src='https:\/\/citrothello.net\/blog\/wp-content\/uploads\/2019\/04\/DESHIBERNATION-2019-144-160x150.jpg' \/><\/a>\n\t            <\/div>\n                <div  class=\"postimage-title\" >\n                    <a  href='https:\/\/citrothello.net\/blog\/de-hibernation-de-mes-autos-printemps-2019\/' title='DE-HIBERNATION DE MES AUTOS PRINTEMPS 2019.'  >DE-HIBERNATION DE MES AUTOS PRINTEMPS 2019.<\/a>\n\t            <\/div>\n            <\/div><div data-postid='9309'  class=\"griditemleft\" >\n                <div  class=\"postimage\" >\n                    <a href='https:\/\/citrothello.net\/blog\/mes-autos-avril-2019\/' title='MA COLLECTION DE VOITURES EN AVRIL 2019.'  ><img alt='MA COLLECTION DE VOITURES EN AVRIL 2019.'  src='https:\/\/citrothello.net\/blog\/wp-content\/uploads\/2019\/04\/MES-AUTOS-AVRIL-2019-054-160x150.jpg' \/><\/a>\n\t            <\/div>\n                <div  class=\"postimage-title\" >\n                    <a  href='https:\/\/citrothello.net\/blog\/mes-autos-avril-2019\/' title='MA COLLECTION DE VOITURES EN AVRIL 2019.'  >MA COLLECTION DE VOITURES EN AVRIL 2019.<\/a>\n\t            <\/div>\n            <\/div><div data-postid='8852'  class=\"griditemleft\" >\n                <div  class=\"postimage\" >\n                    <a href='https:\/\/citrothello.net\/blog\/citroen-sur-les-reseaux-sociaux\/' title='CITRO\u00cbN SUR LES R\u00c9SEAUX SOCIAUX.'  ><img alt='CITRO\u00cbN SUR LES R\u00c9SEAUX SOCIAUX.'  src='https:\/\/citrothello.net\/blog\/wp-content\/uploads\/2018\/12\/IMAGE-INTERNET-01-160x150.jpg' \/><\/a>\n\t            <\/div>\n                <div  class=\"postimage-title\" >\n                    <a  href='https:\/\/citrothello.net\/blog\/citroen-sur-les-reseaux-sociaux\/' title='CITRO\u00cbN SUR LES R\u00c9SEAUX SOCIAUX.'  >CITRO\u00cbN SUR LES R\u00c9SEAUX SOCIAUX.<\/a>\n\t            <\/div>\n            <\/div><div data-postid='8736'  class=\"griditemleft\" >\n                <div  class=\"postimage\" >\n                    <a href='https:\/\/citrothello.net\/blog\/mes-autos-septembre-2018\/' title='MES VOITURES EN 2018.'  ><img alt='MES VOITURES EN 2018.'  src='https:\/\/citrothello.net\/blog\/wp-content\/uploads\/2018\/10\/DS-19-67-OTHELLO-2018-GUITARE-01-160x150.jpg' \/><\/a>\n\t            <\/div>\n                <div  class=\"postimage-title\" >\n                    <a  href='https:\/\/citrothello.net\/blog\/mes-autos-septembre-2018\/' title='MES VOITURES EN 2018.'  >MES VOITURES EN 2018.<\/a>\n\t            <\/div>\n            <\/div><div data-postid='6406'  class=\"griditemleft\" >\n                <div  class=\"postimage\" >\n                    <a href='https:\/\/citrothello.net\/blog\/mes-autos-septembre-2016\/' title='MES VOITURES SEPTEMBRE 2016.'  ><img alt='MES VOITURES SEPTEMBRE 2016.'  src='https:\/\/citrothello.net\/blog\/wp-content\/uploads\/2016\/09\/MA-COLLECTION-SEPT-2016-150x150.jpg' \/><\/a>\n\t            <\/div>\n                <div  class=\"postimage-title\" >\n                    <a  href='https:\/\/citrothello.net\/blog\/mes-autos-septembre-2016\/' title='MES VOITURES SEPTEMBRE 2016.'  >MES VOITURES SEPTEMBRE 2016.<\/a>\n\t            <\/div>\n            <\/div><div data-postid='5633'  class=\"griditemleft\" >\n                <div  class=\"postimage\" >\n                    <a href='https:\/\/citrothello.net\/blog\/mes-voitures-en-seance-juin-2015-2\/' title='MES VOITURES EN S\u00c9ANCE JUIN 2015.'  ><img alt='MES VOITURES EN S\u00c9ANCE JUIN 2015.'  src='https:\/\/citrothello.net\/blog\/wp-content\/uploads\/2015\/07\/MES-AUTOS-24-JUILLET-2015-002-150x150.jpg' \/><\/a>\n\t            <\/div>\n                <div  class=\"postimage-title\" >\n                    <a  href='https:\/\/citrothello.net\/blog\/mes-voitures-en-seance-juin-2015-2\/' title='MES VOITURES EN S\u00c9ANCE JUIN 2015.'  >MES VOITURES EN S\u00c9ANCE JUIN 2015.<\/a>\n\t            <\/div>\n            <\/div><div data-postid='5536'  class=\"griditemleft\" >\n                <div  class=\"postimage\" >\n                    <a href='https:\/\/citrothello.net\/blog\/mes-voitures-en-seance-juin-2015\/' title='MES VOITURES EN S\u00c9ANCE JUIN 2014.'  ><img alt='MES VOITURES EN S\u00c9ANCE JUIN 2014.'  src='https:\/\/citrothello.net\/blog\/wp-content\/uploads\/2015\/06\/MES-VOITURES-03-JUIN-2015-027-150x150.jpg' \/><\/a>\n\t            <\/div>\n                <div  class=\"postimage-title\" >\n                    <a  href='https:\/\/citrothello.net\/blog\/mes-voitures-en-seance-juin-2015\/' title='MES VOITURES EN S\u00c9ANCE JUIN 2014.'  >MES VOITURES EN S\u00c9ANCE JUIN 2014.<\/a>\n\t            <\/div>\n            <\/div><div data-postid='4350'  class=\"griditemleft\" >\n                <div  class=\"postimage\" >\n                    <a href='https:\/\/citrothello.net\/blog\/sm-de-competiton-bob-neyret-par-les-ateliers-524-a-grenoble-2\/' title='ONLY DS. UN BEL ETE 2014 A TOUS EN CITROEN.'  ><img alt='ONLY DS. UN BEL ETE 2014 A TOUS EN CITROEN.'  src='https:\/\/citrothello.net\/blog\/wp-content\/uploads\/2014\/04\/DS-21IE-72-CHARMILLE-RESTAU-2132-150x150.jpg' \/><\/a>\n\t            <\/div>\n                <div  class=\"postimage-title\" >\n                    <a  href='https:\/\/citrothello.net\/blog\/sm-de-competiton-bob-neyret-par-les-ateliers-524-a-grenoble-2\/' title='ONLY DS. UN BEL ETE 2014 A TOUS EN CITROEN.'  >ONLY DS. UN BEL ETE 2014 A TOUS EN CITROEN.<\/a>\n\t            <\/div>\n            <\/div><div data-postid='5559'  class=\"griditemleft\" >\n                <div  class=\"postimage\" >\n                    <a href='https:\/\/citrothello.net\/blog\/mes-voitures-ancien-local-en-juillet-2012\/' title='MES VOITURES ANCIEN LOCAL EN JUILLET 2012.'  ><img alt='MES VOITURES ANCIEN LOCAL EN JUILLET 2012.'  src='https:\/\/citrothello.net\/blog\/wp-content\/uploads\/2015\/06\/MES-VOITURES-JUILLET-2012-035-150x150.jpg' \/><\/a>\n\t            <\/div>\n                <div  class=\"postimage-title\" >\n                    <a  href='https:\/\/citrothello.net\/blog\/mes-voitures-ancien-local-en-juillet-2012\/' title='MES VOITURES ANCIEN LOCAL EN JUILLET 2012.'  >MES VOITURES ANCIEN LOCAL EN JUILLET 2012.<\/a>\n\t            <\/div>\n            <\/div><div data-postid='5546'  class=\"griditemleft\" >\n                <div  class=\"postimage\" >\n                    <a href='https:\/\/citrothello.net\/blog\/mes-voitures-en-octobre-2006\/' title='MES VOITURES EN OCTOBRE 2006.'  ><img alt='MES VOITURES EN OCTOBRE 2006.'  src='https:\/\/citrothello.net\/blog\/wp-content\/uploads\/2006\/10\/Capture-d\u2019\u00e9cran-221-150x150.jpg' \/><\/a>\n\t            <\/div>\n                <div  class=\"postimage-title\" >\n                    <a  href='https:\/\/citrothello.net\/blog\/mes-voitures-en-octobre-2006\/' title='MES VOITURES EN OCTOBRE 2006.'  >MES VOITURES EN OCTOBRE 2006.<\/a>\n\t            <\/div>\n            <\/div><div data-postid='815'  class=\"griditemleft\" >\n                <div  class=\"postimage\" >\n                    <a href='https:\/\/citrothello.net\/blog\/mes-voitures-en-juille-2005\/' title='MES VOITURES EN JUILLET 2005.'  ><img alt='MES VOITURES EN JUILLET 2005.'  src='https:\/\/citrothello.net\/blog\/wp-content\/uploads\/2013\/01\/MES-AUTOS-27-JUILLET-05-13-big-150x150.jpg' \/><\/a>\n\t            <\/div>\n                <div  class=\"postimage-title\" >\n                    <a  href='https:\/\/citrothello.net\/blog\/mes-voitures-en-juille-2005\/' title='MES VOITURES EN JUILLET 2005.'  >MES VOITURES EN JUILLET 2005.<\/a>\n\t            <\/div>\n            <\/div><div data-postid='5562'  class=\"griditemleft\" >\n                <div  class=\"postimage\" >\n                    <a href='https:\/\/citrothello.net\/blog\/demenagement-de-mes-autos-pour-ma-maison-en-fevrier-2005\/' title='D\u00c9M\u00c9NAGEMENT DE MES AUTOS POUR MA MAISON EN F\u00c9VRIER 2005.'  ><img alt='D\u00c9M\u00c9NAGEMENT DE MES AUTOS POUR MA MAISON EN F\u00c9VRIER 2005.'  src='https:\/\/citrothello.net\/blog\/wp-content\/uploads\/2015\/06\/MES-VOITURES-DEMENAGEMENT-2005-006-150x150.jpg' \/><\/a>\n\t            <\/div>\n                <div  class=\"postimage-title\" >\n                    <a  href='https:\/\/citrothello.net\/blog\/demenagement-de-mes-autos-pour-ma-maison-en-fevrier-2005\/' title='D\u00c9M\u00c9NAGEMENT DE MES AUTOS POUR MA MAISON EN F\u00c9VRIER 2005.'  >D\u00c9M\u00c9NAGEMENT DE MES AUTOS POUR MA MAISON EN F\u00c9VRIER 2005.<\/a>\n\t            <\/div>\n            <\/div><div data-postid='825'  class=\"griditemleft\" >\n                <div  class=\"postimage\" >\n                    <a href='https:\/\/citrothello.net\/blog\/mes-voitures-ancien-local\/' title='MES VOITURES ANCIEN LOCAL EN AVRIL 2002.'  ><img alt='MES VOITURES ANCIEN LOCAL EN AVRIL 2002.'  src='https:\/\/citrothello.net\/blog\/wp-content\/uploads\/2013\/01\/ML-30-09-02-05-big-150x150.jpg' \/><\/a>\n\t            <\/div>\n                <div  class=\"postimage-title\" >\n                    <a  href='https:\/\/citrothello.net\/blog\/mes-voitures-ancien-local\/' title='MES VOITURES ANCIEN LOCAL EN AVRIL 2002.'  >MES VOITURES ANCIEN LOCAL EN AVRIL 2002.<\/a>\n\t            <\/div>\n            <\/div><\/div><!--thumbnailgridcontainer-->\n        \n        <\/div><!--thumbnailblock-->\n","protected":false},"excerpt":{"rendered":"\u00a0","protected":false},"author":1,"featured_media":5558,"comment_status":"closed","ping_status":"closed","sticky":false,"template":"","format":"standard","meta":[],"categories":[6,266],"tags":[],"_links":{"self":[{"href":"https:\/\/citrothello.net\/blog\/wp-json\/wp\/v2\/posts\/5546"}],"collection":[{"href":"https:\/\/citrothello.net\/blog\/wp-json\/wp\/v2\/posts"}],"about":[{"href":"https:\/\/citrothello.net\/blog\/wp-json\/wp\/v2\/types\/post"}],"author":[{"embeddable":true,"href":"https:\/\/citrothello.net\/blog\/wp-json\/wp\/v2\/users\/1"}],"replies":[{"embeddable":true,"href":"https:\/\/citrothello.net\/blog\/wp-json\/wp\/v2\/comments?post=5546"}],"version-history":[{"count":3,"href":"https:\/\/citrothello.net\/blog\/wp-json\/wp\/v2\/posts\/5546\/revisions"}],"predecessor-version":[{"id":8746,"href":"https:\/\/citrothello.net\/blog\/wp-json\/wp\/v2\/posts\/5546\/revisions\/8746"}],"wp:featuredmedia":[{"embeddable":true,"href":"https:\/\/citrothello.net\/blog\/wp-json\/wp\/v2\/media\/5558"}],"wp:attachment":[{"href":"https:\/\/citrothello.net\/blog\/wp-json\/wp\/v2\/media?parent=5546"}],"wp:term":[{"taxonomy":"category","embeddable":true,"href":"https:\/\/citrothello.net\/blog\/wp-json\/wp\/v2\/categories?post=5546"},{"taxonomy":"post_tag","embeddable":true,"href":"https:\/\/citrothello.net\/blog\/wp-json\/wp\/v2\/tags?post=5546"}],"curies":[{"name":"wp","href":"https:\/\/api.w.org\/{rel}","templated":true}]}}