{"id":5559,"date":"2012-07-12T20:25:20","date_gmt":"2012-07-12T19:25:20","guid":{"rendered":"http:\/\/www.citrothello.net\/?p=5559"},"modified":"2015-06-03T20:53:37","modified_gmt":"2015-06-03T19:53:37","slug":"mes-voitures-ancien-local-en-juillet-2012","status":"publish","type":"post","link":"https:\/\/citrothello.net\/blog\/mes-voitures-ancien-local-en-juillet-2012\/","title":{"rendered":"MES VOITURES ANCIEN LOCAL EN JUILLET 2012."},"content":{"rendered":"<p style=\"text-align: justify;\">Pour cette ann\u00e9e 2012, il y a des changements dans ma petite collection. C&rsquo;est le grand \u00e9v\u00e9nement, ma r\u00e9plique cabriolet que je fait en ce moment arrive \u00e0 terme. Elle est comme neuve sous tout points de vue. Du reste, la comparant \u00e0 mon authentique ex-cabriolet de 1965 que j&rsquo;avais, celle-ci est nettement plus rigide de ch\u00e2ssis.<\/p>\n<p style=\"text-align: justify;\">Il y a aussi la restauration extr\u00eame que j&rsquo;ai fait sur ma M\u00e9hari. Mais \u00e0 pr\u00e9sent que mon cabriolet DS est termin\u00e9e, je ne vais pas conserver la M\u00e9hari, car en Suisse, il ne fait pas assez beau pour avoir deux cabriolets&#8230;<\/p>\n<p style=\"text-align: justify;\">Et mes autres Citro\u00ebn, que j&rsquo;ai depuis longtemps \u00e0 pr\u00e9sent.<\/p>\n<p>&nbsp;<\/p>\n<p style=\"text-align: justify;\"><div class=\"flagallery photobox_skin\" id=\"FlaGallery_sc1_893\" ><div class=\"flagPhotoBox_Container\"> <script type=\"text\/javascript\"> jQuery(function(){ var data = {\"thumbwidth\":\"120\",\"thumbheight\":\"68\",\"thumbsvpad\":\"18\",\"thumbshpad\":\"20\",\"history\":\"1\",\"time\":\"2000\",\"autoplay\":\"0\",\"loop\":\"0\",\"thumbs\":\"1\",\"title\":\"1\",\"counter\":\"1\",\"caption\":\"1\",\"zoomable\":\"1\",\"hideFlash\":\"1\",\"key\":\"8dd813621127091cf627a18ae62f6997\",\"name\":\"GRANDPackPlus\",\"ID\":\"sc1_893\"}; data.content = [{\"id\":\"136755\",\"image\":\"https:\\\/\\\/citrothello.net\\\/blog\\\/images\\\/MES_VOITURES\\\/MES AUTOS\\\/MES AUTOS 2012_SEANCES_JUIL_2012\\\/webview\\\/MES VOITURES JUILLET 2012 001.jpg\",\"thumb\":\"https:\\\/\\\/citrothello.net\\\/blog\\\/images\\\/MES_VOITURES\\\/MES AUTOS\\\/MES AUTOS 2012_SEANCES_JUIL_2012\\\/thumbs\\\/thumbs_MES VOITURES JUILLET 2012 001.jpg\",\"title\":\"\",\"alt\":\"\",\"text\":\"\",\"media\":\"\",\"link\":\"\",\"linkTarget\":\"_self\"},{\"id\":\"136756\",\"image\":\"https:\\\/\\\/citrothello.net\\\/blog\\\/images\\\/MES_VOITURES\\\/MES AUTOS\\\/MES AUTOS 2012_SEANCES_JUIL_2012\\\/webview\\\/MES VOITURES JUILLET 2012 002.jpg\",\"thumb\":\"https:\\\/\\\/citrothello.net\\\/blog\\\/images\\\/MES_VOITURES\\\/MES AUTOS\\\/MES AUTOS 2012_SEANCES_JUIL_2012\\\/thumbs\\\/thumbs_MES VOITURES JUILLET 2012 002.jpg\",\"title\":\"\",\"alt\":\"\",\"text\":\"\",\"media\":\"\",\"link\":\"\",\"linkTarget\":\"_self\"},{\"id\":\"136757\",\"image\":\"https:\\\/\\\/citrothello.net\\\/blog\\\/images\\\/MES_VOITURES\\\/MES AUTOS\\\/MES AUTOS 2012_SEANCES_JUIL_2012\\\/webview\\\/MES VOITURES JUILLET 2012 003.jpg\",\"thumb\":\"https:\\\/\\\/citrothello.net\\\/blog\\\/images\\\/MES_VOITURES\\\/MES AUTOS\\\/MES AUTOS 2012_SEANCES_JUIL_2012\\\/thumbs\\\/thumbs_MES VOITURES JUILLET 2012 003.jpg\",\"title\":\"\",\"alt\":\"\",\"text\":\"\",\"media\":\"\",\"link\":\"\",\"linkTarget\":\"_self\"},{\"id\":\"136758\",\"image\":\"https:\\\/\\\/citrothello.net\\\/blog\\\/images\\\/MES_VOITURES\\\/MES AUTOS\\\/MES AUTOS 2012_SEANCES_JUIL_2012\\\/webview\\\/MES VOITURES JUILLET 2012 004.jpg\",\"thumb\":\"https:\\\/\\\/citrothello.net\\\/blog\\\/images\\\/MES_VOITURES\\\/MES AUTOS\\\/MES AUTOS 2012_SEANCES_JUIL_2012\\\/thumbs\\\/thumbs_MES VOITURES JUILLET 2012 004.jpg\",\"title\":\"\",\"alt\":\"\",\"text\":\"\",\"media\":\"\",\"link\":\"\",\"linkTarget\":\"_self\"},{\"id\":\"136759\",\"image\":\"https:\\\/\\\/citrothello.net\\\/blog\\\/images\\\/MES_VOITURES\\\/MES AUTOS\\\/MES AUTOS 2012_SEANCES_JUIL_2012\\\/webview\\\/MES VOITURES JUILLET 2012 005.jpg\",\"thumb\":\"https:\\\/\\\/citrothello.net\\\/blog\\\/images\\\/MES_VOITURES\\\/MES AUTOS\\\/MES AUTOS 2012_SEANCES_JUIL_2012\\\/thumbs\\\/thumbs_MES VOITURES JUILLET 2012 005.jpg\",\"title\":\"\",\"alt\":\"\",\"text\":\"\",\"media\":\"\",\"link\":\"\",\"linkTarget\":\"_self\"},{\"id\":\"136760\",\"image\":\"https:\\\/\\\/citrothello.net\\\/blog\\\/images\\\/MES_VOITURES\\\/MES AUTOS\\\/MES AUTOS 2012_SEANCES_JUIL_2012\\\/webview\\\/MES VOITURES JUILLET 2012 006.jpg\",\"thumb\":\"https:\\\/\\\/citrothello.net\\\/blog\\\/images\\\/MES_VOITURES\\\/MES AUTOS\\\/MES AUTOS 2012_SEANCES_JUIL_2012\\\/thumbs\\\/thumbs_MES VOITURES JUILLET 2012 006.jpg\",\"title\":\"\",\"alt\":\"\",\"text\":\"\",\"media\":\"\",\"link\":\"\",\"linkTarget\":\"_self\"},{\"id\":\"136761\",\"image\":\"https:\\\/\\\/citrothello.net\\\/blog\\\/images\\\/MES_VOITURES\\\/MES AUTOS\\\/MES AUTOS 2012_SEANCES_JUIL_2012\\\/webview\\\/MES VOITURES JUILLET 2012 007.jpg\",\"thumb\":\"https:\\\/\\\/citrothello.net\\\/blog\\\/images\\\/MES_VOITURES\\\/MES AUTOS\\\/MES AUTOS 2012_SEANCES_JUIL_2012\\\/thumbs\\\/thumbs_MES VOITURES JUILLET 2012 007.jpg\",\"title\":\"\",\"alt\":\"\",\"text\":\"\",\"media\":\"\",\"link\":\"\",\"linkTarget\":\"_self\"},{\"id\":\"136762\",\"image\":\"https:\\\/\\\/citrothello.net\\\/blog\\\/images\\\/MES_VOITURES\\\/MES AUTOS\\\/MES AUTOS 2012_SEANCES_JUIL_2012\\\/webview\\\/MES VOITURES JUILLET 2012 008.jpg\",\"thumb\":\"https:\\\/\\\/citrothello.net\\\/blog\\\/images\\\/MES_VOITURES\\\/MES AUTOS\\\/MES AUTOS 2012_SEANCES_JUIL_2012\\\/thumbs\\\/thumbs_MES VOITURES JUILLET 2012 008.jpg\",\"title\":\"\",\"alt\":\"\",\"text\":\"\",\"media\":\"\",\"link\":\"\",\"linkTarget\":\"_self\"},{\"id\":\"136763\",\"image\":\"https:\\\/\\\/citrothello.net\\\/blog\\\/images\\\/MES_VOITURES\\\/MES AUTOS\\\/MES AUTOS 2012_SEANCES_JUIL_2012\\\/webview\\\/MES VOITURES JUILLET 2012 009.jpg\",\"thumb\":\"https:\\\/\\\/citrothello.net\\\/blog\\\/images\\\/MES_VOITURES\\\/MES AUTOS\\\/MES AUTOS 2012_SEANCES_JUIL_2012\\\/thumbs\\\/thumbs_MES VOITURES JUILLET 2012 009.jpg\",\"title\":\"\",\"alt\":\"\",\"text\":\"\",\"media\":\"\",\"link\":\"\",\"linkTarget\":\"_self\"},{\"id\":\"136764\",\"image\":\"https:\\\/\\\/citrothello.net\\\/blog\\\/images\\\/MES_VOITURES\\\/MES AUTOS\\\/MES AUTOS 2012_SEANCES_JUIL_2012\\\/webview\\\/MES VOITURES JUILLET 2012 010.jpg\",\"thumb\":\"https:\\\/\\\/citrothello.net\\\/blog\\\/images\\\/MES_VOITURES\\\/MES AUTOS\\\/MES AUTOS 2012_SEANCES_JUIL_2012\\\/thumbs\\\/thumbs_MES VOITURES JUILLET 2012 010.jpg\",\"title\":\"\",\"alt\":\"\",\"text\":\"\",\"media\":\"\",\"link\":\"\",\"linkTarget\":\"_self\"},{\"id\":\"136765\",\"image\":\"https:\\\/\\\/citrothello.net\\\/blog\\\/images\\\/MES_VOITURES\\\/MES AUTOS\\\/MES AUTOS 2012_SEANCES_JUIL_2012\\\/webview\\\/MES VOITURES JUILLET 2012 011.jpg\",\"thumb\":\"https:\\\/\\\/citrothello.net\\\/blog\\\/images\\\/MES_VOITURES\\\/MES AUTOS\\\/MES AUTOS 2012_SEANCES_JUIL_2012\\\/thumbs\\\/thumbs_MES VOITURES JUILLET 2012 011.jpg\",\"title\":\"\",\"alt\":\"\",\"text\":\"\",\"media\":\"\",\"link\":\"\",\"linkTarget\":\"_self\"},{\"id\":\"136766\",\"image\":\"https:\\\/\\\/citrothello.net\\\/blog\\\/images\\\/MES_VOITURES\\\/MES AUTOS\\\/MES AUTOS 2012_SEANCES_JUIL_2012\\\/webview\\\/MES VOITURES JUILLET 2012 012.jpg\",\"thumb\":\"https:\\\/\\\/citrothello.net\\\/blog\\\/images\\\/MES_VOITURES\\\/MES AUTOS\\\/MES AUTOS 2012_SEANCES_JUIL_2012\\\/thumbs\\\/thumbs_MES VOITURES JUILLET 2012 012.jpg\",\"title\":\"\",\"alt\":\"\",\"text\":\"\",\"media\":\"\",\"link\":\"\",\"linkTarget\":\"_self\"},{\"id\":\"136767\",\"image\":\"https:\\\/\\\/citrothello.net\\\/blog\\\/images\\\/MES_VOITURES\\\/MES AUTOS\\\/MES AUTOS 2012_SEANCES_JUIL_2012\\\/webview\\\/MES VOITURES JUILLET 2012 013.jpg\",\"thumb\":\"https:\\\/\\\/citrothello.net\\\/blog\\\/images\\\/MES_VOITURES\\\/MES AUTOS\\\/MES AUTOS 2012_SEANCES_JUIL_2012\\\/thumbs\\\/thumbs_MES VOITURES JUILLET 2012 013.jpg\",\"title\":\"\",\"alt\":\"\",\"text\":\"\",\"media\":\"\",\"link\":\"\",\"linkTarget\":\"_self\"},{\"id\":\"136768\",\"image\":\"https:\\\/\\\/citrothello.net\\\/blog\\\/images\\\/MES_VOITURES\\\/MES AUTOS\\\/MES AUTOS 2012_SEANCES_JUIL_2012\\\/webview\\\/MES VOITURES JUILLET 2012 014.jpg\",\"thumb\":\"https:\\\/\\\/citrothello.net\\\/blog\\\/images\\\/MES_VOITURES\\\/MES AUTOS\\\/MES AUTOS 2012_SEANCES_JUIL_2012\\\/thumbs\\\/thumbs_MES VOITURES JUILLET 2012 014.jpg\",\"title\":\"\",\"alt\":\"\",\"text\":\"\",\"media\":\"\",\"link\":\"\",\"linkTarget\":\"_self\"},{\"id\":\"136769\",\"image\":\"https:\\\/\\\/citrothello.net\\\/blog\\\/images\\\/MES_VOITURES\\\/MES AUTOS\\\/MES AUTOS 2012_SEANCES_JUIL_2012\\\/webview\\\/MES VOITURES JUILLET 2012 015.jpg\",\"thumb\":\"https:\\\/\\\/citrothello.net\\\/blog\\\/images\\\/MES_VOITURES\\\/MES AUTOS\\\/MES AUTOS 2012_SEANCES_JUIL_2012\\\/thumbs\\\/thumbs_MES VOITURES JUILLET 2012 015.jpg\",\"title\":\"\",\"alt\":\"\",\"text\":\"\",\"media\":\"\",\"link\":\"\",\"linkTarget\":\"_self\"},{\"id\":\"136770\",\"image\":\"https:\\\/\\\/citrothello.net\\\/blog\\\/images\\\/MES_VOITURES\\\/MES AUTOS\\\/MES AUTOS 2012_SEANCES_JUIL_2012\\\/webview\\\/MES VOITURES JUILLET 2012 016.jpg\",\"thumb\":\"https:\\\/\\\/citrothello.net\\\/blog\\\/images\\\/MES_VOITURES\\\/MES AUTOS\\\/MES AUTOS 2012_SEANCES_JUIL_2012\\\/thumbs\\\/thumbs_MES VOITURES JUILLET 2012 016.jpg\",\"title\":\"\",\"alt\":\"\",\"text\":\"\",\"media\":\"\",\"link\":\"\",\"linkTarget\":\"_self\"},{\"id\":\"136771\",\"image\":\"https:\\\/\\\/citrothello.net\\\/blog\\\/images\\\/MES_VOITURES\\\/MES AUTOS\\\/MES AUTOS 2012_SEANCES_JUIL_2012\\\/webview\\\/MES VOITURES JUILLET 2012 017.jpg\",\"thumb\":\"https:\\\/\\\/citrothello.net\\\/blog\\\/images\\\/MES_VOITURES\\\/MES AUTOS\\\/MES AUTOS 2012_SEANCES_JUIL_2012\\\/thumbs\\\/thumbs_MES VOITURES JUILLET 2012 017.jpg\",\"title\":\"\",\"alt\":\"\",\"text\":\"\",\"media\":\"\",\"link\":\"\",\"linkTarget\":\"_self\"},{\"id\":\"136772\",\"image\":\"https:\\\/\\\/citrothello.net\\\/blog\\\/images\\\/MES_VOITURES\\\/MES AUTOS\\\/MES AUTOS 2012_SEANCES_JUIL_2012\\\/webview\\\/MES VOITURES JUILLET 2012 018.jpg\",\"thumb\":\"https:\\\/\\\/citrothello.net\\\/blog\\\/images\\\/MES_VOITURES\\\/MES AUTOS\\\/MES AUTOS 2012_SEANCES_JUIL_2012\\\/thumbs\\\/thumbs_MES VOITURES JUILLET 2012 018.jpg\",\"title\":\"\",\"alt\":\"\",\"text\":\"\",\"media\":\"\",\"link\":\"\",\"linkTarget\":\"_self\"},{\"id\":\"136773\",\"image\":\"https:\\\/\\\/citrothello.net\\\/blog\\\/images\\\/MES_VOITURES\\\/MES AUTOS\\\/MES AUTOS 2012_SEANCES_JUIL_2012\\\/webview\\\/MES VOITURES JUILLET 2012 019.jpg\",\"thumb\":\"https:\\\/\\\/citrothello.net\\\/blog\\\/images\\\/MES_VOITURES\\\/MES AUTOS\\\/MES AUTOS 2012_SEANCES_JUIL_2012\\\/thumbs\\\/thumbs_MES VOITURES JUILLET 2012 019.jpg\",\"title\":\"\",\"alt\":\"\",\"text\":\"\",\"media\":\"\",\"link\":\"\",\"linkTarget\":\"_self\"},{\"id\":\"136774\",\"image\":\"https:\\\/\\\/citrothello.net\\\/blog\\\/images\\\/MES_VOITURES\\\/MES AUTOS\\\/MES AUTOS 2012_SEANCES_JUIL_2012\\\/webview\\\/MES VOITURES JUILLET 2012 020.jpg\",\"thumb\":\"https:\\\/\\\/citrothello.net\\\/blog\\\/images\\\/MES_VOITURES\\\/MES AUTOS\\\/MES AUTOS 2012_SEANCES_JUIL_2012\\\/thumbs\\\/thumbs_MES VOITURES JUILLET 2012 020.jpg\",\"title\":\"\",\"alt\":\"\",\"text\":\"\",\"media\":\"\",\"link\":\"\",\"linkTarget\":\"_self\"},{\"id\":\"136775\",\"image\":\"https:\\\/\\\/citrothello.net\\\/blog\\\/images\\\/MES_VOITURES\\\/MES AUTOS\\\/MES AUTOS 2012_SEANCES_JUIL_2012\\\/webview\\\/MES VOITURES JUILLET 2012 021.jpg\",\"thumb\":\"https:\\\/\\\/citrothello.net\\\/blog\\\/images\\\/MES_VOITURES\\\/MES AUTOS\\\/MES AUTOS 2012_SEANCES_JUIL_2012\\\/thumbs\\\/thumbs_MES VOITURES JUILLET 2012 021.jpg\",\"title\":\"\",\"alt\":\"\",\"text\":\"\",\"media\":\"\",\"link\":\"\",\"linkTarget\":\"_self\"},{\"id\":\"136776\",\"image\":\"https:\\\/\\\/citrothello.net\\\/blog\\\/images\\\/MES_VOITURES\\\/MES AUTOS\\\/MES AUTOS 2012_SEANCES_JUIL_2012\\\/webview\\\/MES VOITURES JUILLET 2012 022.jpg\",\"thumb\":\"https:\\\/\\\/citrothello.net\\\/blog\\\/images\\\/MES_VOITURES\\\/MES AUTOS\\\/MES AUTOS 2012_SEANCES_JUIL_2012\\\/thumbs\\\/thumbs_MES VOITURES JUILLET 2012 022.jpg\",\"title\":\"\",\"alt\":\"\",\"text\":\"\",\"media\":\"\",\"link\":\"\",\"linkTarget\":\"_self\"},{\"id\":\"136777\",\"image\":\"https:\\\/\\\/citrothello.net\\\/blog\\\/images\\\/MES_VOITURES\\\/MES AUTOS\\\/MES AUTOS 2012_SEANCES_JUIL_2012\\\/webview\\\/MES VOITURES JUILLET 2012 023.jpg\",\"thumb\":\"https:\\\/\\\/citrothello.net\\\/blog\\\/images\\\/MES_VOITURES\\\/MES AUTOS\\\/MES AUTOS 2012_SEANCES_JUIL_2012\\\/thumbs\\\/thumbs_MES VOITURES JUILLET 2012 023.jpg\",\"title\":\"\",\"alt\":\"\",\"text\":\"\",\"media\":\"\",\"link\":\"\",\"linkTarget\":\"_self\"},{\"id\":\"136778\",\"image\":\"https:\\\/\\\/citrothello.net\\\/blog\\\/images\\\/MES_VOITURES\\\/MES AUTOS\\\/MES AUTOS 2012_SEANCES_JUIL_2012\\\/webview\\\/MES VOITURES JUILLET 2012 024.jpg\",\"thumb\":\"https:\\\/\\\/citrothello.net\\\/blog\\\/images\\\/MES_VOITURES\\\/MES AUTOS\\\/MES AUTOS 2012_SEANCES_JUIL_2012\\\/thumbs\\\/thumbs_MES VOITURES JUILLET 2012 024.jpg\",\"title\":\"\",\"alt\":\"\",\"text\":\"\",\"media\":\"\",\"link\":\"\",\"linkTarget\":\"_self\"},{\"id\":\"136779\",\"image\":\"https:\\\/\\\/citrothello.net\\\/blog\\\/images\\\/MES_VOITURES\\\/MES AUTOS\\\/MES AUTOS 2012_SEANCES_JUIL_2012\\\/webview\\\/MES VOITURES JUILLET 2012 025.jpg\",\"thumb\":\"https:\\\/\\\/citrothello.net\\\/blog\\\/images\\\/MES_VOITURES\\\/MES AUTOS\\\/MES AUTOS 2012_SEANCES_JUIL_2012\\\/thumbs\\\/thumbs_MES VOITURES JUILLET 2012 025.jpg\",\"title\":\"\",\"alt\":\"\",\"text\":\"\",\"media\":\"\",\"link\":\"\",\"linkTarget\":\"_self\"},{\"id\":\"136780\",\"image\":\"https:\\\/\\\/citrothello.net\\\/blog\\\/images\\\/MES_VOITURES\\\/MES AUTOS\\\/MES AUTOS 2012_SEANCES_JUIL_2012\\\/webview\\\/MES VOITURES JUILLET 2012 026.jpg\",\"thumb\":\"https:\\\/\\\/citrothello.net\\\/blog\\\/images\\\/MES_VOITURES\\\/MES AUTOS\\\/MES AUTOS 2012_SEANCES_JUIL_2012\\\/thumbs\\\/thumbs_MES VOITURES JUILLET 2012 026.jpg\",\"title\":\"\",\"alt\":\"\",\"text\":\"\",\"media\":\"\",\"link\":\"\",\"linkTarget\":\"_self\"},{\"id\":\"136781\",\"image\":\"https:\\\/\\\/citrothello.net\\\/blog\\\/images\\\/MES_VOITURES\\\/MES AUTOS\\\/MES AUTOS 2012_SEANCES_JUIL_2012\\\/webview\\\/MES VOITURES JUILLET 2012 027.jpg\",\"thumb\":\"https:\\\/\\\/citrothello.net\\\/blog\\\/images\\\/MES_VOITURES\\\/MES AUTOS\\\/MES AUTOS 2012_SEANCES_JUIL_2012\\\/thumbs\\\/thumbs_MES VOITURES JUILLET 2012 027.jpg\",\"title\":\"\",\"alt\":\"\",\"text\":\"\",\"media\":\"\",\"link\":\"\",\"linkTarget\":\"_self\"},{\"id\":\"136782\",\"image\":\"https:\\\/\\\/citrothello.net\\\/blog\\\/images\\\/MES_VOITURES\\\/MES AUTOS\\\/MES AUTOS 2012_SEANCES_JUIL_2012\\\/webview\\\/MES VOITURES JUILLET 2012 028.jpg\",\"thumb\":\"https:\\\/\\\/citrothello.net\\\/blog\\\/images\\\/MES_VOITURES\\\/MES AUTOS\\\/MES AUTOS 2012_SEANCES_JUIL_2012\\\/thumbs\\\/thumbs_MES VOITURES JUILLET 2012 028.jpg\",\"title\":\"\",\"alt\":\"\",\"text\":\"\",\"media\":\"\",\"link\":\"\",\"linkTarget\":\"_self\"},{\"id\":\"136783\",\"image\":\"https:\\\/\\\/citrothello.net\\\/blog\\\/images\\\/MES_VOITURES\\\/MES AUTOS\\\/MES AUTOS 2012_SEANCES_JUIL_2012\\\/webview\\\/MES VOITURES JUILLET 2012 029.jpg\",\"thumb\":\"https:\\\/\\\/citrothello.net\\\/blog\\\/images\\\/MES_VOITURES\\\/MES AUTOS\\\/MES AUTOS 2012_SEANCES_JUIL_2012\\\/thumbs\\\/thumbs_MES VOITURES JUILLET 2012 029.jpg\",\"title\":\"\",\"alt\":\"\",\"text\":\"\",\"media\":\"\",\"link\":\"\",\"linkTarget\":\"_self\"},{\"id\":\"136784\",\"image\":\"https:\\\/\\\/citrothello.net\\\/blog\\\/images\\\/MES_VOITURES\\\/MES AUTOS\\\/MES AUTOS 2012_SEANCES_JUIL_2012\\\/webview\\\/MES VOITURES JUILLET 2012 030.jpg\",\"thumb\":\"https:\\\/\\\/citrothello.net\\\/blog\\\/images\\\/MES_VOITURES\\\/MES AUTOS\\\/MES AUTOS 2012_SEANCES_JUIL_2012\\\/thumbs\\\/thumbs_MES VOITURES JUILLET 2012 030.jpg\",\"title\":\"\",\"alt\":\"\",\"text\":\"\",\"media\":\"\",\"link\":\"\",\"linkTarget\":\"_self\"},{\"id\":\"136785\",\"image\":\"https:\\\/\\\/citrothello.net\\\/blog\\\/images\\\/MES_VOITURES\\\/MES AUTOS\\\/MES AUTOS 2012_SEANCES_JUIL_2012\\\/webview\\\/MES VOITURES JUILLET 2012 031.jpg\",\"thumb\":\"https:\\\/\\\/citrothello.net\\\/blog\\\/images\\\/MES_VOITURES\\\/MES AUTOS\\\/MES AUTOS 2012_SEANCES_JUIL_2012\\\/thumbs\\\/thumbs_MES VOITURES JUILLET 2012 031.jpg\",\"title\":\"\",\"alt\":\"\",\"text\":\"\",\"media\":\"\",\"link\":\"\",\"linkTarget\":\"_self\"},{\"id\":\"136786\",\"image\":\"https:\\\/\\\/citrothello.net\\\/blog\\\/images\\\/MES_VOITURES\\\/MES AUTOS\\\/MES AUTOS 2012_SEANCES_JUIL_2012\\\/webview\\\/MES VOITURES JUILLET 2012 032.jpg\",\"thumb\":\"https:\\\/\\\/citrothello.net\\\/blog\\\/images\\\/MES_VOITURES\\\/MES AUTOS\\\/MES AUTOS 2012_SEANCES_JUIL_2012\\\/thumbs\\\/thumbs_MES VOITURES JUILLET 2012 032.jpg\",\"title\":\"\",\"alt\":\"\",\"text\":\"\",\"media\":\"\",\"link\":\"\",\"linkTarget\":\"_self\"},{\"id\":\"136787\",\"image\":\"https:\\\/\\\/citrothello.net\\\/blog\\\/images\\\/MES_VOITURES\\\/MES AUTOS\\\/MES AUTOS 2012_SEANCES_JUIL_2012\\\/webview\\\/MES VOITURES JUILLET 2012 033.jpg\",\"thumb\":\"https:\\\/\\\/citrothello.net\\\/blog\\\/images\\\/MES_VOITURES\\\/MES AUTOS\\\/MES AUTOS 2012_SEANCES_JUIL_2012\\\/thumbs\\\/thumbs_MES VOITURES JUILLET 2012 033.jpg\",\"title\":\"\",\"alt\":\"\",\"text\":\"\",\"media\":\"\",\"link\":\"\",\"linkTarget\":\"_self\"},{\"id\":\"136788\",\"image\":\"https:\\\/\\\/citrothello.net\\\/blog\\\/images\\\/MES_VOITURES\\\/MES AUTOS\\\/MES AUTOS 2012_SEANCES_JUIL_2012\\\/webview\\\/MES VOITURES JUILLET 2012 034.jpg\",\"thumb\":\"https:\\\/\\\/citrothello.net\\\/blog\\\/images\\\/MES_VOITURES\\\/MES AUTOS\\\/MES AUTOS 2012_SEANCES_JUIL_2012\\\/thumbs\\\/thumbs_MES VOITURES JUILLET 2012 034.jpg\",\"title\":\"\",\"alt\":\"\",\"text\":\"\",\"media\":\"\",\"link\":\"\",\"linkTarget\":\"_self\"},{\"id\":\"136789\",\"image\":\"https:\\\/\\\/citrothello.net\\\/blog\\\/images\\\/MES_VOITURES\\\/MES AUTOS\\\/MES AUTOS 2012_SEANCES_JUIL_2012\\\/webview\\\/MES VOITURES JUILLET 2012 035.jpg\",\"thumb\":\"https:\\\/\\\/citrothello.net\\\/blog\\\/images\\\/MES_VOITURES\\\/MES AUTOS\\\/MES AUTOS 2012_SEANCES_JUIL_2012\\\/thumbs\\\/thumbs_MES VOITURES JUILLET 2012 035.jpg\",\"title\":\"\",\"alt\":\"\",\"text\":\"\",\"media\":\"\",\"link\":\"\",\"linkTarget\":\"_self\"},{\"id\":\"136790\",\"image\":\"https:\\\/\\\/citrothello.net\\\/blog\\\/images\\\/MES_VOITURES\\\/MES AUTOS\\\/MES AUTOS 2012_SEANCES_JUIL_2012\\\/webview\\\/MES VOITURES JUILLET 2012 036.jpg\",\"thumb\":\"https:\\\/\\\/citrothello.net\\\/blog\\\/images\\\/MES_VOITURES\\\/MES AUTOS\\\/MES AUTOS 2012_SEANCES_JUIL_2012\\\/thumbs\\\/thumbs_MES VOITURES JUILLET 2012 036.jpg\",\"title\":\"\",\"alt\":\"\",\"text\":\"\",\"media\":\"\",\"link\":\"\",\"linkTarget\":\"_self\"},{\"id\":\"136791\",\"image\":\"https:\\\/\\\/citrothello.net\\\/blog\\\/images\\\/MES_VOITURES\\\/MES AUTOS\\\/MES AUTOS 2012_SEANCES_JUIL_2012\\\/webview\\\/MES VOITURES JUILLET 2012 037.jpg\",\"thumb\":\"https:\\\/\\\/citrothello.net\\\/blog\\\/images\\\/MES_VOITURES\\\/MES AUTOS\\\/MES AUTOS 2012_SEANCES_JUIL_2012\\\/thumbs\\\/thumbs_MES VOITURES JUILLET 2012 037.jpg\",\"title\":\"\",\"alt\":\"\",\"text\":\"\",\"media\":\"\",\"link\":\"\",\"linkTarget\":\"_self\"},{\"id\":\"136792\",\"image\":\"https:\\\/\\\/citrothello.net\\\/blog\\\/images\\\/MES_VOITURES\\\/MES AUTOS\\\/MES AUTOS 2012_SEANCES_JUIL_2012\\\/webview\\\/MES VOITURES JUILLET 2012 038.jpg\",\"thumb\":\"https:\\\/\\\/citrothello.net\\\/blog\\\/images\\\/MES_VOITURES\\\/MES AUTOS\\\/MES AUTOS 2012_SEANCES_JUIL_2012\\\/thumbs\\\/thumbs_MES VOITURES JUILLET 2012 038.jpg\",\"title\":\"\",\"alt\":\"\",\"text\":\"\",\"media\":\"\",\"link\":\"\",\"linkTarget\":\"_self\"},{\"id\":\"136793\",\"image\":\"https:\\\/\\\/citrothello.net\\\/blog\\\/images\\\/MES_VOITURES\\\/MES AUTOS\\\/MES AUTOS 2012_SEANCES_JUIL_2012\\\/webview\\\/MES VOITURES JUILLET 2012 039.jpg\",\"thumb\":\"https:\\\/\\\/citrothello.net\\\/blog\\\/images\\\/MES_VOITURES\\\/MES AUTOS\\\/MES AUTOS 2012_SEANCES_JUIL_2012\\\/thumbs\\\/thumbs_MES VOITURES JUILLET 2012 039.jpg\",\"title\":\"\",\"alt\":\"\",\"text\":\"\",\"media\":\"\",\"link\":\"\",\"linkTarget\":\"_self\"},{\"id\":\"136794\",\"image\":\"https:\\\/\\\/citrothello.net\\\/blog\\\/images\\\/MES_VOITURES\\\/MES AUTOS\\\/MES AUTOS 2012_SEANCES_JUIL_2012\\\/webview\\\/MES VOITURES JUILLET 2012 040.jpg\",\"thumb\":\"https:\\\/\\\/citrothello.net\\\/blog\\\/images\\\/MES_VOITURES\\\/MES AUTOS\\\/MES AUTOS 2012_SEANCES_JUIL_2012\\\/thumbs\\\/thumbs_MES VOITURES JUILLET 2012 040.jpg\",\"title\":\"\",\"alt\":\"\",\"text\":\"\",\"media\":\"\",\"link\":\"\",\"linkTarget\":\"_self\"},{\"id\":\"136795\",\"image\":\"https:\\\/\\\/citrothello.net\\\/blog\\\/images\\\/MES_VOITURES\\\/MES AUTOS\\\/MES AUTOS 2012_SEANCES_JUIL_2012\\\/webview\\\/MES VOITURES JUILLET 2012 041.jpg\",\"thumb\":\"https:\\\/\\\/citrothello.net\\\/blog\\\/images\\\/MES_VOITURES\\\/MES AUTOS\\\/MES AUTOS 2012_SEANCES_JUIL_2012\\\/thumbs\\\/thumbs_MES VOITURES JUILLET 2012 041.jpg\",\"title\":\"\",\"alt\":\"\",\"text\":\"\",\"media\":\"\",\"link\":\"\",\"linkTarget\":\"_self\"},{\"id\":\"136796\",\"image\":\"https:\\\/\\\/citrothello.net\\\/blog\\\/images\\\/MES_VOITURES\\\/MES AUTOS\\\/MES AUTOS 2012_SEANCES_JUIL_2012\\\/webview\\\/MES VOITURES JUILLET 2012 042.jpg\",\"thumb\":\"https:\\\/\\\/citrothello.net\\\/blog\\\/images\\\/MES_VOITURES\\\/MES AUTOS\\\/MES AUTOS 2012_SEANCES_JUIL_2012\\\/thumbs\\\/thumbs_MES VOITURES JUILLET 2012 042.jpg\",\"title\":\"\",\"alt\":\"\",\"text\":\"\",\"media\":\"\",\"link\":\"\",\"linkTarget\":\"_self\"},{\"id\":\"136797\",\"image\":\"https:\\\/\\\/citrothello.net\\\/blog\\\/images\\\/MES_VOITURES\\\/MES AUTOS\\\/MES AUTOS 2012_SEANCES_JUIL_2012\\\/webview\\\/MES VOITURES JUILLET 2012 043.jpg\",\"thumb\":\"https:\\\/\\\/citrothello.net\\\/blog\\\/images\\\/MES_VOITURES\\\/MES AUTOS\\\/MES AUTOS 2012_SEANCES_JUIL_2012\\\/thumbs\\\/thumbs_MES VOITURES JUILLET 2012 043.jpg\",\"title\":\"\",\"alt\":\"\",\"text\":\"\",\"media\":\"\",\"link\":\"\",\"linkTarget\":\"_self\"},{\"id\":\"136798\",\"image\":\"https:\\\/\\\/citrothello.net\\\/blog\\\/images\\\/MES_VOITURES\\\/MES AUTOS\\\/MES AUTOS 2012_SEANCES_JUIL_2012\\\/webview\\\/MES VOITURES JUILLET 2012 044.jpg\",\"thumb\":\"https:\\\/\\\/citrothello.net\\\/blog\\\/images\\\/MES_VOITURES\\\/MES AUTOS\\\/MES AUTOS 2012_SEANCES_JUIL_2012\\\/thumbs\\\/thumbs_MES VOITURES JUILLET 2012 044.jpg\",\"title\":\"\",\"alt\":\"\",\"text\":\"\",\"media\":\"\",\"link\":\"\",\"linkTarget\":\"_self\"},{\"id\":\"136799\",\"image\":\"https:\\\/\\\/citrothello.net\\\/blog\\\/images\\\/MES_VOITURES\\\/MES AUTOS\\\/MES AUTOS 2012_SEANCES_JUIL_2012\\\/webview\\\/MES VOITURES JUILLET 2012 045.jpg\",\"thumb\":\"https:\\\/\\\/citrothello.net\\\/blog\\\/images\\\/MES_VOITURES\\\/MES AUTOS\\\/MES AUTOS 2012_SEANCES_JUIL_2012\\\/thumbs\\\/thumbs_MES VOITURES JUILLET 2012 045.jpg\",\"title\":\"\",\"alt\":\"\",\"text\":\"\",\"media\":\"\",\"link\":\"\",\"linkTarget\":\"_self\"},{\"id\":\"136800\",\"image\":\"https:\\\/\\\/citrothello.net\\\/blog\\\/images\\\/MES_VOITURES\\\/MES AUTOS\\\/MES AUTOS 2012_SEANCES_JUIL_2012\\\/webview\\\/MES VOITURES JUILLET 2012 046.jpg\",\"thumb\":\"https:\\\/\\\/citrothello.net\\\/blog\\\/images\\\/MES_VOITURES\\\/MES AUTOS\\\/MES AUTOS 2012_SEANCES_JUIL_2012\\\/thumbs\\\/thumbs_MES VOITURES JUILLET 2012 046.jpg\",\"title\":\"\",\"alt\":\"\",\"text\":\"\",\"media\":\"\",\"link\":\"\",\"linkTarget\":\"_self\"},{\"id\":\"136801\",\"image\":\"https:\\\/\\\/citrothello.net\\\/blog\\\/images\\\/MES_VOITURES\\\/MES AUTOS\\\/MES AUTOS 2012_SEANCES_JUIL_2012\\\/webview\\\/MES VOITURES JUILLET 2012 047.jpg\",\"thumb\":\"https:\\\/\\\/citrothello.net\\\/blog\\\/images\\\/MES_VOITURES\\\/MES AUTOS\\\/MES AUTOS 2012_SEANCES_JUIL_2012\\\/thumbs\\\/thumbs_MES VOITURES JUILLET 2012 047.jpg\",\"title\":\"\",\"alt\":\"\",\"text\":\"\",\"media\":\"\",\"link\":\"\",\"linkTarget\":\"_self\"},{\"id\":\"136802\",\"image\":\"https:\\\/\\\/citrothello.net\\\/blog\\\/images\\\/MES_VOITURES\\\/MES AUTOS\\\/MES AUTOS 2012_SEANCES_JUIL_2012\\\/webview\\\/MES VOITURES JUILLET 2012 048.jpg\",\"thumb\":\"https:\\\/\\\/citrothello.net\\\/blog\\\/images\\\/MES_VOITURES\\\/MES AUTOS\\\/MES AUTOS 2012_SEANCES_JUIL_2012\\\/thumbs\\\/thumbs_MES VOITURES JUILLET 2012 048.jpg\",\"title\":\"\",\"alt\":\"\",\"text\":\"\",\"media\":\"\",\"link\":\"\",\"linkTarget\":\"_self\"},{\"id\":\"136803\",\"image\":\"https:\\\/\\\/citrothello.net\\\/blog\\\/images\\\/MES_VOITURES\\\/MES AUTOS\\\/MES AUTOS 2012_SEANCES_JUIL_2012\\\/webview\\\/MES VOITURES JUILLET 2012 049.jpg\",\"thumb\":\"https:\\\/\\\/citrothello.net\\\/blog\\\/images\\\/MES_VOITURES\\\/MES AUTOS\\\/MES AUTOS 2012_SEANCES_JUIL_2012\\\/thumbs\\\/thumbs_MES VOITURES JUILLET 2012 049.jpg\",\"title\":\"\",\"alt\":\"\",\"text\":\"\",\"media\":\"\",\"link\":\"\",\"linkTarget\":\"_self\"},{\"id\":\"136804\",\"image\":\"https:\\\/\\\/citrothello.net\\\/blog\\\/images\\\/MES_VOITURES\\\/MES AUTOS\\\/MES AUTOS 2012_SEANCES_JUIL_2012\\\/webview\\\/MES VOITURES JUILLET 2012 050.jpg\",\"thumb\":\"https:\\\/\\\/citrothello.net\\\/blog\\\/images\\\/MES_VOITURES\\\/MES AUTOS\\\/MES AUTOS 2012_SEANCES_JUIL_2012\\\/thumbs\\\/thumbs_MES VOITURES JUILLET 2012 050.jpg\",\"title\":\"\",\"alt\":\"\",\"text\":\"\",\"media\":\"\",\"link\":\"\",\"linkTarget\":\"_self\"},{\"id\":\"136805\",\"image\":\"https:\\\/\\\/citrothello.net\\\/blog\\\/images\\\/MES_VOITURES\\\/MES AUTOS\\\/MES AUTOS 2012_SEANCES_JUIL_2012\\\/webview\\\/MES VOITURES JUILLET 2012 051.jpg\",\"thumb\":\"https:\\\/\\\/citrothello.net\\\/blog\\\/images\\\/MES_VOITURES\\\/MES AUTOS\\\/MES AUTOS 2012_SEANCES_JUIL_2012\\\/thumbs\\\/thumbs_MES VOITURES JUILLET 2012 051.jpg\",\"title\":\"\",\"alt\":\"\",\"text\":\"\",\"media\":\"\",\"link\":\"\",\"linkTarget\":\"_self\"},{\"id\":\"136806\",\"image\":\"https:\\\/\\\/citrothello.net\\\/blog\\\/images\\\/MES_VOITURES\\\/MES AUTOS\\\/MES AUTOS 2012_SEANCES_JUIL_2012\\\/webview\\\/MES VOITURES JUILLET 2012 052.jpg\",\"thumb\":\"https:\\\/\\\/citrothello.net\\\/blog\\\/images\\\/MES_VOITURES\\\/MES AUTOS\\\/MES AUTOS 2012_SEANCES_JUIL_2012\\\/thumbs\\\/thumbs_MES VOITURES JUILLET 2012 052.jpg\",\"title\":\"\",\"alt\":\"\",\"text\":\"\",\"media\":\"\",\"link\":\"\",\"linkTarget\":\"_self\"},{\"id\":\"136807\",\"image\":\"https:\\\/\\\/citrothello.net\\\/blog\\\/images\\\/MES_VOITURES\\\/MES AUTOS\\\/MES AUTOS 2012_SEANCES_JUIL_2012\\\/webview\\\/MES VOITURES JUILLET 2012 053.jpg\",\"thumb\":\"https:\\\/\\\/citrothello.net\\\/blog\\\/images\\\/MES_VOITURES\\\/MES AUTOS\\\/MES AUTOS 2012_SEANCES_JUIL_2012\\\/thumbs\\\/thumbs_MES VOITURES JUILLET 2012 053.jpg\",\"title\":\"\",\"alt\":\"\",\"text\":\"\",\"media\":\"\",\"link\":\"\",\"linkTarget\":\"_self\"},{\"id\":\"136808\",\"image\":\"https:\\\/\\\/citrothello.net\\\/blog\\\/images\\\/MES_VOITURES\\\/MES AUTOS\\\/MES AUTOS 2012_SEANCES_JUIL_2012\\\/webview\\\/MES VOITURES JUILLET 2012 054.jpg\",\"thumb\":\"https:\\\/\\\/citrothello.net\\\/blog\\\/images\\\/MES_VOITURES\\\/MES AUTOS\\\/MES AUTOS 2012_SEANCES_JUIL_2012\\\/thumbs\\\/thumbs_MES VOITURES JUILLET 2012 054.jpg\",\"title\":\"\",\"alt\":\"\",\"text\":\"\",\"media\":\"\",\"link\":\"\",\"linkTarget\":\"_self\"},{\"id\":\"136809\",\"image\":\"https:\\\/\\\/citrothello.net\\\/blog\\\/images\\\/MES_VOITURES\\\/MES AUTOS\\\/MES AUTOS 2012_SEANCES_JUIL_2012\\\/webview\\\/MES VOITURES JUILLET 2012 055.jpg\",\"thumb\":\"https:\\\/\\\/citrothello.net\\\/blog\\\/images\\\/MES_VOITURES\\\/MES AUTOS\\\/MES AUTOS 2012_SEANCES_JUIL_2012\\\/thumbs\\\/thumbs_MES VOITURES JUILLET 2012 055.jpg\",\"title\":\"\",\"alt\":\"\",\"text\":\"\",\"media\":\"\",\"link\":\"\",\"linkTarget\":\"_self\"},{\"id\":\"136810\",\"image\":\"https:\\\/\\\/citrothello.net\\\/blog\\\/images\\\/MES_VOITURES\\\/MES AUTOS\\\/MES AUTOS 2012_SEANCES_JUIL_2012\\\/webview\\\/MES VOITURES JUILLET 2012 056.jpg\",\"thumb\":\"https:\\\/\\\/citrothello.net\\\/blog\\\/images\\\/MES_VOITURES\\\/MES AUTOS\\\/MES AUTOS 2012_SEANCES_JUIL_2012\\\/thumbs\\\/thumbs_MES VOITURES JUILLET 2012 056.jpg\",\"title\":\"\",\"alt\":\"\",\"text\":\"\",\"media\":\"\",\"link\":\"\",\"linkTarget\":\"_self\"},{\"id\":\"136811\",\"image\":\"https:\\\/\\\/citrothello.net\\\/blog\\\/images\\\/MES_VOITURES\\\/MES AUTOS\\\/MES AUTOS 2012_SEANCES_JUIL_2012\\\/webview\\\/MES VOITURES JUILLET 2012 057.jpg\",\"thumb\":\"https:\\\/\\\/citrothello.net\\\/blog\\\/images\\\/MES_VOITURES\\\/MES AUTOS\\\/MES AUTOS 2012_SEANCES_JUIL_2012\\\/thumbs\\\/thumbs_MES VOITURES JUILLET 2012 057.jpg\",\"title\":\"\",\"alt\":\"\",\"text\":\"\",\"media\":\"\",\"link\":\"\",\"linkTarget\":\"_self\"},{\"id\":\"136812\",\"image\":\"https:\\\/\\\/citrothello.net\\\/blog\\\/images\\\/MES_VOITURES\\\/MES AUTOS\\\/MES AUTOS 2012_SEANCES_JUIL_2012\\\/webview\\\/MES VOITURES JUILLET 2012 058.jpg\",\"thumb\":\"https:\\\/\\\/citrothello.net\\\/blog\\\/images\\\/MES_VOITURES\\\/MES AUTOS\\\/MES AUTOS 2012_SEANCES_JUIL_2012\\\/thumbs\\\/thumbs_MES VOITURES JUILLET 2012 058.jpg\",\"title\":\"\",\"alt\":\"\",\"text\":\"\",\"media\":\"\",\"link\":\"\",\"linkTarget\":\"_self\"},{\"id\":\"136813\",\"image\":\"https:\\\/\\\/citrothello.net\\\/blog\\\/images\\\/MES_VOITURES\\\/MES AUTOS\\\/MES AUTOS 2012_SEANCES_JUIL_2012\\\/webview\\\/MES VOITURES JUILLET 2012 059.jpg\",\"thumb\":\"https:\\\/\\\/citrothello.net\\\/blog\\\/images\\\/MES_VOITURES\\\/MES AUTOS\\\/MES AUTOS 2012_SEANCES_JUIL_2012\\\/thumbs\\\/thumbs_MES VOITURES JUILLET 2012 059.jpg\",\"title\":\"\",\"alt\":\"\",\"text\":\"\",\"media\":\"\",\"link\":\"\",\"linkTarget\":\"_self\"},{\"id\":\"136814\",\"image\":\"https:\\\/\\\/citrothello.net\\\/blog\\\/images\\\/MES_VOITURES\\\/MES AUTOS\\\/MES AUTOS 2012_SEANCES_JUIL_2012\\\/webview\\\/MES VOITURES JUILLET 2012 060.jpg\",\"thumb\":\"https:\\\/\\\/citrothello.net\\\/blog\\\/images\\\/MES_VOITURES\\\/MES AUTOS\\\/MES AUTOS 2012_SEANCES_JUIL_2012\\\/thumbs\\\/thumbs_MES VOITURES JUILLET 2012 060.jpg\",\"title\":\"\",\"alt\":\"\",\"text\":\"\",\"media\":\"\",\"link\":\"\",\"linkTarget\":\"_self\"},{\"id\":\"136815\",\"image\":\"https:\\\/\\\/citrothello.net\\\/blog\\\/images\\\/MES_VOITURES\\\/MES AUTOS\\\/MES AUTOS 2012_SEANCES_JUIL_2012\\\/webview\\\/MES VOITURES JUILLET 2012 061.jpg\",\"thumb\":\"https:\\\/\\\/citrothello.net\\\/blog\\\/images\\\/MES_VOITURES\\\/MES AUTOS\\\/MES AUTOS 2012_SEANCES_JUIL_2012\\\/thumbs\\\/thumbs_MES VOITURES JUILLET 2012 061.jpg\",\"title\":\"\",\"alt\":\"\",\"text\":\"\",\"media\":\"\",\"link\":\"\",\"linkTarget\":\"_self\"},{\"id\":\"136816\",\"image\":\"https:\\\/\\\/citrothello.net\\\/blog\\\/images\\\/MES_VOITURES\\\/MES AUTOS\\\/MES AUTOS 2012_SEANCES_JUIL_2012\\\/webview\\\/MES VOITURES JUILLET 2012 062.jpg\",\"thumb\":\"https:\\\/\\\/citrothello.net\\\/blog\\\/images\\\/MES_VOITURES\\\/MES AUTOS\\\/MES AUTOS 2012_SEANCES_JUIL_2012\\\/thumbs\\\/thumbs_MES VOITURES JUILLET 2012 062.jpg\",\"title\":\"\",\"alt\":\"\",\"text\":\"\",\"media\":\"\",\"link\":\"\",\"linkTarget\":\"_self\"},{\"id\":\"136817\",\"image\":\"https:\\\/\\\/citrothello.net\\\/blog\\\/images\\\/MES_VOITURES\\\/MES AUTOS\\\/MES AUTOS 2012_SEANCES_JUIL_2012\\\/webview\\\/MES VOITURES JUILLET 2012 063.jpg\",\"thumb\":\"https:\\\/\\\/citrothello.net\\\/blog\\\/images\\\/MES_VOITURES\\\/MES AUTOS\\\/MES AUTOS 2012_SEANCES_JUIL_2012\\\/thumbs\\\/thumbs_MES VOITURES JUILLET 2012 063.jpg\",\"title\":\"\",\"alt\":\"\",\"text\":\"\",\"media\":\"\",\"link\":\"\",\"linkTarget\":\"_self\"},{\"id\":\"136818\",\"image\":\"https:\\\/\\\/citrothello.net\\\/blog\\\/images\\\/MES_VOITURES\\\/MES AUTOS\\\/MES AUTOS 2012_SEANCES_JUIL_2012\\\/webview\\\/MES VOITURES JUILLET 2012 064.jpg\",\"thumb\":\"https:\\\/\\\/citrothello.net\\\/blog\\\/images\\\/MES_VOITURES\\\/MES AUTOS\\\/MES AUTOS 2012_SEANCES_JUIL_2012\\\/thumbs\\\/thumbs_MES VOITURES JUILLET 2012 064.jpg\",\"title\":\"\",\"alt\":\"\",\"text\":\"\",\"media\":\"\",\"link\":\"\",\"linkTarget\":\"_self\"},{\"id\":\"136819\",\"image\":\"https:\\\/\\\/citrothello.net\\\/blog\\\/images\\\/MES_VOITURES\\\/MES AUTOS\\\/MES AUTOS 2012_SEANCES_JUIL_2012\\\/webview\\\/MES VOITURES JUILLET 2012 065.jpg\",\"thumb\":\"https:\\\/\\\/citrothello.net\\\/blog\\\/images\\\/MES_VOITURES\\\/MES AUTOS\\\/MES AUTOS 2012_SEANCES_JUIL_2012\\\/thumbs\\\/thumbs_MES VOITURES JUILLET 2012 065.jpg\",\"title\":\"\",\"alt\":\"\",\"text\":\"\",\"media\":\"\",\"link\":\"\",\"linkTarget\":\"_self\"},{\"id\":\"136820\",\"image\":\"https:\\\/\\\/citrothello.net\\\/blog\\\/images\\\/MES_VOITURES\\\/MES AUTOS\\\/MES AUTOS 2012_SEANCES_JUIL_2012\\\/webview\\\/MES VOITURES JUILLET 2012 066.jpg\",\"thumb\":\"https:\\\/\\\/citrothello.net\\\/blog\\\/images\\\/MES_VOITURES\\\/MES AUTOS\\\/MES AUTOS 2012_SEANCES_JUIL_2012\\\/thumbs\\\/thumbs_MES VOITURES JUILLET 2012 066.jpg\",\"title\":\"\",\"alt\":\"\",\"text\":\"\",\"media\":\"\",\"link\":\"\",\"linkTarget\":\"_self\"},{\"id\":\"136821\",\"image\":\"https:\\\/\\\/citrothello.net\\\/blog\\\/images\\\/MES_VOITURES\\\/MES AUTOS\\\/MES AUTOS 2012_SEANCES_JUIL_2012\\\/webview\\\/MES VOITURES JUILLET 2012 067.jpg\",\"thumb\":\"https:\\\/\\\/citrothello.net\\\/blog\\\/images\\\/MES_VOITURES\\\/MES AUTOS\\\/MES AUTOS 2012_SEANCES_JUIL_2012\\\/thumbs\\\/thumbs_MES VOITURES JUILLET 2012 067.jpg\",\"title\":\"\",\"alt\":\"\",\"text\":\"\",\"media\":\"\",\"link\":\"\",\"linkTarget\":\"_self\"},{\"id\":\"136822\",\"image\":\"https:\\\/\\\/citrothello.net\\\/blog\\\/images\\\/MES_VOITURES\\\/MES AUTOS\\\/MES AUTOS 2012_SEANCES_JUIL_2012\\\/webview\\\/MES VOITURES JUILLET 2012 068.jpg\",\"thumb\":\"https:\\\/\\\/citrothello.net\\\/blog\\\/images\\\/MES_VOITURES\\\/MES AUTOS\\\/MES AUTOS 2012_SEANCES_JUIL_2012\\\/thumbs\\\/thumbs_MES VOITURES JUILLET 2012 068.jpg\",\"title\":\"\",\"alt\":\"\",\"text\":\"\",\"media\":\"\",\"link\":\"\",\"linkTarget\":\"_self\"},{\"id\":\"136823\",\"image\":\"https:\\\/\\\/citrothello.net\\\/blog\\\/images\\\/MES_VOITURES\\\/MES AUTOS\\\/MES AUTOS 2012_SEANCES_JUIL_2012\\\/webview\\\/MES VOITURES JUILLET 2012 069.jpg\",\"thumb\":\"https:\\\/\\\/citrothello.net\\\/blog\\\/images\\\/MES_VOITURES\\\/MES AUTOS\\\/MES AUTOS 2012_SEANCES_JUIL_2012\\\/thumbs\\\/thumbs_MES VOITURES JUILLET 2012 069.jpg\",\"title\":\"\",\"alt\":\"\",\"text\":\"\",\"media\":\"\",\"link\":\"\",\"linkTarget\":\"_self\"},{\"id\":\"136824\",\"image\":\"https:\\\/\\\/citrothello.net\\\/blog\\\/images\\\/MES_VOITURES\\\/MES AUTOS\\\/MES AUTOS 2012_SEANCES_JUIL_2012\\\/webview\\\/MES VOITURES JUILLET 2012 070.jpg\",\"thumb\":\"https:\\\/\\\/citrothello.net\\\/blog\\\/images\\\/MES_VOITURES\\\/MES AUTOS\\\/MES AUTOS 2012_SEANCES_JUIL_2012\\\/thumbs\\\/thumbs_MES VOITURES JUILLET 2012 070.jpg\",\"title\":\"\",\"alt\":\"\",\"text\":\"\",\"media\":\"\",\"link\":\"\",\"linkTarget\":\"_self\"},{\"id\":\"136825\",\"image\":\"https:\\\/\\\/citrothello.net\\\/blog\\\/images\\\/MES_VOITURES\\\/MES AUTOS\\\/MES AUTOS 2012_SEANCES_JUIL_2012\\\/webview\\\/MES VOITURES JUILLET 2012 071.jpg\",\"thumb\":\"https:\\\/\\\/citrothello.net\\\/blog\\\/images\\\/MES_VOITURES\\\/MES AUTOS\\\/MES AUTOS 2012_SEANCES_JUIL_2012\\\/thumbs\\\/thumbs_MES VOITURES JUILLET 2012 071.jpg\",\"title\":\"\",\"alt\":\"\",\"text\":\"\",\"media\":\"\",\"link\":\"\",\"linkTarget\":\"_self\"},{\"id\":\"136826\",\"image\":\"https:\\\/\\\/citrothello.net\\\/blog\\\/images\\\/MES_VOITURES\\\/MES AUTOS\\\/MES AUTOS 2012_SEANCES_JUIL_2012\\\/webview\\\/MES VOITURES JUILLET 2012 072.jpg\",\"thumb\":\"https:\\\/\\\/citrothello.net\\\/blog\\\/images\\\/MES_VOITURES\\\/MES AUTOS\\\/MES AUTOS 2012_SEANCES_JUIL_2012\\\/thumbs\\\/thumbs_MES VOITURES JUILLET 2012 072.jpg\",\"title\":\"\",\"alt\":\"\",\"text\":\"\",\"media\":\"\",\"link\":\"\",\"linkTarget\":\"_self\"},{\"id\":\"136827\",\"image\":\"https:\\\/\\\/citrothello.net\\\/blog\\\/images\\\/MES_VOITURES\\\/MES AUTOS\\\/MES AUTOS 2012_SEANCES_JUIL_2012\\\/webview\\\/MES VOITURES JUILLET 2012 073.jpg\",\"thumb\":\"https:\\\/\\\/citrothello.net\\\/blog\\\/images\\\/MES_VOITURES\\\/MES AUTOS\\\/MES AUTOS 2012_SEANCES_JUIL_2012\\\/thumbs\\\/thumbs_MES VOITURES JUILLET 2012 073.jpg\",\"title\":\"\",\"alt\":\"\",\"text\":\"\",\"media\":\"\",\"link\":\"\",\"linkTarget\":\"_self\"},{\"id\":\"136828\",\"image\":\"https:\\\/\\\/citrothello.net\\\/blog\\\/images\\\/MES_VOITURES\\\/MES AUTOS\\\/MES AUTOS 2012_SEANCES_JUIL_2012\\\/webview\\\/MES VOITURES JUILLET 2012 074.jpg\",\"thumb\":\"https:\\\/\\\/citrothello.net\\\/blog\\\/images\\\/MES_VOITURES\\\/MES AUTOS\\\/MES AUTOS 2012_SEANCES_JUIL_2012\\\/thumbs\\\/thumbs_MES VOITURES JUILLET 2012 074.jpg\",\"title\":\"\",\"alt\":\"\",\"text\":\"\",\"media\":\"\",\"link\":\"\",\"linkTarget\":\"_self\"},{\"id\":\"136829\",\"image\":\"https:\\\/\\\/citrothello.net\\\/blog\\\/images\\\/MES_VOITURES\\\/MES AUTOS\\\/MES AUTOS 2012_SEANCES_JUIL_2012\\\/webview\\\/MES VOITURES JUILLET 2012 075.jpg\",\"thumb\":\"https:\\\/\\\/citrothello.net\\\/blog\\\/images\\\/MES_VOITURES\\\/MES AUTOS\\\/MES AUTOS 2012_SEANCES_JUIL_2012\\\/thumbs\\\/thumbs_MES VOITURES JUILLET 2012 075.jpg\",\"title\":\"\",\"alt\":\"\",\"text\":\"\",\"media\":\"\",\"link\":\"\",\"linkTarget\":\"_self\"},{\"id\":\"136830\",\"image\":\"https:\\\/\\\/citrothello.net\\\/blog\\\/images\\\/MES_VOITURES\\\/MES AUTOS\\\/MES AUTOS 2012_SEANCES_JUIL_2012\\\/webview\\\/MES VOITURES JUILLET 2012 076.jpg\",\"thumb\":\"https:\\\/\\\/citrothello.net\\\/blog\\\/images\\\/MES_VOITURES\\\/MES AUTOS\\\/MES AUTOS 2012_SEANCES_JUIL_2012\\\/thumbs\\\/thumbs_MES VOITURES JUILLET 2012 076.jpg\",\"title\":\"\",\"alt\":\"\",\"text\":\"\",\"media\":\"\",\"link\":\"\",\"linkTarget\":\"_self\"},{\"id\":\"136831\",\"image\":\"https:\\\/\\\/citrothello.net\\\/blog\\\/images\\\/MES_VOITURES\\\/MES AUTOS\\\/MES AUTOS 2012_SEANCES_JUIL_2012\\\/webview\\\/MES VOITURES JUILLET 2012 077.jpg\",\"thumb\":\"https:\\\/\\\/citrothello.net\\\/blog\\\/images\\\/MES_VOITURES\\\/MES AUTOS\\\/MES AUTOS 2012_SEANCES_JUIL_2012\\\/thumbs\\\/thumbs_MES VOITURES JUILLET 2012 077.jpg\",\"title\":\"\",\"alt\":\"\",\"text\":\"\",\"media\":\"\",\"link\":\"\",\"linkTarget\":\"_self\"}]; jQuery('#FlaGallery_sc1_893 .flagPhotoBox_Container').photobox('a', data); }); <\/script><\/div><\/div><noscript id=\"noscript_FlaGallery_sc1_893\"><img class=\"skip-lazy no-lazyload noLazy\" data-lazy-src=\"\" src =\"https:\/\/citrothello.net\/blog\/images\/MES_VOITURES\/MES%20AUTOS\/MES%20AUTOS%202012_SEANCES_JUIL_2012\/MES%20VOITURES%20JUILLET%202012%20001.jpg\" alt=\"\" \/><img class=\"skip-lazy no-lazyload noLazy\" data-lazy-src=\"\" src =\"https:\/\/citrothello.net\/blog\/images\/MES_VOITURES\/MES%20AUTOS\/MES%20AUTOS%202012_SEANCES_JUIL_2012\/MES%20VOITURES%20JUILLET%202012%20002.jpg\" alt=\"\" \/><img class=\"skip-lazy no-lazyload noLazy\" data-lazy-src=\"\" src =\"https:\/\/citrothello.net\/blog\/images\/MES_VOITURES\/MES%20AUTOS\/MES%20AUTOS%202012_SEANCES_JUIL_2012\/MES%20VOITURES%20JUILLET%202012%20003.jpg\" alt=\"\" \/><img class=\"skip-lazy no-lazyload noLazy\" data-lazy-src=\"\" src =\"https:\/\/citrothello.net\/blog\/images\/MES_VOITURES\/MES%20AUTOS\/MES%20AUTOS%202012_SEANCES_JUIL_2012\/MES%20VOITURES%20JUILLET%202012%20004.jpg\" alt=\"\" \/><img class=\"skip-lazy no-lazyload noLazy\" data-lazy-src=\"\" src =\"https:\/\/citrothello.net\/blog\/images\/MES_VOITURES\/MES%20AUTOS\/MES%20AUTOS%202012_SEANCES_JUIL_2012\/MES%20VOITURES%20JUILLET%202012%20005.jpg\" alt=\"\" \/><img class=\"skip-lazy no-lazyload noLazy\" data-lazy-src=\"\" src =\"https:\/\/citrothello.net\/blog\/images\/MES_VOITURES\/MES%20AUTOS\/MES%20AUTOS%202012_SEANCES_JUIL_2012\/MES%20VOITURES%20JUILLET%202012%20006.jpg\" alt=\"\" \/><img class=\"skip-lazy no-lazyload noLazy\" data-lazy-src=\"\" src =\"https:\/\/citrothello.net\/blog\/images\/MES_VOITURES\/MES%20AUTOS\/MES%20AUTOS%202012_SEANCES_JUIL_2012\/MES%20VOITURES%20JUILLET%202012%20007.jpg\" alt=\"\" \/><img class=\"skip-lazy no-lazyload noLazy\" data-lazy-src=\"\" src =\"https:\/\/citrothello.net\/blog\/images\/MES_VOITURES\/MES%20AUTOS\/MES%20AUTOS%202012_SEANCES_JUIL_2012\/MES%20VOITURES%20JUILLET%202012%20008.jpg\" alt=\"\" \/><img class=\"skip-lazy no-lazyload noLazy\" data-lazy-src=\"\" src =\"https:\/\/citrothello.net\/blog\/images\/MES_VOITURES\/MES%20AUTOS\/MES%20AUTOS%202012_SEANCES_JUIL_2012\/MES%20VOITURES%20JUILLET%202012%20009.jpg\" alt=\"\" \/><img class=\"skip-lazy no-lazyload noLazy\" data-lazy-src=\"\" src =\"https:\/\/citrothello.net\/blog\/images\/MES_VOITURES\/MES%20AUTOS\/MES%20AUTOS%202012_SEANCES_JUIL_2012\/MES%20VOITURES%20JUILLET%202012%20010.jpg\" alt=\"\" \/><img class=\"skip-lazy no-lazyload noLazy\" data-lazy-src=\"\" src =\"https:\/\/citrothello.net\/blog\/images\/MES_VOITURES\/MES%20AUTOS\/MES%20AUTOS%202012_SEANCES_JUIL_2012\/MES%20VOITURES%20JUILLET%202012%20011.jpg\" alt=\"\" \/><img class=\"skip-lazy no-lazyload noLazy\" data-lazy-src=\"\" src =\"https:\/\/citrothello.net\/blog\/images\/MES_VOITURES\/MES%20AUTOS\/MES%20AUTOS%202012_SEANCES_JUIL_2012\/MES%20VOITURES%20JUILLET%202012%20012.jpg\" alt=\"\" \/><img class=\"skip-lazy no-lazyload noLazy\" data-lazy-src=\"\" src =\"https:\/\/citrothello.net\/blog\/images\/MES_VOITURES\/MES%20AUTOS\/MES%20AUTOS%202012_SEANCES_JUIL_2012\/MES%20VOITURES%20JUILLET%202012%20013.jpg\" alt=\"\" \/><img class=\"skip-lazy no-lazyload noLazy\" data-lazy-src=\"\" src =\"https:\/\/citrothello.net\/blog\/images\/MES_VOITURES\/MES%20AUTOS\/MES%20AUTOS%202012_SEANCES_JUIL_2012\/MES%20VOITURES%20JUILLET%202012%20014.jpg\" alt=\"\" \/><img class=\"skip-lazy no-lazyload noLazy\" data-lazy-src=\"\" src =\"https:\/\/citrothello.net\/blog\/images\/MES_VOITURES\/MES%20AUTOS\/MES%20AUTOS%202012_SEANCES_JUIL_2012\/MES%20VOITURES%20JUILLET%202012%20015.jpg\" alt=\"\" \/><img class=\"skip-lazy no-lazyload noLazy\" data-lazy-src=\"\" src =\"https:\/\/citrothello.net\/blog\/images\/MES_VOITURES\/MES%20AUTOS\/MES%20AUTOS%202012_SEANCES_JUIL_2012\/MES%20VOITURES%20JUILLET%202012%20016.jpg\" alt=\"\" \/><img class=\"skip-lazy no-lazyload noLazy\" data-lazy-src=\"\" src =\"https:\/\/citrothello.net\/blog\/images\/MES_VOITURES\/MES%20AUTOS\/MES%20AUTOS%202012_SEANCES_JUIL_2012\/MES%20VOITURES%20JUILLET%202012%20017.jpg\" alt=\"\" \/><img class=\"skip-lazy no-lazyload noLazy\" data-lazy-src=\"\" src =\"https:\/\/citrothello.net\/blog\/images\/MES_VOITURES\/MES%20AUTOS\/MES%20AUTOS%202012_SEANCES_JUIL_2012\/MES%20VOITURES%20JUILLET%202012%20018.jpg\" alt=\"\" \/><img class=\"skip-lazy no-lazyload noLazy\" data-lazy-src=\"\" src =\"https:\/\/citrothello.net\/blog\/images\/MES_VOITURES\/MES%20AUTOS\/MES%20AUTOS%202012_SEANCES_JUIL_2012\/MES%20VOITURES%20JUILLET%202012%20019.jpg\" alt=\"\" \/><img class=\"skip-lazy no-lazyload noLazy\" data-lazy-src=\"\" src =\"https:\/\/citrothello.net\/blog\/images\/MES_VOITURES\/MES%20AUTOS\/MES%20AUTOS%202012_SEANCES_JUIL_2012\/MES%20VOITURES%20JUILLET%202012%20020.jpg\" alt=\"\" \/><img class=\"skip-lazy no-lazyload noLazy\" data-lazy-src=\"\" src =\"https:\/\/citrothello.net\/blog\/images\/MES_VOITURES\/MES%20AUTOS\/MES%20AUTOS%202012_SEANCES_JUIL_2012\/MES%20VOITURES%20JUILLET%202012%20021.jpg\" alt=\"\" \/><img class=\"skip-lazy no-lazyload noLazy\" data-lazy-src=\"\" src =\"https:\/\/citrothello.net\/blog\/images\/MES_VOITURES\/MES%20AUTOS\/MES%20AUTOS%202012_SEANCES_JUIL_2012\/MES%20VOITURES%20JUILLET%202012%20022.jpg\" alt=\"\" \/><img class=\"skip-lazy no-lazyload noLazy\" data-lazy-src=\"\" src =\"https:\/\/citrothello.net\/blog\/images\/MES_VOITURES\/MES%20AUTOS\/MES%20AUTOS%202012_SEANCES_JUIL_2012\/MES%20VOITURES%20JUILLET%202012%20023.jpg\" alt=\"\" \/><img class=\"skip-lazy no-lazyload noLazy\" data-lazy-src=\"\" src =\"https:\/\/citrothello.net\/blog\/images\/MES_VOITURES\/MES%20AUTOS\/MES%20AUTOS%202012_SEANCES_JUIL_2012\/MES%20VOITURES%20JUILLET%202012%20024.jpg\" alt=\"\" \/><img class=\"skip-lazy no-lazyload noLazy\" data-lazy-src=\"\" src =\"https:\/\/citrothello.net\/blog\/images\/MES_VOITURES\/MES%20AUTOS\/MES%20AUTOS%202012_SEANCES_JUIL_2012\/MES%20VOITURES%20JUILLET%202012%20025.jpg\" alt=\"\" \/><img class=\"skip-lazy no-lazyload noLazy\" data-lazy-src=\"\" src =\"https:\/\/citrothello.net\/blog\/images\/MES_VOITURES\/MES%20AUTOS\/MES%20AUTOS%202012_SEANCES_JUIL_2012\/MES%20VOITURES%20JUILLET%202012%20026.jpg\" alt=\"\" \/><img class=\"skip-lazy no-lazyload noLazy\" data-lazy-src=\"\" src =\"https:\/\/citrothello.net\/blog\/images\/MES_VOITURES\/MES%20AUTOS\/MES%20AUTOS%202012_SEANCES_JUIL_2012\/MES%20VOITURES%20JUILLET%202012%20027.jpg\" alt=\"\" \/><img class=\"skip-lazy no-lazyload noLazy\" data-lazy-src=\"\" src =\"https:\/\/citrothello.net\/blog\/images\/MES_VOITURES\/MES%20AUTOS\/MES%20AUTOS%202012_SEANCES_JUIL_2012\/MES%20VOITURES%20JUILLET%202012%20028.jpg\" alt=\"\" \/><img class=\"skip-lazy no-lazyload noLazy\" data-lazy-src=\"\" src =\"https:\/\/citrothello.net\/blog\/images\/MES_VOITURES\/MES%20AUTOS\/MES%20AUTOS%202012_SEANCES_JUIL_2012\/MES%20VOITURES%20JUILLET%202012%20029.jpg\" alt=\"\" \/><img class=\"skip-lazy no-lazyload noLazy\" data-lazy-src=\"\" src =\"https:\/\/citrothello.net\/blog\/images\/MES_VOITURES\/MES%20AUTOS\/MES%20AUTOS%202012_SEANCES_JUIL_2012\/MES%20VOITURES%20JUILLET%202012%20030.jpg\" alt=\"\" \/><img class=\"skip-lazy no-lazyload noLazy\" data-lazy-src=\"\" src =\"https:\/\/citrothello.net\/blog\/images\/MES_VOITURES\/MES%20AUTOS\/MES%20AUTOS%202012_SEANCES_JUIL_2012\/MES%20VOITURES%20JUILLET%202012%20031.jpg\" alt=\"\" \/><img class=\"skip-lazy no-lazyload noLazy\" data-lazy-src=\"\" src =\"https:\/\/citrothello.net\/blog\/images\/MES_VOITURES\/MES%20AUTOS\/MES%20AUTOS%202012_SEANCES_JUIL_2012\/MES%20VOITURES%20JUILLET%202012%20032.jpg\" alt=\"\" \/><img class=\"skip-lazy no-lazyload noLazy\" data-lazy-src=\"\" src =\"https:\/\/citrothello.net\/blog\/images\/MES_VOITURES\/MES%20AUTOS\/MES%20AUTOS%202012_SEANCES_JUIL_2012\/MES%20VOITURES%20JUILLET%202012%20033.jpg\" alt=\"\" \/><img class=\"skip-lazy no-lazyload noLazy\" data-lazy-src=\"\" src =\"https:\/\/citrothello.net\/blog\/images\/MES_VOITURES\/MES%20AUTOS\/MES%20AUTOS%202012_SEANCES_JUIL_2012\/MES%20VOITURES%20JUILLET%202012%20034.jpg\" alt=\"\" \/><img class=\"skip-lazy no-lazyload noLazy\" data-lazy-src=\"\" src =\"https:\/\/citrothello.net\/blog\/images\/MES_VOITURES\/MES%20AUTOS\/MES%20AUTOS%202012_SEANCES_JUIL_2012\/MES%20VOITURES%20JUILLET%202012%20035.jpg\" alt=\"\" \/><img class=\"skip-lazy no-lazyload noLazy\" data-lazy-src=\"\" src =\"https:\/\/citrothello.net\/blog\/images\/MES_VOITURES\/MES%20AUTOS\/MES%20AUTOS%202012_SEANCES_JUIL_2012\/MES%20VOITURES%20JUILLET%202012%20036.jpg\" alt=\"\" \/><img class=\"skip-lazy no-lazyload noLazy\" data-lazy-src=\"\" src =\"https:\/\/citrothello.net\/blog\/images\/MES_VOITURES\/MES%20AUTOS\/MES%20AUTOS%202012_SEANCES_JUIL_2012\/MES%20VOITURES%20JUILLET%202012%20037.jpg\" alt=\"\" \/><img class=\"skip-lazy no-lazyload noLazy\" data-lazy-src=\"\" src =\"https:\/\/citrothello.net\/blog\/images\/MES_VOITURES\/MES%20AUTOS\/MES%20AUTOS%202012_SEANCES_JUIL_2012\/MES%20VOITURES%20JUILLET%202012%20038.jpg\" alt=\"\" \/><img class=\"skip-lazy no-lazyload noLazy\" data-lazy-src=\"\" src =\"https:\/\/citrothello.net\/blog\/images\/MES_VOITURES\/MES%20AUTOS\/MES%20AUTOS%202012_SEANCES_JUIL_2012\/MES%20VOITURES%20JUILLET%202012%20039.jpg\" alt=\"\" \/><img class=\"skip-lazy no-lazyload noLazy\" data-lazy-src=\"\" src =\"https:\/\/citrothello.net\/blog\/images\/MES_VOITURES\/MES%20AUTOS\/MES%20AUTOS%202012_SEANCES_JUIL_2012\/MES%20VOITURES%20JUILLET%202012%20040.jpg\" alt=\"\" \/><img class=\"skip-lazy no-lazyload noLazy\" data-lazy-src=\"\" src =\"https:\/\/citrothello.net\/blog\/images\/MES_VOITURES\/MES%20AUTOS\/MES%20AUTOS%202012_SEANCES_JUIL_2012\/MES%20VOITURES%20JUILLET%202012%20041.jpg\" alt=\"\" \/><img class=\"skip-lazy no-lazyload noLazy\" data-lazy-src=\"\" src =\"https:\/\/citrothello.net\/blog\/images\/MES_VOITURES\/MES%20AUTOS\/MES%20AUTOS%202012_SEANCES_JUIL_2012\/MES%20VOITURES%20JUILLET%202012%20042.jpg\" alt=\"\" \/><img class=\"skip-lazy no-lazyload noLazy\" data-lazy-src=\"\" src =\"https:\/\/citrothello.net\/blog\/images\/MES_VOITURES\/MES%20AUTOS\/MES%20AUTOS%202012_SEANCES_JUIL_2012\/MES%20VOITURES%20JUILLET%202012%20043.jpg\" alt=\"\" \/><img class=\"skip-lazy no-lazyload noLazy\" data-lazy-src=\"\" src =\"https:\/\/citrothello.net\/blog\/images\/MES_VOITURES\/MES%20AUTOS\/MES%20AUTOS%202012_SEANCES_JUIL_2012\/MES%20VOITURES%20JUILLET%202012%20044.jpg\" alt=\"\" \/><img class=\"skip-lazy no-lazyload noLazy\" data-lazy-src=\"\" src =\"https:\/\/citrothello.net\/blog\/images\/MES_VOITURES\/MES%20AUTOS\/MES%20AUTOS%202012_SEANCES_JUIL_2012\/MES%20VOITURES%20JUILLET%202012%20045.jpg\" alt=\"\" \/><img class=\"skip-lazy no-lazyload noLazy\" data-lazy-src=\"\" src =\"https:\/\/citrothello.net\/blog\/images\/MES_VOITURES\/MES%20AUTOS\/MES%20AUTOS%202012_SEANCES_JUIL_2012\/MES%20VOITURES%20JUILLET%202012%20046.jpg\" alt=\"\" \/><img class=\"skip-lazy no-lazyload noLazy\" data-lazy-src=\"\" src =\"https:\/\/citrothello.net\/blog\/images\/MES_VOITURES\/MES%20AUTOS\/MES%20AUTOS%202012_SEANCES_JUIL_2012\/MES%20VOITURES%20JUILLET%202012%20047.jpg\" alt=\"\" \/><img class=\"skip-lazy no-lazyload noLazy\" data-lazy-src=\"\" src =\"https:\/\/citrothello.net\/blog\/images\/MES_VOITURES\/MES%20AUTOS\/MES%20AUTOS%202012_SEANCES_JUIL_2012\/MES%20VOITURES%20JUILLET%202012%20048.jpg\" alt=\"\" \/><img class=\"skip-lazy no-lazyload noLazy\" data-lazy-src=\"\" src =\"https:\/\/citrothello.net\/blog\/images\/MES_VOITURES\/MES%20AUTOS\/MES%20AUTOS%202012_SEANCES_JUIL_2012\/MES%20VOITURES%20JUILLET%202012%20049.jpg\" alt=\"\" \/><img class=\"skip-lazy no-lazyload noLazy\" data-lazy-src=\"\" src =\"https:\/\/citrothello.net\/blog\/images\/MES_VOITURES\/MES%20AUTOS\/MES%20AUTOS%202012_SEANCES_JUIL_2012\/MES%20VOITURES%20JUILLET%202012%20050.jpg\" alt=\"\" \/><img class=\"skip-lazy no-lazyload noLazy\" data-lazy-src=\"\" src =\"https:\/\/citrothello.net\/blog\/images\/MES_VOITURES\/MES%20AUTOS\/MES%20AUTOS%202012_SEANCES_JUIL_2012\/MES%20VOITURES%20JUILLET%202012%20051.jpg\" alt=\"\" \/><img class=\"skip-lazy no-lazyload noLazy\" data-lazy-src=\"\" src =\"https:\/\/citrothello.net\/blog\/images\/MES_VOITURES\/MES%20AUTOS\/MES%20AUTOS%202012_SEANCES_JUIL_2012\/MES%20VOITURES%20JUILLET%202012%20052.jpg\" alt=\"\" \/><img class=\"skip-lazy no-lazyload noLazy\" data-lazy-src=\"\" src =\"https:\/\/citrothello.net\/blog\/images\/MES_VOITURES\/MES%20AUTOS\/MES%20AUTOS%202012_SEANCES_JUIL_2012\/MES%20VOITURES%20JUILLET%202012%20053.jpg\" alt=\"\" \/><img class=\"skip-lazy no-lazyload noLazy\" data-lazy-src=\"\" src =\"https:\/\/citrothello.net\/blog\/images\/MES_VOITURES\/MES%20AUTOS\/MES%20AUTOS%202012_SEANCES_JUIL_2012\/MES%20VOITURES%20JUILLET%202012%20054.jpg\" alt=\"\" \/><img class=\"skip-lazy no-lazyload noLazy\" data-lazy-src=\"\" src =\"https:\/\/citrothello.net\/blog\/images\/MES_VOITURES\/MES%20AUTOS\/MES%20AUTOS%202012_SEANCES_JUIL_2012\/MES%20VOITURES%20JUILLET%202012%20055.jpg\" alt=\"\" \/><img class=\"skip-lazy no-lazyload noLazy\" data-lazy-src=\"\" src =\"https:\/\/citrothello.net\/blog\/images\/MES_VOITURES\/MES%20AUTOS\/MES%20AUTOS%202012_SEANCES_JUIL_2012\/MES%20VOITURES%20JUILLET%202012%20056.jpg\" alt=\"\" \/><img class=\"skip-lazy no-lazyload noLazy\" data-lazy-src=\"\" src =\"https:\/\/citrothello.net\/blog\/images\/MES_VOITURES\/MES%20AUTOS\/MES%20AUTOS%202012_SEANCES_JUIL_2012\/MES%20VOITURES%20JUILLET%202012%20057.jpg\" alt=\"\" \/><img class=\"skip-lazy no-lazyload noLazy\" data-lazy-src=\"\" src =\"https:\/\/citrothello.net\/blog\/images\/MES_VOITURES\/MES%20AUTOS\/MES%20AUTOS%202012_SEANCES_JUIL_2012\/MES%20VOITURES%20JUILLET%202012%20058.jpg\" alt=\"\" \/><img class=\"skip-lazy no-lazyload noLazy\" data-lazy-src=\"\" src =\"https:\/\/citrothello.net\/blog\/images\/MES_VOITURES\/MES%20AUTOS\/MES%20AUTOS%202012_SEANCES_JUIL_2012\/MES%20VOITURES%20JUILLET%202012%20059.jpg\" alt=\"\" \/><img class=\"skip-lazy no-lazyload noLazy\" data-lazy-src=\"\" src =\"https:\/\/citrothello.net\/blog\/images\/MES_VOITURES\/MES%20AUTOS\/MES%20AUTOS%202012_SEANCES_JUIL_2012\/MES%20VOITURES%20JUILLET%202012%20060.jpg\" alt=\"\" \/><img class=\"skip-lazy no-lazyload noLazy\" data-lazy-src=\"\" src =\"https:\/\/citrothello.net\/blog\/images\/MES_VOITURES\/MES%20AUTOS\/MES%20AUTOS%202012_SEANCES_JUIL_2012\/MES%20VOITURES%20JUILLET%202012%20061.jpg\" alt=\"\" \/><img class=\"skip-lazy no-lazyload noLazy\" data-lazy-src=\"\" src =\"https:\/\/citrothello.net\/blog\/images\/MES_VOITURES\/MES%20AUTOS\/MES%20AUTOS%202012_SEANCES_JUIL_2012\/MES%20VOITURES%20JUILLET%202012%20062.jpg\" alt=\"\" \/><img class=\"skip-lazy no-lazyload noLazy\" data-lazy-src=\"\" src =\"https:\/\/citrothello.net\/blog\/images\/MES_VOITURES\/MES%20AUTOS\/MES%20AUTOS%202012_SEANCES_JUIL_2012\/MES%20VOITURES%20JUILLET%202012%20063.jpg\" alt=\"\" \/><img class=\"skip-lazy no-lazyload noLazy\" data-lazy-src=\"\" src =\"https:\/\/citrothello.net\/blog\/images\/MES_VOITURES\/MES%20AUTOS\/MES%20AUTOS%202012_SEANCES_JUIL_2012\/MES%20VOITURES%20JUILLET%202012%20064.jpg\" alt=\"\" \/><img class=\"skip-lazy no-lazyload noLazy\" data-lazy-src=\"\" src =\"https:\/\/citrothello.net\/blog\/images\/MES_VOITURES\/MES%20AUTOS\/MES%20AUTOS%202012_SEANCES_JUIL_2012\/MES%20VOITURES%20JUILLET%202012%20065.jpg\" alt=\"\" \/><img class=\"skip-lazy no-lazyload noLazy\" data-lazy-src=\"\" src =\"https:\/\/citrothello.net\/blog\/images\/MES_VOITURES\/MES%20AUTOS\/MES%20AUTOS%202012_SEANCES_JUIL_2012\/MES%20VOITURES%20JUILLET%202012%20066.jpg\" alt=\"\" \/><img class=\"skip-lazy no-lazyload noLazy\" data-lazy-src=\"\" src =\"https:\/\/citrothello.net\/blog\/images\/MES_VOITURES\/MES%20AUTOS\/MES%20AUTOS%202012_SEANCES_JUIL_2012\/MES%20VOITURES%20JUILLET%202012%20067.jpg\" alt=\"\" \/><img class=\"skip-lazy no-lazyload noLazy\" data-lazy-src=\"\" src =\"https:\/\/citrothello.net\/blog\/images\/MES_VOITURES\/MES%20AUTOS\/MES%20AUTOS%202012_SEANCES_JUIL_2012\/MES%20VOITURES%20JUILLET%202012%20068.jpg\" alt=\"\" \/><img class=\"skip-lazy no-lazyload noLazy\" data-lazy-src=\"\" src =\"https:\/\/citrothello.net\/blog\/images\/MES_VOITURES\/MES%20AUTOS\/MES%20AUTOS%202012_SEANCES_JUIL_2012\/MES%20VOITURES%20JUILLET%202012%20069.jpg\" alt=\"\" \/><img class=\"skip-lazy no-lazyload noLazy\" data-lazy-src=\"\" src =\"https:\/\/citrothello.net\/blog\/images\/MES_VOITURES\/MES%20AUTOS\/MES%20AUTOS%202012_SEANCES_JUIL_2012\/MES%20VOITURES%20JUILLET%202012%20070.jpg\" alt=\"\" \/><img class=\"skip-lazy no-lazyload noLazy\" data-lazy-src=\"\" src =\"https:\/\/citrothello.net\/blog\/images\/MES_VOITURES\/MES%20AUTOS\/MES%20AUTOS%202012_SEANCES_JUIL_2012\/MES%20VOITURES%20JUILLET%202012%20071.jpg\" alt=\"\" \/><img class=\"skip-lazy no-lazyload noLazy\" data-lazy-src=\"\" src =\"https:\/\/citrothello.net\/blog\/images\/MES_VOITURES\/MES%20AUTOS\/MES%20AUTOS%202012_SEANCES_JUIL_2012\/MES%20VOITURES%20JUILLET%202012%20072.jpg\" alt=\"\" \/><img class=\"skip-lazy no-lazyload noLazy\" data-lazy-src=\"\" src =\"https:\/\/citrothello.net\/blog\/images\/MES_VOITURES\/MES%20AUTOS\/MES%20AUTOS%202012_SEANCES_JUIL_2012\/MES%20VOITURES%20JUILLET%202012%20073.jpg\" alt=\"\" \/><img class=\"skip-lazy no-lazyload noLazy\" data-lazy-src=\"\" src =\"https:\/\/citrothello.net\/blog\/images\/MES_VOITURES\/MES%20AUTOS\/MES%20AUTOS%202012_SEANCES_JUIL_2012\/MES%20VOITURES%20JUILLET%202012%20074.jpg\" alt=\"\" \/><img class=\"skip-lazy no-lazyload noLazy\" data-lazy-src=\"\" src =\"https:\/\/citrothello.net\/blog\/images\/MES_VOITURES\/MES%20AUTOS\/MES%20AUTOS%202012_SEANCES_JUIL_2012\/MES%20VOITURES%20JUILLET%202012%20075.jpg\" alt=\"\" \/><img class=\"skip-lazy no-lazyload noLazy\" data-lazy-src=\"\" src =\"https:\/\/citrothello.net\/blog\/images\/MES_VOITURES\/MES%20AUTOS\/MES%20AUTOS%202012_SEANCES_JUIL_2012\/MES%20VOITURES%20JUILLET%202012%20076.jpg\" alt=\"\" \/><img class=\"skip-lazy no-lazyload noLazy\" data-lazy-src=\"\" src =\"https:\/\/citrothello.net\/blog\/images\/MES_VOITURES\/MES%20AUTOS\/MES%20AUTOS%202012_SEANCES_JUIL_2012\/MES%20VOITURES%20JUILLET%202012%20077.jpg\" alt=\"\" \/><\/noscript>\n<p>LES AUTRES PUBLICATIONS CONCERNANT MES VOITURES :<\/p>\n<div class='thumbnailblock'><div id='thumbnailgridcontainer' class=\"thumbnailgridcontainer tbdgrd_5559 responsive-grid\" ><div data-postid='10179'  class=\"griditemleft\" >\n                <div  class=\"postimage\" >\n                    <a href='https:\/\/citrothello.net\/blog\/mes-autos-avril-2020\/' title='MA COLLECTION DE VOITURES EN JUILLET 2020.'  ><img alt='MA COLLECTION DE VOITURES EN JUILLET 2020.'  src='https:\/\/citrothello.net\/blog\/wp-content\/uploads\/2020\/07\/MES-AUTOS-JUILLET-2020-0004-160x150.jpg' \/><\/a>\n\t            <\/div>\n                <div  class=\"postimage-title\" >\n                    <a  href='https:\/\/citrothello.net\/blog\/mes-autos-avril-2020\/' title='MA COLLECTION DE VOITURES EN JUILLET 2020.'  >MA COLLECTION DE VOITURES EN JUILLET 2020.<\/a>\n\t            <\/div>\n            <\/div><div data-postid='9304'  class=\"griditemleft\" >\n                <div  class=\"postimage\" >\n                    <a href='https:\/\/citrothello.net\/blog\/de-hibernation-de-mes-autos-printemps-2019\/' title='DE-HIBERNATION DE MES AUTOS PRINTEMPS 2019.'  ><img alt='DE-HIBERNATION DE MES AUTOS PRINTEMPS 2019.'  src='https:\/\/citrothello.net\/blog\/wp-content\/uploads\/2019\/04\/DESHIBERNATION-2019-144-160x150.jpg' \/><\/a>\n\t            <\/div>\n                <div  class=\"postimage-title\" >\n                    <a  href='https:\/\/citrothello.net\/blog\/de-hibernation-de-mes-autos-printemps-2019\/' title='DE-HIBERNATION DE MES AUTOS PRINTEMPS 2019.'  >DE-HIBERNATION DE MES AUTOS PRINTEMPS 2019.<\/a>\n\t            <\/div>\n            <\/div><div data-postid='9309'  class=\"griditemleft\" >\n                <div  class=\"postimage\" >\n                    <a href='https:\/\/citrothello.net\/blog\/mes-autos-avril-2019\/' title='MA COLLECTION DE VOITURES EN AVRIL 2019.'  ><img alt='MA COLLECTION DE VOITURES EN AVRIL 2019.'  src='https:\/\/citrothello.net\/blog\/wp-content\/uploads\/2019\/04\/MES-AUTOS-AVRIL-2019-054-160x150.jpg' \/><\/a>\n\t            <\/div>\n                <div  class=\"postimage-title\" >\n                    <a  href='https:\/\/citrothello.net\/blog\/mes-autos-avril-2019\/' title='MA COLLECTION DE VOITURES EN AVRIL 2019.'  >MA COLLECTION DE VOITURES EN AVRIL 2019.<\/a>\n\t            <\/div>\n            <\/div><div data-postid='8852'  class=\"griditemleft\" >\n                <div  class=\"postimage\" >\n                    <a href='https:\/\/citrothello.net\/blog\/citroen-sur-les-reseaux-sociaux\/' title='CITRO\u00cbN SUR LES R\u00c9SEAUX SOCIAUX.'  ><img alt='CITRO\u00cbN SUR LES R\u00c9SEAUX SOCIAUX.'  src='https:\/\/citrothello.net\/blog\/wp-content\/uploads\/2018\/12\/IMAGE-INTERNET-01-160x150.jpg' \/><\/a>\n\t            <\/div>\n                <div  class=\"postimage-title\" >\n                    <a  href='https:\/\/citrothello.net\/blog\/citroen-sur-les-reseaux-sociaux\/' title='CITRO\u00cbN SUR LES R\u00c9SEAUX SOCIAUX.'  >CITRO\u00cbN SUR LES R\u00c9SEAUX SOCIAUX.<\/a>\n\t            <\/div>\n            <\/div><div data-postid='8736'  class=\"griditemleft\" >\n                <div  class=\"postimage\" >\n                    <a href='https:\/\/citrothello.net\/blog\/mes-autos-septembre-2018\/' title='MES VOITURES EN 2018.'  ><img alt='MES VOITURES EN 2018.'  src='https:\/\/citrothello.net\/blog\/wp-content\/uploads\/2018\/10\/DS-19-67-OTHELLO-2018-GUITARE-01-160x150.jpg' \/><\/a>\n\t            <\/div>\n                <div  class=\"postimage-title\" >\n                    <a  href='https:\/\/citrothello.net\/blog\/mes-autos-septembre-2018\/' title='MES VOITURES EN 2018.'  >MES VOITURES EN 2018.<\/a>\n\t            <\/div>\n            <\/div><div data-postid='6406'  class=\"griditemleft\" >\n                <div  class=\"postimage\" >\n                    <a href='https:\/\/citrothello.net\/blog\/mes-autos-septembre-2016\/' title='MES VOITURES SEPTEMBRE 2016.'  ><img alt='MES VOITURES SEPTEMBRE 2016.'  src='https:\/\/citrothello.net\/blog\/wp-content\/uploads\/2016\/09\/MA-COLLECTION-SEPT-2016-150x150.jpg' \/><\/a>\n\t            <\/div>\n                <div  class=\"postimage-title\" >\n                    <a  href='https:\/\/citrothello.net\/blog\/mes-autos-septembre-2016\/' title='MES VOITURES SEPTEMBRE 2016.'  >MES VOITURES SEPTEMBRE 2016.<\/a>\n\t            <\/div>\n            <\/div><div data-postid='5633'  class=\"griditemleft\" >\n                <div  class=\"postimage\" >\n                    <a href='https:\/\/citrothello.net\/blog\/mes-voitures-en-seance-juin-2015-2\/' title='MES VOITURES EN S\u00c9ANCE JUIN 2015.'  ><img alt='MES VOITURES EN S\u00c9ANCE JUIN 2015.'  src='https:\/\/citrothello.net\/blog\/wp-content\/uploads\/2015\/07\/MES-AUTOS-24-JUILLET-2015-002-150x150.jpg' \/><\/a>\n\t            <\/div>\n                <div  class=\"postimage-title\" >\n                    <a  href='https:\/\/citrothello.net\/blog\/mes-voitures-en-seance-juin-2015-2\/' title='MES VOITURES EN S\u00c9ANCE JUIN 2015.'  >MES VOITURES EN S\u00c9ANCE JUIN 2015.<\/a>\n\t            <\/div>\n            <\/div><div data-postid='5536'  class=\"griditemleft\" >\n                <div  class=\"postimage\" >\n                    <a href='https:\/\/citrothello.net\/blog\/mes-voitures-en-seance-juin-2015\/' title='MES VOITURES EN S\u00c9ANCE JUIN 2014.'  ><img alt='MES VOITURES EN S\u00c9ANCE JUIN 2014.'  src='https:\/\/citrothello.net\/blog\/wp-content\/uploads\/2015\/06\/MES-VOITURES-03-JUIN-2015-027-150x150.jpg' \/><\/a>\n\t            <\/div>\n                <div  class=\"postimage-title\" >\n                    <a  href='https:\/\/citrothello.net\/blog\/mes-voitures-en-seance-juin-2015\/' title='MES VOITURES EN S\u00c9ANCE JUIN 2014.'  >MES VOITURES EN S\u00c9ANCE JUIN 2014.<\/a>\n\t            <\/div>\n            <\/div><div data-postid='4350'  class=\"griditemleft\" >\n                <div  class=\"postimage\" >\n                    <a href='https:\/\/citrothello.net\/blog\/sm-de-competiton-bob-neyret-par-les-ateliers-524-a-grenoble-2\/' title='ONLY DS. UN BEL ETE 2014 A TOUS EN CITROEN.'  ><img alt='ONLY DS. UN BEL ETE 2014 A TOUS EN CITROEN.'  src='https:\/\/citrothello.net\/blog\/wp-content\/uploads\/2014\/04\/DS-21IE-72-CHARMILLE-RESTAU-2132-150x150.jpg' \/><\/a>\n\t            <\/div>\n                <div  class=\"postimage-title\" >\n                    <a  href='https:\/\/citrothello.net\/blog\/sm-de-competiton-bob-neyret-par-les-ateliers-524-a-grenoble-2\/' title='ONLY DS. UN BEL ETE 2014 A TOUS EN CITROEN.'  >ONLY DS. UN BEL ETE 2014 A TOUS EN CITROEN.<\/a>\n\t            <\/div>\n            <\/div><div data-postid='5559'  class=\"griditemleft\" >\n                <div  class=\"postimage\" >\n                    <a href='https:\/\/citrothello.net\/blog\/mes-voitures-ancien-local-en-juillet-2012\/' title='MES VOITURES ANCIEN LOCAL EN JUILLET 2012.'  ><img alt='MES VOITURES ANCIEN LOCAL EN JUILLET 2012.'  src='https:\/\/citrothello.net\/blog\/wp-content\/uploads\/2015\/06\/MES-VOITURES-JUILLET-2012-035-150x150.jpg' \/><\/a>\n\t            <\/div>\n                <div  class=\"postimage-title\" >\n                    <a  href='https:\/\/citrothello.net\/blog\/mes-voitures-ancien-local-en-juillet-2012\/' title='MES VOITURES ANCIEN LOCAL EN JUILLET 2012.'  >MES VOITURES ANCIEN LOCAL EN JUILLET 2012.<\/a>\n\t            <\/div>\n            <\/div><div data-postid='5546'  class=\"griditemleft\" >\n                <div  class=\"postimage\" >\n                    <a href='https:\/\/citrothello.net\/blog\/mes-voitures-en-octobre-2006\/' title='MES VOITURES EN OCTOBRE 2006.'  ><img alt='MES VOITURES EN OCTOBRE 2006.'  src='https:\/\/citrothello.net\/blog\/wp-content\/uploads\/2006\/10\/Capture-d\u2019\u00e9cran-221-150x150.jpg' \/><\/a>\n\t            <\/div>\n                <div  class=\"postimage-title\" >\n                    <a  href='https:\/\/citrothello.net\/blog\/mes-voitures-en-octobre-2006\/' title='MES VOITURES EN OCTOBRE 2006.'  >MES VOITURES EN OCTOBRE 2006.<\/a>\n\t            <\/div>\n            <\/div><div data-postid='815'  class=\"griditemleft\" >\n                <div  class=\"postimage\" >\n                    <a href='https:\/\/citrothello.net\/blog\/mes-voitures-en-juille-2005\/' title='MES VOITURES EN JUILLET 2005.'  ><img alt='MES VOITURES EN JUILLET 2005.'  src='https:\/\/citrothello.net\/blog\/wp-content\/uploads\/2013\/01\/MES-AUTOS-27-JUILLET-05-13-big-150x150.jpg' \/><\/a>\n\t            <\/div>\n                <div  class=\"postimage-title\" >\n                    <a  href='https:\/\/citrothello.net\/blog\/mes-voitures-en-juille-2005\/' title='MES VOITURES EN JUILLET 2005.'  >MES VOITURES EN JUILLET 2005.<\/a>\n\t            <\/div>\n            <\/div><div data-postid='5562'  class=\"griditemleft\" >\n                <div  class=\"postimage\" >\n                    <a href='https:\/\/citrothello.net\/blog\/demenagement-de-mes-autos-pour-ma-maison-en-fevrier-2005\/' title='D\u00c9M\u00c9NAGEMENT DE MES AUTOS POUR MA MAISON EN F\u00c9VRIER 2005.'  ><img alt='D\u00c9M\u00c9NAGEMENT DE MES AUTOS POUR MA MAISON EN F\u00c9VRIER 2005.'  src='https:\/\/citrothello.net\/blog\/wp-content\/uploads\/2015\/06\/MES-VOITURES-DEMENAGEMENT-2005-006-150x150.jpg' \/><\/a>\n\t            <\/div>\n                <div  class=\"postimage-title\" >\n                    <a  href='https:\/\/citrothello.net\/blog\/demenagement-de-mes-autos-pour-ma-maison-en-fevrier-2005\/' title='D\u00c9M\u00c9NAGEMENT DE MES AUTOS POUR MA MAISON EN F\u00c9VRIER 2005.'  >D\u00c9M\u00c9NAGEMENT DE MES AUTOS POUR MA MAISON EN F\u00c9VRIER 2005.<\/a>\n\t            <\/div>\n            <\/div><div data-postid='825'  class=\"griditemleft\" >\n                <div  class=\"postimage\" >\n                    <a href='https:\/\/citrothello.net\/blog\/mes-voitures-ancien-local\/' title='MES VOITURES ANCIEN LOCAL EN AVRIL 2002.'  ><img alt='MES VOITURES ANCIEN LOCAL EN AVRIL 2002.'  src='https:\/\/citrothello.net\/blog\/wp-content\/uploads\/2013\/01\/ML-30-09-02-05-big-150x150.jpg' \/><\/a>\n\t            <\/div>\n                <div  class=\"postimage-title\" >\n                    <a  href='https:\/\/citrothello.net\/blog\/mes-voitures-ancien-local\/' title='MES VOITURES ANCIEN LOCAL EN AVRIL 2002.'  >MES VOITURES ANCIEN LOCAL EN AVRIL 2002.<\/a>\n\t            <\/div>\n            <\/div><\/div><!--thumbnailgridcontainer-->\n        \n        <\/div><!--thumbnailblock-->\n","protected":false},"excerpt":{"rendered":"\u00a0","protected":false},"author":1,"featured_media":5560,"comment_status":"closed","ping_status":"closed","sticky":false,"template":"","format":"standard","meta":[],"categories":[6,266],"tags":[],"_links":{"self":[{"href":"https:\/\/citrothello.net\/blog\/wp-json\/wp\/v2\/posts\/5559"}],"collection":[{"href":"https:\/\/citrothello.net\/blog\/wp-json\/wp\/v2\/posts"}],"about":[{"href":"https:\/\/citrothello.net\/blog\/wp-json\/wp\/v2\/types\/post"}],"author":[{"embeddable":true,"href":"https:\/\/citrothello.net\/blog\/wp-json\/wp\/v2\/users\/1"}],"replies":[{"embeddable":true,"href":"https:\/\/citrothello.net\/blog\/wp-json\/wp\/v2\/comments?post=5559"}],"version-history":[{"count":4,"href":"https:\/\/citrothello.net\/blog\/wp-json\/wp\/v2\/posts\/5559\/revisions"}],"predecessor-version":[{"id":8745,"href":"https:\/\/citrothello.net\/blog\/wp-json\/wp\/v2\/posts\/5559\/revisions\/8745"}],"wp:featuredmedia":[{"embeddable":true,"href":"https:\/\/citrothello.net\/blog\/wp-json\/wp\/v2\/media\/5560"}],"wp:attachment":[{"href":"https:\/\/citrothello.net\/blog\/wp-json\/wp\/v2\/media?parent=5559"}],"wp:term":[{"taxonomy":"category","embeddable":true,"href":"https:\/\/citrothello.net\/blog\/wp-json\/wp\/v2\/categories?post=5559"},{"taxonomy":"post_tag","embeddable":true,"href":"https:\/\/citrothello.net\/blog\/wp-json\/wp\/v2\/tags?post=5559"}],"curies":[{"name":"wp","href":"https:\/\/api.w.org\/{rel}","templated":true}]}}